{"id":2235,"date":"2010-03-15T18:16:12","date_gmt":"2010-03-15T21:16:12","guid":{"rendered":"http:\/\/www.ultimobaile.com\/?p=2235"},"modified":"2025-12-24T13:02:58","modified_gmt":"2025-12-24T16:02:58","slug":"ivan-o-terrivel-sepultador-de-rios","status":"publish","type":"post","link":"https:\/\/www.ultimobaile.com\/?p=2235","title":{"rendered":"Ivan, o terr\u00edvel sepultador de rios"},"content":{"rendered":"<p style=\"text-align: justify;\">\n<div id=\"attachment_2236\" style=\"width: 610px\" class=\"wp-caption aligncenter\"><img loading=\"lazy\" decoding=\"async\" aria-describedby=\"caption-attachment-2236\" class=\"size-full wp-image-2236\" title=\"Vista_da_Rua_Aurora_grd\" src=\"https:\/\/www.ultimobaile.com\/wp-content\/uploads\/2010\/03\/Vista_da_Rua_Aurora_grd.jpg\" alt=\"para Ivan de Carvalho, Salvador n\u00e3o pode ter orlas fluviais assim...\" width=\"600\" height=\"400\" srcset=\"https:\/\/www.ultimobaile.com\/wp-content\/uploads\/2010\/03\/Vista_da_Rua_Aurora_grd.jpg 600w, https:\/\/www.ultimobaile.com\/wp-content\/uploads\/2010\/03\/Vista_da_Rua_Aurora_grd-300x200.jpg 300w\" sizes=\"auto, (max-width: 600px) 100vw, 600px\" \/><p id=\"caption-attachment-2236\" class=\"wp-caption-text\">para Ivan de Carvalho, Salvador n\u00e3o pode ter orlas fluviais assim...<\/p><\/div>\n<p style=\"text-align: justify;\">Embora <strong>Victor Hugo Soares<\/strong> seja talentos\u00edssimo, correto eticamente, e cordato, ainda n\u00e3o inseriu seu blog nas hostes do anti-jornalismo. Ignora sistematicamente coment\u00e1rios de leitores. Frequenta pouco outros blogs. N\u00e3o modera os coment\u00e1rios, cuja aprova\u00e7\u00e3o ali\u00e1s \u00e9 autom\u00e1tica. Etc.<\/p>\n<p style=\"text-align: justify;\">Por fim, <a href=\"http:\/\/bahiaempauta.com.br\/2010\/03\/ivan-de-carvalho-inga-quebra-lancas-com-moradores-do-imbui-em-defesa-de-um-rio-esgoto\/\" target=\"_blank\">d\u00e1 vez e voz a figuras senis como Ivan de Carvalho<\/a>:<\/p>\n<blockquote>\n<p style=\"text-align: justify;\">Desde a \u201coutorga\u201d para a realiza\u00e7\u00e3o da obra [do canal do Imbu\u00ed], o Ing\u00e1 vem impondo condi\u00e7\u00f5es que t\u00eam criado \u00e0 prefeitura dificuldades e perda de tempo em busca de solu\u00e7\u00f5es que atendam \u00e0s exig\u00eancias do \u00f3rg\u00e3o estadual, aparentemente preocupado em \u201csalvar\u201d uma meia d\u00fazia de piabas e duas ou tr\u00eas sucuris que vivem ou viviam nas \u00e1guas do esgoto e da lagoa \u00e0 qual d\u00e1 vaz\u00e3o. A\u00ed exigiu tr\u00eas respiradouros! E levantou mais algumas quest\u00f5es pra impressionar quem acredita em Papai Noel.<\/p>\n<p style=\"text-align: justify;\">Ah, o Ing\u00e1 tamb\u00e9m salvaria os milhares de ratos, milh\u00f5es de baratas e, talvez, uma centena de sapos que ainda conseguem sobreviver \u00e0 \u00e1gua imunda e fedorenta com a qual a Empresa Baiana de \u00c1guas e Saneamento (Embasa) jamais manifestou preocupa\u00e7\u00e3o, ainda que fosse em considera\u00e7\u00e3o \u00e0 sa\u00fade e aos 80 mil a 100 mil narizes dos moradores do bairro e a milhares de outros que passam por l\u00e1 em tr\u00e2nsito, pela Avenida Jorge Amado e adjac\u00eancias.<\/p>\n<\/blockquote>\n<p style=\"text-align: justify;\">No trecho acima, como se pode notar, Ivan de Carvalho omite dos seus leitores, e talvez de si pr\u00f3prio, o fato de que o Rio Casc\u00e3o est\u00e1 em avan\u00e7ado estado de despolui\u00e7\u00e3o. Nacionalmente, s\u00f3 fica atr\u00e1s do Rio das Velhas, em Belo Horizonte, Minas Gerais.<\/p>\n<p style=\"text-align: justify;\">Ivan de Carvalho \u00a0escreve no <a href=\"https:\/\/www.ultimobaile.com\/?p=1826\" target=\"_blank\">Tribuna da Bahia, que publicou coluna de Alex Ferraz sobre uso de bicicletas em cidade sem que o autor tenha a menor id\u00e9ia do que falava<\/a>. Ambos exercem o jornalismo com g\u00e1udio e fragor. Jornalismo, como se sabe, \u00e9 a atividade de sistematicamente desinformar uma grande massa de pessoas que pagam por isso.<\/p>\n<p style=\"text-align: justify;\">E jornalista \u00e9 o sujeito que n\u00e3o sabendo nada sobre coisa alguma, acha que pode falar sobre absolutamente tudo. \u00c9 a consagra\u00e7\u00e3o do que Niemeyer chamava de &#8220;besteira dita com ar de coisa s\u00e9ria&#8221;.<\/p>\n<p style=\"text-align: justify;\">Ivan, o terr\u00edvel, continua:<\/p>\n<blockquote>\n<p style=\"text-align: justify;\">Cumpre esclarecer outra vez \u2013 pois j\u00e1 fiz isto antes \u2013 que piabas e sucuris n\u00e3o s\u00e3o animais em extin\u00e7\u00e3o, da mesma forma que ratos, baratas e mosquitos de variadas esp\u00e9cies, especialmente muri\u00e7ocas. E que n\u00e3o \u00e9 o Ing\u00e1, mas o CRA, o \u00f3rg\u00e3o estadual respons\u00e1vel pela preserva\u00e7\u00e3o de esp\u00e9cies em extin\u00e7\u00e3o.<\/p>\n<p style=\"text-align: justify;\">O Ing\u00e1 exige \u2013 e quer saber hoje da prefeitura e da construtora se isso est\u00e1 sendo obedecido \u2013 que as placas com as quais o rio-esgoto a c\u00e9u aberto est\u00e1 sendo coberto e os equipamentos que transforma\u00e7\u00e3o a \u00e1rea em espa\u00e7o de lazer s\u00e3o remov\u00edveis. Para que sejam removidos quando as bacias de capta\u00e7\u00e3o, as lagoas e o rio-esgoto forem resgatados \u00e0 polui\u00e7\u00e3o absoluta em que est\u00e3o. O que ocorrer\u00e1 na d\u00e9cada ou no s\u00e9culo em que a Embasa resolver fazer isto.<\/p>\n<\/blockquote>\n<p style=\"text-align: justify;\">Oh, Ivanzinho&#8230;! O Ingazinho n\u00e3o quer proteger as piabinhas n\u00e3o&#8230;<\/p>\n<p style=\"text-align: justify;\">O Ing\u00e1 quer proteger a popula\u00e7\u00e3o do Imbu\u00ed de uma instabilidade microclim\u00e1tica que a retirada de manaciais de \u00e1gua pode causar. Presen\u00e7a de \u00e1gua corrente impede ondas de calor e aumenta a brisa.<\/p>\n<p style=\"text-align: justify;\">Acho gra\u00e7a: no governo C\u00e9sar Borges se come\u00e7ou a despolui\u00e7\u00e3o do Dique do Toror\u00f3. Medida correta e louv\u00e1vel &#8211; ningu\u00e9m falou mal. Como \u00e9 o Ing\u00e1, de Jaques Wagner, num canal do Imbu\u00ed, t\u00e1 errado. Certo est\u00e1 um Prefeito que n\u00e3o tem nenhum planejamento urbano para uma capital que ele trata como se fosse um entroncamento rodovi\u00e1rio com vista pro mar.<\/p>\n<p style=\"text-align: justify;\">Mas, n\u00e3o se engane leitor, tudo pode piorar:<\/p>\n<blockquote>\n<p style=\"text-align: justify;\">Ora, o Ing\u00e1 deveria ter consci\u00eancia de que quase tudo \u00e9 remov\u00edvel. Se tanto a f\u00e9 quanto as mineradoras removem montanhas, porque seriam eventualmente irremov\u00edveis placas de concreto na cobertura do rio-esgoto e alguns quiosques de alvenaria constru\u00eddos sobre elas? Informa o blog Por Escrito que o Ing\u00e1 pediu e obteve do Conselho Regional de Engenharia e Arquitetura um laudo sobre o \u201ccar\u00e1ter permanente ou tempor\u00e1rio\u201d da cobertura do rio. Ora, at\u00e9 o C\u00e9u e a Terra s\u00e3o tempor\u00e1rios \u2013 \u201cPassar\u00e3o o c\u00e9u a e Terra, mas as minhas palavras n\u00e3o passar\u00e3o\u201d, explicou Jesus (e Ele sabia mais do que Julio, ainda que fosse o Caesar e n\u00e3o o Rocha).<\/p>\n<p style=\"text-align: justify;\">Bem, quando \u00e9 que o Ing\u00e1 vai exigir que seja removida a cobertura do Rio das Tripas, que corre sob a Baixa dos Sapateiros? Ser\u00e1 que, depois de tantas d\u00e9cadas ainda.<\/p>\n<\/blockquote>\n<p style=\"text-align: justify;\">Para-al\u00e9m do argumento acaciano do &#8220;tudo \u00e9 remov\u00edvel&#8221; (n\u00e3o se trata apenas de remover as placas de concreto, mas de remover com facilidade; e de serem transparentes porque luz do sol ajuda a recuperar vida vegetal e animal de rios, e permite que se veja, de fora, se a vida voltou a existir), e do apelo a &#8220;sabedoria do cristianismo&#8221; (sabedoria, como se sabe, escravocrata e masoquista), fiquemos com o \u00faltimo par\u00e1grafo.<\/p>\n<p style=\"text-align: justify;\">Falamos da despolui\u00e7\u00e3o do Dique do Toror\u00f3. Que recebe \u00e1gua do Rio das Tripas sepultado por Jos\u00e9 Joaquim Seabra na avenida que leva o nome deste ex-governador. Qual seria a \u00faltima etapa da despolui\u00e7\u00e3o do Dique, dentro do Programa Bahia Azul do primeiro governo Paulo Souto? &#8211; precisamente, despoluir e revitalizar as \u00e1guas que correm no vale da barroquinha&#8230;<\/p>\n<p style=\"text-align: justify;\">Mas sabemos, nesse neo-carlismo fashion de Ivan, o terr\u00edvel, Paulo Souto pode. Jaques Wagner, n\u00e3o pode.<\/p>\n<p style=\"text-align: justify;\">Quando v\u00e3o revitalizar o Rio das Tripas? Breve, espero! O micro-clima do centro atingo melhorar\u00e1 muito, e a popula\u00e7\u00e3o agradecer\u00e1. O Rio das Velhas passa no centro de Belo Horizonte, tamb\u00e9m est\u00e1 sepultado desde o s\u00e9culo XIX, e deve passar por des-sepultamento em breve. Sob ordens do Governador A\u00e9cio Neves. Minas pode; Salvador, coitada, a capital vira-lata, n\u00e3o pode. Nada pode. Ponte n\u00e3o pode, bicicleta n\u00e3o pode.<\/p>\n<p style=\"text-align: justify;\">Pode invejar Recife. Que tem a bela orla de rio na foto acima. Mas s\u00f3 invejar. Tentar se aproximar do modelo que faz de Recife a potencia que ela \u00e9? N\u00e3o, isso n\u00e3o pode. Mas reclamar de que ningu\u00e9m tenta fazer pela Bahia o que se faz com Pernambuco? &#8211; ah, isso Ivanzinho reclama&#8230;<\/p>\n","protected":false},"excerpt":{"rendered":"<p>Embora Victor Hugo Soares seja talentos\u00edssimo, correto eticamente, e cordato, ainda n\u00e3o inseriu seu blog nas hostes do anti-jornalismo. Ignora sistematicamente coment\u00e1rios de leitores. Frequenta pouco outros blogs. N\u00e3o modera os coment\u00e1rios, cuja aprova\u00e7\u00e3o ali\u00e1s \u00e9 autom\u00e1tica. Etc. Por fim, d\u00e1 vez e voz a figuras senis como Ivan de [&hellip;]<\/p>\n","protected":false},"author":2,"featured_media":0,"comment_status":"closed","ping_status":"open","sticky":false,"template":"","format":"standard","meta":{"footnotes":""},"categories":[919,9],"tags":[20,1328,1325,1327,1326,140,1277,1323,15,1324],"class_list":["post-2235","post","type-post","status-publish","format-standard","hentry","category-01flanar","category-01viver","tag-bahia","tag-canal","tag-despoluicao","tag-imbui","tag-inga","tag-jaques-wagner","tag-joao-henrique-de-barradas-carneiro","tag-rios-urbanos","tag-salvador","tag-sepultamento"],"_links":{"self":[{"href":"https:\/\/www.ultimobaile.com\/index.php?rest_route=\/wp\/v2\/posts\/2235","targetHints":{"allow":["GET"]}}],"collection":[{"href":"https:\/\/www.ultimobaile.com\/index.php?rest_route=\/wp\/v2\/posts"}],"about":[{"href":"https:\/\/www.ultimobaile.com\/index.php?rest_route=\/wp\/v2\/types\/post"}],"author":[{"embeddable":true,"href":"https:\/\/www.ultimobaile.com\/index.php?rest_route=\/wp\/v2\/users\/2"}],"replies":[{"embeddable":true,"href":"https:\/\/www.ultimobaile.com\/index.php?rest_route=%2Fwp%2Fv2%2Fcomments&post=2235"}],"version-history":[{"count":3,"href":"https:\/\/www.ultimobaile.com\/index.php?rest_route=\/wp\/v2\/posts\/2235\/revisions"}],"predecessor-version":[{"id":4286,"href":"https:\/\/www.ultimobaile.com\/index.php?rest_route=\/wp\/v2\/posts\/2235\/revisions\/4286"}],"wp:attachment":[{"href":"https:\/\/www.ultimobaile.com\/index.php?rest_route=%2Fwp%2Fv2%2Fmedia&parent=2235"}],"wp:term":[{"taxonomy":"category","embeddable":true,"href":"https:\/\/www.ultimobaile.com\/index.php?rest_route=%2Fwp%2Fv2%2Fcategories&post=2235"},{"taxonomy":"post_tag","embeddable":true,"href":"https:\/\/www.ultimobaile.com\/index.php?rest_route=%2Fwp%2Fv2%2Ftags&post=2235"}],"curies":[{"name":"wp","href":"https:\/\/api.w.org\/{rel}","templated":true}]}}