{"id":2227,"date":"2010-03-13T10:27:12","date_gmt":"2010-03-13T13:27:12","guid":{"rendered":"http:\/\/www.ultimobaile.com\/?p=2227"},"modified":"2025-12-24T13:02:58","modified_gmt":"2025-12-24T16:02:58","slug":"rifam-se-estados","status":"publish","type":"post","link":"https:\/\/www.ultimobaile.com\/?p=2227","title":{"rendered":"Rifam-se Estados"},"content":{"rendered":"<p style=\"text-align: justify;\">\n<div id=\"attachment_2229\" style=\"width: 310px\" class=\"wp-caption alignleft\"><img loading=\"lazy\" decoding=\"async\" aria-describedby=\"caption-attachment-2229\" class=\"size-full wp-image-2229\" title=\"Imperador\" src=\"https:\/\/www.ultimobaile.com\/wp-content\/uploads\/2010\/03\/Imperador.jpg\" alt=\"O \u00fanico governante do Brasil que nunca rifou a Bahia, o Maranh\u00e3o ou Minas Gerais.\" width=\"300\" height=\"379\" srcset=\"https:\/\/www.ultimobaile.com\/wp-content\/uploads\/2010\/03\/Imperador.jpg 300w, https:\/\/www.ultimobaile.com\/wp-content\/uploads\/2010\/03\/Imperador-237x300.jpg 237w\" sizes=\"auto, (max-width: 300px) 100vw, 300px\" \/><p id=\"caption-attachment-2229\" class=\"wp-caption-text\">O \u00fanico governante do Brasil que nunca rifou a Bahia, o Maranh\u00e3o ou Minas Gerais.<\/p><\/div>\n<p style=\"text-align: justify;\">Bahia, Maranh\u00e3o e Minas Gerais s\u00e3o historicamente estados que o poder central leva a t\u00e1bua de sacrif\u00edcio, se preciso for. A tradi\u00e7\u00e3o vem de longe, e remonta mesmo a Independ\u00eancia. Desde 1821, sabe-se que a Bahia havia declarado guerra ao Governo Geral Portugu\u00eas de Lu\u00eds Ant\u00f4nio Madeira de Melo, o Madeira-Podre. Dado o grito do Ipiranga, em setembro de 1822, Dom Pedro I leva mais de seis meses para mandar pra c\u00e1 generais ingleses e franceses para nos ajudarem a vencer a guerra.<\/p>\n<p style=\"text-align: justify;\">\n<p style=\"text-align: justify;\">E em nada ajudaram. A hist\u00f3ria conta que Gal. Labatut mandou tocar retirada e, por n\u00e3o obedecer e tocar &#8220;avan\u00e7ar cavalaria&#8221;, \u00e9 que o Corneteiro Lopez nos levou a vit\u00f3ria nas Colinas de Piraj\u00e1. Se o pre\u00e7o de um Brasil independente fosse a Bahia, o primeiro imperador entregaria de bandeja e sorrindo.<\/p>\n<p style=\"text-align: justify;\">Como quase entregou o Maranh\u00e3o. O Monarca s\u00f3 mandou tropas para S\u00e3o Lu\u00eds, lideradas por Lord Cochrane, quando viu a Bahia vencer &#8211; sozinha! &#8211; Madeira de Melo. Pese-se que a elite maranh\u00e3ense talvez seja a mais sangue-suga. Diferente da elite bahiana, que bancou a guerra (e estamos falando das mais variadas elites: da mineradora de Caetit\u00e9, a decadente a\u00e7ucareira do Rec\u00f4ncavo, dos fumageiros, dos pequenos comerciantes de Feira de Santana e da nescente industria cacaueira do sul do estado), a elite do Maranh\u00e3o fez corpo mole e se colocou ao lado das tropas lusas. Foi uma independ\u00eancia dada, ou imposta, e n\u00e3o conquistada como a da Bahia. O que muito diz respeito a diferen\u00e7a que h\u00e1 nos d\u00edpticos sarneyzismo X anti-sarneyzismo &amp; carlismo X anti-carlismo.<\/p>\n<p style=\"text-align: justify;\">Minas foi relegada a segundo plano at\u00e9 meados do Segundo Reinado, o que lhe deu sua capacidade de auto-governo, aut\u00f3ctone, que \u00e9 sua marca at\u00e9 hoje.<\/p>\n<p style=\"text-align: center;\"><strong>* * *<\/strong><\/p>\n<blockquote>\n<p style=\"text-align: right;\"><em>&#8220;O futuro do Brasil passa pelo desenvolvimento do Maranh\u00e3o&#8221;<\/em><\/p>\n<p style=\"text-align: right;\"><em>Celso Furtado<\/em><\/p>\n<\/blockquote>\n<p style=\"text-align: justify;\"><em><strong>Esse imenso Maranh\u00e3o, chamado Brasil<\/strong><\/em><\/p>\n<p style=\"text-align: justify;\"><a href=\"https:\/\/www.ultimobaile.com\/?p=1064\" target=\"_blank\">Um dos pre\u00e7os da estabilidade do segundo Governo Lula foi o sacrif\u00edcio do estado mais pobre do pa\u00eds, o Maranh\u00e3o<\/a>. Pobre de grana, e de ganas. &#8220;A Bahia, sem sangue&#8221;, diz uma escritora portuguesa contempor\u00e2nea &#8211; isto \u00e9: culin\u00e1ria id\u00eantica, mas sem dend\u00ea; hist\u00f3ria pol\u00edtica id\u00eantica, mas sem revolta. Contudo, culturalmente riqu\u00edssimo.<\/p>\n<p style=\"text-align: justify;\">S\u00e3o Lu\u00eds recebe todos os anos, no m\u00eas de junho, Bumba-Bois vindo de todas as regi\u00f5es do estado (em pelo menos quatro estilos musico-coreogr\u00e1ficos d\u00edspares), e \u00e0s vezes at\u00e9 mesmo do Piau\u00ed e Par\u00e1. N\u00e3o conhe\u00e7o capital no Brasil que t\u00e3o altivamente cumpre sua fun\u00e7\u00e3o de capital: de representar a unidade da diversidade de regi\u00f5es de seu imenso estado.<\/p>\n<p style=\"text-align: justify;\">Para n\u00f3s, de Salvador, \u00e9 um tapa com luva de pelica: mais isolada do que a Pen\u00ednsula Reconvexa, S\u00e3o Lu\u00eds nunca virou as costas ao interior de seu estado. Salvador levou d\u00e9cadas como uma Capital Autista (que na pr\u00e1tica ali\u00e1s nem capital era, dado que a sede do governo ficava no acesso norte da cidade, o Centro Administrativo da Bahia, e n\u00e3o em seu centro).<\/p>\n<p style=\"text-align: justify;\">Assim, o pa\u00eds dependeria do Maranh\u00e3o para refor\u00e7ar, modificar, melhorar sua identidade e unidade nacional.<\/p>\n<p style=\"text-align: justify;\">Mas o relega. O que fez Lula de 2006 pra c\u00e1? deixou o governo de Jackson Lago (uma esp\u00e9cie de Waldir Pires do norte) morrer a m\u00edngua, blindou Jos\u00e9 Sarney, se amigou com Roseana depois de ela ter ganho no tapet\u00e3o a menos de um ano e meio do fim do mandato.<\/p>\n<p style=\"text-align: justify;\">E o <a href=\"http:\/\/terramagazine.terra.com.br\/interna\/0,,OI4310565-EI6578,00.html\" target=\"_blank\">Maranh\u00e3o ser\u00e1 rifado de novo para eleger Dilma Rousseff.<\/a> E, diferentemente da Bahia (que conta com Paulo Souto de um lado, e Waldir Pires do outro) e de Minas Gerais (que conta com A\u00e9cio Neves), o fr\u00e1gil primo-pobre n\u00e3o tem como se proteger da sanha do quem-d\u00e1-mais.<\/p>\n<p style=\"text-align: center;\"><strong>* * *<\/strong><\/p>\n<p style=\"text-align: justify;\">A\u00e9cio conseguiu conter a rifa de Minas Gerais desde 2002. Ali\u00e1s, se elegeu com este discurso &#8211; para desatrelar o PSDB de Minas do que foi a Era FHC (Minas foi o estado mais prejudicado por FHC, por conta da venda, digo doa\u00e7\u00e3o, da Vale).<\/p>\n<p style=\"text-align: justify;\">N\u00e3o se pense contudo que a sanha rifadeira sobre o Estado das Gerais se d\u00ea apenas a direita. Se Serra faz de tudo, inutilmente, para constranger o neto de Tancredo, Lula \u00e9 capaz de suprimir um nome brilhante como Patrus Ananias para apoiar H\u00e9lio Costa &#8211; ou, menos mal, optar pelo centr\u00e3o de Jos\u00e9 Alencar (e a\u00ed levando pouco em conta a idade e sa\u00fade de algu\u00e9m que lhe tem sido um fiel escudeiro. Lula definitivamente n\u00e3o tem escr\u00fapulos).<\/p>\n<p style=\"text-align: center;\"><strong>* * *<\/strong><\/p>\n<p style=\"text-align: justify;\">Na Bahia, o leil\u00e3o Lulista quer enfiar goela-abaixo do eleitor anti-carlista (aquele que n\u00e3o rejeita o nome de Paulo Souto por ver nele a primeira derrota, interna, de ACM) C\u00e9sar Borges. Espancador de adolescentes em campus federal, grampeador-mor da Rep\u00fablica, com quem o estado diminuiu de tamanho quando o governou.<\/p>\n<p style=\"text-align: justify;\">N\u00e3o creio que uma alian\u00e7a Jaques Wagner &#8211; C\u00e9sar Borges seja poss\u00edvel: ambos sabem que n\u00e3o apenas n\u00e3o agregam voto ao outro ou a si, como a presen\u00e7a do outro lhe tira votos. C\u00e9sar perde votos se aparece com Wagner; Wagner perde votos se aparece com C\u00e9sar. E n\u00e3o se trata aqui de purismo: sou plenamente a favor que se coopte parte da direita carlista, que era t\u00e9cnica e n\u00e3o-tir\u00e2nica, para os lados da reconstru\u00e7\u00e3o democr\u00e1tica. Isso foi feito com Antonio Imbassahy, pode ser feito com Otto Alencar e mesmo com Paulo Souto n\u00e3o seria estranho. Com C\u00e9sar, n\u00e3o! Como diz uma lend\u00e1ria picha\u00e7\u00e3o no Bairro da Gra\u00e7a, na esquina das ruas Orlando Gomes e Da Paz: &#8220;Chega de c\u00e9sares!&#8217;.<\/p>\n<p style=\"text-align: justify;\">Reproduzo abaixo coment\u00e1rio preciso que apareceu no <strong>Terra Magazine<\/strong> e <a href=\"http:\/\/bahiaempauta.com.br\/2010\/03\/inacio-gomes-pragmatismo-e-palavra-da-moda-no-vale-tudo-da-politica\/\" target=\"_blank\">Victor Hugo Soares transformou em post no seu blog<\/a>:<\/p>\n<blockquote>\n<p style=\"margin-top: 10px; margin-right: 0px; margin-bottom: 0px; margin-left: 0px; text-align: justify; padding: 0px;\"><strong>NO ALTAR PAG\u00c3O DO PRAGMATISMO<\/strong><\/p>\n<p style=\"margin-top: 10px; margin-right: 0px; margin-bottom: 0px; margin-left: 0px; text-align: justify; padding: 0px;\"><strong>In\u00e1cio Gomes<\/strong><\/p>\n<p style=\"margin-top: 10px; margin-right: 0px; margin-bottom: 0px; margin-left: 0px; text-align: justify; padding: 0px;\">Pragmatismo \u00e9 a palavra da moda no Brasil de hoje. N\u00e3o se denuncia e submete a julgameto o torturador do passado para n\u00e3o se comprometer a governabilidade.\u00c8 pragmatimo. Os que est\u00e3o nos palacios fecham as janelas para que a seu ouvidos n\u00e3o chege os gritos dos torturados e as palvara de ordem da mocidade do passado dizendo que \u201co povo unido jamais ser\u00e1 vencido\u201d.<\/p>\n<p style=\"margin-top: 10px; margin-right: 0px; margin-bottom: 0px; margin-left: 0px; text-align: justify; padding: 0px;\">Para se manterem no poder as allian\u00e7as mais esp\u00farias s\u00e3o construidas. Tudo em nome do Pragmatismo. N\u00e3o sou sectario. A participa\u00e7\u00e3o de Otto Alencar na chapa de senador \u00e9 comprensivel. Carlista no passado nunca ordenou a repressa\u00f5 policial aos movimentos populares e estudantis. Ser\u00e1 , nete caso,uma allian\u00e7a para constru\u00e7\u00e3o de um novo momento na Bahia.<\/p>\n<p style=\"margin-top: 10px; margin-right: 0px; margin-bottom: 0px; margin-left: 0px; text-align: justify; padding: 0px;\">Agora, querer fazer o eleitorado democratico engulir guela \u00e1 baixo um cesar borges \u2013 aquele que ordenu a ocupa\u00e7\u00e3o do campus universitario de ilnstala\u00e7\u00f5es do hospital universit\u00e1rio para repelir violentamente movimento estudantil democratico -\u00e9, me permita repetir, o gigantimo do pragmatismo .<\/p>\n<p style=\"margin-top: 10px; margin-right: 0px; margin-bottom: 0px; margin-left: 0px; text-align: justify; padding: 0px;\">\u00c9 um tapa na cara dos que lutaram contra a ditadura e,ainda, est\u00e3o vivos. \u00c8 desrespeitar a sepultura do mortos. Governador , pragmatico V.Excia.ser\u00e1 se homenajeando o passado e olhando para o futuro convidar Waldyr ou Lidice para compor a chapa que a seu lado ser\u00e1 a continua\u00e7\u00e3o do seu din\u00e2mico gverno.<\/p>\n<p style=\"margin-top: 10px; margin-right: 0px; margin-bottom: 0px; margin-left: 0px; text-align: justify; padding: 0px;\">Certas hora eu chego a imaginar que na Bahia a Sindrome de Estocomo foi substituida, em alguns casos, por uma rela\u00e7\u00e3o sado masoqista, saudosa, entre torturado e torturador. Tudo no altar pag\u00e3o do Pragmatismo.<\/p>\n<\/blockquote>\n<p style=\"text-align: justify;\">No que In\u00e1cio Gomes se engana \u00e9 que n\u00e3o \u00e9 a Bahia que sofre de S\u00edndrome de Estocolmo. Essa alian\u00e7a C\u00e9sar X Wagner n\u00e3o interessa a C\u00e9sar ou a Wagner, ou a Paulo Souto, e talvez nem mesmo a Geddel. Interessa a Lula. A &#8220;Governabilidade de Dilma Rousseff&#8221;. Como se Waldir Pires, ou Roberto Santos, n\u00e3o representassem uma governabilidade melhor e maior, e sem fisiologismos &#8211; t\u00e3o boa quanto ser\u00e1 a que o futuro Senador A\u00e9cio Neves lhe garantir\u00e1; t\u00e3o boa quanto o Governador da oposi\u00e7\u00e3o, A\u00e9cio Neves, garantiu a Lula em plena crise de 2006.<\/p>\n<p style=\"text-align: justify;\">O custo de eleger Dilma pode ser qualquer um, para Lula. Foi a reelei\u00e7\u00e3o do pior Prefeito de Capital do pa\u00eds. Pode ser ficar em cima do muro entre Geddel e Wagner (isto \u00e9: entre a pior caricatura da pol\u00edtica velha, e um dos melhores nomes da nova pol\u00edtica). Pode ser fazer o carlismo voltar (como zumbi, porque est\u00e1 morto). Se pre\u00e7o da Rep\u00fablica \u00e9 a Bahia, tudo vale &#8211; <em>Delenta Est Canudos<\/em>.<\/p>\n","protected":false},"excerpt":{"rendered":"<p>Bahia, Maranh\u00e3o e Minas Gerais s\u00e3o historicamente estados que o poder central leva a t\u00e1bua de sacrif\u00edcio, se preciso for. A tradi\u00e7\u00e3o vem de longe, e remonta mesmo a Independ\u00eancia. Desde 1821, sabe-se que a Bahia havia declarado guerra ao Governo Geral Portugu\u00eas de Lu\u00eds Ant\u00f4nio Madeira de Melo, o [&hellip;]<\/p>\n","protected":false},"author":2,"featured_media":0,"comment_status":"closed","ping_status":"open","sticky":false,"template":"","format":"standard","meta":{"footnotes":""},"categories":[9],"tags":[1321,20,279,1322,1317,821,1320,140,198,61,385,1318,1319,60,147],"class_list":["post-2227","post","type-post","status-publish","format-standard","hentry","category-01viver","tag-aecio-neves","tag-bahia","tag-cesar-borges","tag-dilma-rousseff","tag-dom-pedro-ii","tag-eleicoes-2010","tag-inacio-gomes","tag-jaques-wagner","tag-lula","tag-maranhao","tag-minas-gerais","tag-pedro-i","tag-republica","tag-sao-luis","tag-waldir-pires"],"_links":{"self":[{"href":"https:\/\/www.ultimobaile.com\/index.php?rest_route=\/wp\/v2\/posts\/2227","targetHints":{"allow":["GET"]}}],"collection":[{"href":"https:\/\/www.ultimobaile.com\/index.php?rest_route=\/wp\/v2\/posts"}],"about":[{"href":"https:\/\/www.ultimobaile.com\/index.php?rest_route=\/wp\/v2\/types\/post"}],"author":[{"embeddable":true,"href":"https:\/\/www.ultimobaile.com\/index.php?rest_route=\/wp\/v2\/users\/2"}],"replies":[{"embeddable":true,"href":"https:\/\/www.ultimobaile.com\/index.php?rest_route=%2Fwp%2Fv2%2Fcomments&post=2227"}],"version-history":[{"count":7,"href":"https:\/\/www.ultimobaile.com\/index.php?rest_route=\/wp\/v2\/posts\/2227\/revisions"}],"predecessor-version":[{"id":4287,"href":"https:\/\/www.ultimobaile.com\/index.php?rest_route=\/wp\/v2\/posts\/2227\/revisions\/4287"}],"wp:attachment":[{"href":"https:\/\/www.ultimobaile.com\/index.php?rest_route=%2Fwp%2Fv2%2Fmedia&parent=2227"}],"wp:term":[{"taxonomy":"category","embeddable":true,"href":"https:\/\/www.ultimobaile.com\/index.php?rest_route=%2Fwp%2Fv2%2Fcategories&post=2227"},{"taxonomy":"post_tag","embeddable":true,"href":"https:\/\/www.ultimobaile.com\/index.php?rest_route=%2Fwp%2Fv2%2Ftags&post=2227"}],"curies":[{"name":"wp","href":"https:\/\/api.w.org\/{rel}","templated":true}]}}