{"id":2217,"date":"2010-03-08T17:26:44","date_gmt":"2010-03-08T20:26:44","guid":{"rendered":"http:\/\/www.ultimobaile.com\/?p=2217"},"modified":"2025-12-24T13:03:35","modified_gmt":"2025-12-24T16:03:35","slug":"cavalos-toupeiras-dentes","status":"publish","type":"post","link":"https:\/\/www.ultimobaile.com\/?p=2217","title":{"rendered":"Cavalos, toupeiras, dentes"},"content":{"rendered":"<p style=\"text-align: justify;\">\n<div id=\"attachment_2153\" style=\"width: 410px\" class=\"wp-caption aligncenter\"><img loading=\"lazy\" decoding=\"async\" aria-describedby=\"caption-attachment-2153\" class=\"size-full wp-image-2153\" title=\"joao_henrique\" src=\"https:\/\/www.ultimobaile.com\/wp-content\/uploads\/2010\/01\/joao_henrique.jpg\" alt=\"A toupeira que n\u00e3o olho os dentes, e devolveu por isso os cavalos.\" width=\"400\" height=\"515\" srcset=\"https:\/\/www.ultimobaile.com\/wp-content\/uploads\/2010\/01\/joao_henrique.jpg 400w, https:\/\/www.ultimobaile.com\/wp-content\/uploads\/2010\/01\/joao_henrique-233x300.jpg 233w\" sizes=\"auto, (max-width: 400px) 100vw, 400px\" \/><p id=\"caption-attachment-2153\" class=\"wp-caption-text\">Toupeira que n\u00e3o olhou os dentes, e teve os cavalos tomados de volta...<\/p><\/div>\n<p style=\"text-align: justify;\">\u00c9 verdade que os projetos de interven\u00e7\u00e3o urbana entitulados em bloco de <em><strong>Salvador Capital Mundial<\/strong><\/em> n\u00e3o me agradam, salvo exce\u00e7\u00e3o. E \u00e9 verdade que serem doados por empres\u00e1rios do setor \u00e9 suspeito (como diz <a href=\"http:\/\/64.233.163.132\/search?q=cache:cVsPhyF_m0MJ:www.porescrito.com.br\/+carlos+suarez+blog+por+escrito&amp;cd=2&amp;hl=pt-BR&amp;ct=clnk&amp;lr=lang_pt&amp;client=gmail\" target=\"_blank\">o excelente Blog Por Escrito<\/a>, em sua postagem do dia 02 de mar\u00e7o deste ano, \u00e0s 13h e 28min).<\/p>\n<p style=\"text-align: justify;\">Por outro lado, o Brasil tem e teve empres\u00e1rios socialmente engajados, que n\u00e3o visavam com este tipo de empreitada o mero lucro f\u00e1cil. \u00c9 dessa estirpe Jos\u00e9 Mindlin, Norberto Odebrecht, Walther Moreira Salles, Adolfo Bloch.<\/p>\n<p style=\"text-align: justify;\">E, al\u00e9m disso, alguns projetos contavam com a assinatura e a defesa de Marcelo Ferraz &#8211; a quem o t\u00edtulo de &#8220;carroc\u00eantrico&#8221; e &#8220;especulador&#8221; n\u00e3o colam, ele que fez o Bairro Amarelo de Berlim, por exemplo, al\u00e9m do belo e austero pr\u00e9dio anexo ao Museu Rodin Bahia.<\/p>\n<p style=\"text-align: justify;\">Semana passada ficamos todos sabendo que os projetos vem de uma Funda\u00e7\u00e3o sem fins lucrativos, e que n\u00e3o recebe dinheiro do Estado (n\u00e3o \u00e9 uma &#8220;ONG&#8221;, portanto &#8211; est\u00e1 mais para entidade filantr\u00f3pica, nos velhos e melhores termos) encabe\u00e7ada por ningu\u00e9m menos que Carlos Suarez. Amigo de Waldir Pires, e apoiador de seu governo e de suas decis\u00f5es at\u00e9 o \u00faltimo momento.<\/p>\n<p style=\"text-align: justify;\">Soubemos, contudo, da pior forma poss\u00edvel: atrav\u00e9s de uma <a href=\"http:\/\/www.atarde.com.br\/politica\/noticia.jsf?id=1402297\" target=\"_blank\">carta aberta publicada no Jornal A Tarde, em que Carlos Suarez<\/a> retira tais projetos e proibe a Prefeitura de us\u00e1-los, ofendido que est\u00e1 por esta n\u00e3o ter defendido sua contribui\u00e7\u00e3o com a cidade:<\/p>\n<blockquote>\n<p style=\"text-align: justify;\">\u201cExcelent\u00edssimo Senhor prefeito de Salvador, Jo\u00e3o Henrique Barradas Carneiro.<br style=\"clear: both; padding: 0px; margin: 0px;\" \/>Senhor prefeito,\u00a0<br style=\"clear: both; padding: 0px; margin: 0px;\" \/><br style=\"clear: both; padding: 0px; margin: 0px;\" \/>Em 21 de dezembro de 1999 \u2013 portanto muito antes da atual gest\u00e3o de Salvador \u2013 criamos a Funda\u00e7\u00e3o Ba\u00eda Viva. Nosso objetivo sempre foi o de dar nossa contribui\u00e7\u00e3o \u00e0 sociedade de Salvador e \u00e0 Ba\u00eda de Todos-os-Santos, ajudando a aprimorar a qualidade de vida e fomentando novas oportunidades de desenvolvimento. A Funda\u00e7\u00e3o Ba\u00eda Viva \u00e9 custeada exclusivamente com recursos privados e, sob diversos aspectos, constitui-se no sonho de muitos n\u00f3s que entendemos que empres\u00e1rios, empresas e profissionais liberais devem ter um papel ativo de responsabilidade social.<br style=\"clear: both; padding: 0px; margin: 0px;\" \/><br style=\"clear: both; padding: 0px; margin: 0px;\" \/>Foi dentro desse escopo maior, motivados apenas pelo interesse p\u00fablico e sem qualquer tipo de inspira\u00e7\u00e3o outra que n\u00e3o fosse o bem para nossa cidade e seus cidad\u00e3os, que a Funda\u00e7\u00e3o Ba\u00eda Viva liderou a iniciativa \u2013 arcando integralmente com a totalidade dos custos \u2013 de oferecer um projeto visando \u00e0 requalifica\u00e7\u00e3o de parte do trecho de Salvador voltado para a Ba\u00eda de Todos-os-Santos, o que se adequa integralmente aos estatutos de nossa entidade.<br style=\"clear: both; padding: 0px; margin: 0px;\" \/><br style=\"clear: both; padding: 0px; margin: 0px;\" \/>Infelizmente, por\u00e9m, percebemos com tristeza que todo esse trabalho desenvolvido por uma equipe de profissionais baianos, em sua quase totalidade, altamente qualificados, ao longo de meses e doado ao Munic\u00edpio sem qualquer tipo de contrapartida v\u00ea-se agora alvo de questionamentos distorcidos e preconceituosos. Talvez por for\u00e7a de interesses subalternos ou subterr\u00e2neos, o fato \u00e9 que essa iniciativa \u00e9tica, legal e cidad\u00e3, liderada pela Funda\u00e7\u00e3o Ba\u00eda Viva sofreu um tipo de ataque e de questionamento que muito nos decepciona.<\/p>\n<p style=\"text-align: justify;\">(&#8230;)<\/p>\n<p style=\"text-align: justify;\">Desse modo, n\u00e3o nos resta nenhuma outra atitude a n\u00e3o ser a de deixar claro que o projeto da Funda\u00e7\u00e3o Ba\u00eda Viva era apenas o que \u00e9: uma contribui\u00e7\u00e3o desinteressada, transparente e \u00e9tica de um grupo de pessoas que ama Salvador e \u00e9 grata por todas as oportunidades que a cidade lhes proporcionou.<br style=\"clear: both; padding: 0px; margin: 0px;\" \/><br style=\"clear: both; padding: 0px; margin: 0px;\" \/>Para que n\u00e3o paire qualquer d\u00favida em rela\u00e7\u00e3o a esse assunto, solicito a Vossa Excel\u00eancia a devolu\u00e7\u00e3o imediata do projeto apresentado por esta Funda\u00e7\u00e3o, desconsiderando, no todo ou em parte, sob o ponto de vista administrativo, quaisquer das solu\u00e7\u00f5es ali elencadas. Em nome do interesse p\u00fablico, tamb\u00e9m, solicitamos que as sugest\u00f5es apresentadas no projeto n\u00e3o sejam incorporadas de nenhuma forma pela administra\u00e7\u00e3o municipal, seja atrav\u00e9s de seu Plano Diretor, seja por meio de qualquer outro mecanismo legal. Por \u00faltimo, solicitamos atrav\u00e9s da lideran\u00e7a pol\u00edtica de Vossa Excel\u00eancia que as sugest\u00f5es do projeto tamb\u00e9m n\u00e3o sejam alvo de qualquer iniciativa no \u00e2mbito do Legislativo.<br style=\"clear: both; padding: 0px; margin: 0px;\" \/><br style=\"clear: both; padding: 0px; margin: 0px;\" \/>Todas essas solicita\u00e7\u00f5es, al\u00e9m da devolu\u00e7\u00e3o imediata do projeto, tem como prop\u00f3sito deixar claro que n\u00e3o temos qualquer tipo de interesse na implementa\u00e7\u00e3o das medidas, que n\u00e3o somos benefici\u00e1rios diretos ou indiretos das solu\u00e7\u00f5es ali expostas, repito, a partir de estudo t\u00e9cnico feito com absoluta independ\u00eancia por especialistas das mais variadas \u00e1reas e analisado por t\u00e9cnicos do Munic\u00edpio.<\/p>\n<p style=\"text-align: justify;\">(&#8230;)&#8221;<\/p>\n<\/blockquote>\n<p style=\"text-align: justify;\">Por mais que eu n\u00e3o concorde com o modo com que foram feitos os projetos, e com a maior parte de suas propostas, a cidade perdeu uma chance hist\u00f3rica de discutir-se e pensar-se. Mesmo que fosse para, ao fim, rejeitar todas estas id\u00e9ias. Sairiamos disso mais c\u00f4nscios e mais capazes de nos reestruturarmos.<\/p>\n<p style=\"text-align: justify;\">Perdemos essa chance hist\u00f3rica &#8211; e pela segunda vez, j\u00e1 que na discuss\u00e3o do Plano Diretor de Desenvolvimento Urbano ela tamb\u00e9m n\u00e3o aconteceu.<\/p>\n<p style=\"text-align: center;\"><strong>* * *<\/strong><\/p>\n<p style=\"text-align: justify;\">Que faria um Prefeito normal ao receber doa\u00e7\u00e3o de tais projetos? Defend\u00ea-los-ia publicamente, daria transpar\u00eancia, e chamaria ao debate. \u00c9 ali\u00e1s o que <a href=\"http:\/\/terramagazine.terra.com.br\/interna\/0,,OI4302573-EI6578,00.html\" target=\"_blank\">o Governador tem feito em rela\u00e7\u00e3o a Ponte Salvador-Itaparica<\/a>.<\/p>\n<p style=\"text-align: justify;\">Claro que o interesse nos projetos n\u00e3o \u00e9 t\u00e3o isento quando diz Carlos Suarez. Talvez haja interesses de lucro nisso. E da\u00ed?<a href=\"https:\/\/www.ultimobaile.com\/?p=2187\" target=\"_blank\"> O mesmo argumento se usa para impedir a Ponte &#8211; e enquanto isso a especula\u00e7\u00e3o imobili\u00e1ria avan\u00e7a na Avenida Luiz Vianna Filho (Paralela)<\/a>. N\u00e3o h\u00e1 nada demais em empres\u00e1rios querem ter lucro com obras; h\u00e1 algo de errado se esse lucro \u00e9 exorbitante e se as obras s\u00e3o prejudiciais, ao inv\u00e9s de ben\u00e9ficas, e obscuras ao inv\u00e9s de democraticamente debatidas. O que vem acontecendo a duas d\u00e9cadas na Sa\u00edda Norte da capital bahiana, e ningu\u00e9m reclama. E quem haveria-de reclamar, quando surge a possibilidade de reverter o quadro se op\u00f5e. \u00c9 de um idealismo socialista algo juvenil&#8230;<\/p>\n<p style=\"text-align: justify;\">Pois bem, um Prefeito normal faria isso: sustentaria politicamente, n\u00e3o as propostas, mas a possibilidade de debate. O nosso, sabemos, n\u00e3o \u00e9 normal. O que fez ele? Mandou seu menino de recado predileto, Antonio Abreu, Secret\u00e1rio Municipal de Desenvolvimento (?) Urbano, lan\u00e7ar mais uma p\u00e9rola:<\/p>\n<blockquote>\n<p style=\"text-align: justify;\"><strong><a href=\"http:\/\/www.vermelho.org.br\/ba\/noticia.php?id_noticia=123549&amp;id_secao=58\" target=\"_blank\">&#8220;Cavalo dado n\u00e3o se olha os dentes&#8221;<\/a><\/strong><\/p>\n<\/blockquote>\n<p style=\"text-align: justify;\">\u00c9 mais um epis\u00f3dio em que Jo\u00e3o Henrique Carneiro mostra o qu\u00e3o jecamente feirense ele \u00e9, tratando uma capital de 3milh\u00f5es de habitantes e 500 anos de idade como uma vila de interior de beira de estrada. Um entroncamento rodovi\u00e1rio, com vista pro mar, diria Ant\u00f4nio Ris\u00e9rio.<\/p>\n<p style=\"text-align: justify;\">N\u00e3o \u00e9 a primeira p\u00e9rola. Ano passado, ele disse que <a href=\"http:\/\/terramagazine.terra.com.br\/interna\/0,,OI3761981-EI6578,00-Prefeitura+de+Salvador+ameaca+com+desapropriacoes.html\" target=\"_blank\">o pr\u00e9dio art-decor da primeira f\u00e1brica textil do Brasil, a Luiz Tarqu\u00ednio na Ribeira, era menos importante que um campo de futebol de barro<\/a> que nem tem 50 anos&#8230;<\/p>\n<p style=\"text-align: justify;\">Pois bem: cavalo dado se olha os dentes sim, Prefeito. Nem que seja para n\u00e3o desdenhar do presente. Sob risco de o donat\u00e1rio desistir da gra\u00e7a, e tomar os cavalos de volta. Foi o caso.<\/p>\n<p style=\"text-align: justify;\">H\u00e1 quem diga que Carlos Suarez foi inabilidoso politicamente: escolheu se aproximar de um prefeito sabidamente in\u00e9pito, pra n\u00e3o dizer neuropata; n\u00e3o defendeu e n\u00e3o causou tanta transpar\u00eancia a sua empreitada quanto devia, etc. De fato: mas Suarez n\u00e3o \u00e9 pol\u00edtico, \u00e9 empres\u00e1rio. Ele n\u00e3o \u00e9 pago para ter traquejo no discurso e na negocia\u00e7\u00e3o de interesses p\u00fablicos e privados. Quem \u00e9 pago para fazer isso \u00e9 Jo\u00e3o Henrique de Barradas Carneiro &#8211; que, ao que tudo indica, n\u00e3o cumpre a fun\u00e7\u00e3o para que foi eleito.<\/p>\n","protected":false},"excerpt":{"rendered":"<p>\u00c9 verdade que os projetos de interven\u00e7\u00e3o urbana entitulados em bloco de Salvador Capital Mundial n\u00e3o me agradam, salvo exce\u00e7\u00e3o. E \u00e9 verdade que serem doados por empres\u00e1rios do setor \u00e9 suspeito (como diz o excelente Blog Por Escrito, em sua postagem do dia 02 de mar\u00e7o deste ano, \u00e0s [&hellip;]<\/p>\n","protected":false},"author":2,"featured_media":0,"comment_status":"closed","ping_status":"open","sticky":false,"template":"","format":"standard","meta":{"footnotes":""},"categories":[919,9],"tags":[1314,20,1312,568,353,1313,971,582,507,15,1311],"class_list":["post-2217","post","type-post","status-publish","format-standard","hentry","category-01flanar","category-01viver","tag-antonio-abreu","tag-bahia","tag-carlos-seabra-suarez","tag-especulacao-imobiliaria","tag-joao-henrique-barradas-carneiro","tag-marcelo-ferraz","tag-mobilidade","tag-prefeitura","tag-reforma-urbana","tag-salvador","tag-salvador-capital-mundial"],"_links":{"self":[{"href":"https:\/\/www.ultimobaile.com\/index.php?rest_route=\/wp\/v2\/posts\/2217","targetHints":{"allow":["GET"]}}],"collection":[{"href":"https:\/\/www.ultimobaile.com\/index.php?rest_route=\/wp\/v2\/posts"}],"about":[{"href":"https:\/\/www.ultimobaile.com\/index.php?rest_route=\/wp\/v2\/types\/post"}],"author":[{"embeddable":true,"href":"https:\/\/www.ultimobaile.com\/index.php?rest_route=\/wp\/v2\/users\/2"}],"replies":[{"embeddable":true,"href":"https:\/\/www.ultimobaile.com\/index.php?rest_route=%2Fwp%2Fv2%2Fcomments&post=2217"}],"version-history":[{"count":3,"href":"https:\/\/www.ultimobaile.com\/index.php?rest_route=\/wp\/v2\/posts\/2217\/revisions"}],"predecessor-version":[{"id":4289,"href":"https:\/\/www.ultimobaile.com\/index.php?rest_route=\/wp\/v2\/posts\/2217\/revisions\/4289"}],"wp:attachment":[{"href":"https:\/\/www.ultimobaile.com\/index.php?rest_route=%2Fwp%2Fv2%2Fmedia&parent=2217"}],"wp:term":[{"taxonomy":"category","embeddable":true,"href":"https:\/\/www.ultimobaile.com\/index.php?rest_route=%2Fwp%2Fv2%2Fcategories&post=2217"},{"taxonomy":"post_tag","embeddable":true,"href":"https:\/\/www.ultimobaile.com\/index.php?rest_route=%2Fwp%2Fv2%2Ftags&post=2217"}],"curies":[{"name":"wp","href":"https:\/\/api.w.org\/{rel}","templated":true}]}}