{"id":2214,"date":"2010-03-05T17:00:08","date_gmt":"2010-03-05T20:00:08","guid":{"rendered":"http:\/\/www.ultimobaile.com\/?p=2214"},"modified":"2025-12-24T13:03:35","modified_gmt":"2025-12-24T16:03:35","slug":"o-som-das-sextas-xiii","status":"publish","type":"post","link":"https:\/\/www.ultimobaile.com\/?p=2214","title":{"rendered":"O Som das Sextas &#8211; XIII"},"content":{"rendered":"<p style=\"text-align: justify;\">Desde novembro n\u00e3o rola um <em>Som das Sextas<\/em>. Veio dezembro e meu av\u00f4 materno doente, e depois falecendo; veio Phoenix Jazz de Praia do Forte, Carnaval, e f\u00e9rias, em janeiro e fevereiro. N\u00e3o tive, portanto, tempo para me dedicar a s\u00e9rie.<\/p>\n<p style=\"text-align: justify;\">Mas agora volta, mostrando o que de mais novo e melhor se produz em can\u00e7\u00e3o no Nordeste, e especialmente na Bahia durante sua Reforma Cultural (que at\u00e9 pouco tempo cham\u00e1vamos de p\u00f3s-axezismo).<\/p>\n<p style=\"text-align: justify;\"><img loading=\"lazy\" decoding=\"async\" class=\"aligncenter size-full wp-image-2215\" title=\"marcela-bellas\" src=\"https:\/\/www.ultimobaile.com\/wp-content\/uploads\/2010\/03\/marcela-bellas.jpg\" alt=\"marcela-bellas\" width=\"540\" height=\"350\" srcset=\"https:\/\/www.ultimobaile.com\/wp-content\/uploads\/2010\/03\/marcela-bellas.jpg 540w, https:\/\/www.ultimobaile.com\/wp-content\/uploads\/2010\/03\/marcela-bellas-300x194.jpg 300w\" sizes=\"auto, (max-width: 540px) 100vw, 540px\" \/><\/p>\n<p style=\"text-align: justify;\">\n<p style=\"text-align: justify;\">E como amanh\u00e3 no <a href=\"https:\/\/www.ultimobaile.com\/?p=2193\" target=\"_blank\">Espicha Ver\u00e3o (Praia 24h<\/a>, no Porto da Barra, a melhor praia urbana do planeta Terra), s\u00f3 tem samba e \u00e9 em homenagem ao Dia Internacional da Mulher, vai o som de algu\u00e9m que ali\u00e1s n\u00e3o estar\u00e1 l\u00e1 no palco flutuante. Que \u00e9 branquinha &#8211; <a href=\"http:\/\/globonews.globo.com\/Jornalismo\/GN\/0,,MUL1444109-17665-319,00.html\" target=\"_blank\">e j\u00e1 apareceu em bloco inteiro do <\/a><em><a href=\"http:\/\/globonews.globo.com\/Jornalismo\/GN\/0,,MUL1444109-17665-319,00.html\" target=\"_blank\">Studio-i<\/a><\/em><a href=\"http:\/\/globonews.globo.com\/Jornalismo\/GN\/0,,MUL1444109-17665-319,00.html\" target=\"_blank\"> da <\/a><em><a href=\"http:\/\/globonews.globo.com\/Jornalismo\/GN\/0,,MUL1444109-17665-319,00.html\" target=\"_blank\">GloboNews<\/a> &#8211;<\/em>, tem sobrenome ga\u00facho, apesar de ser t\u00e3o bahiana que canta samba em falso ingl\u00eas-relax. Algo assim como &#8220;Topof delirou coconutchi tru\u00ed&#8221;. <strong><a href=\"http:\/\/www.myspace.com\/marcelabellas\" target=\"_blank\">Marcela Bellas<\/a><\/strong>, que <em>Auor Lordi of Gudi-endi<\/em> proteja seu <em>boifrend<\/em>.<\/p>\n<p style=\"text-align: center;\"><object classid=\"clsid:d27cdb6e-ae6d-11cf-96b8-444553540000\" width=\"480\" height=\"385\" codebase=\"http:\/\/download.macromedia.com\/pub\/shockwave\/cabs\/flash\/swflash.cab#version=6,0,40,0\"><param name=\"allowFullScreen\" value=\"true\" \/><param name=\"allowscriptaccess\" value=\"always\" \/><param name=\"src\" value=\"http:\/\/www.youtube.com\/v\/EoOdIJg5Ox4&amp;hl=pt_BR&amp;fs=1&amp;\" \/><param name=\"allowfullscreen\" value=\"true\" \/><embed type=\"application\/x-shockwave-flash\" width=\"480\" height=\"385\" src=\"http:\/\/www.youtube.com\/v\/EoOdIJg5Ox4&amp;hl=pt_BR&amp;fs=1&amp;\" allowscriptaccess=\"always\" allowfullscreen=\"true\"><\/embed><\/object><\/p>\n","protected":false},"excerpt":{"rendered":"<p>Desde novembro n\u00e3o rola um Som das Sextas. Veio dezembro e meu av\u00f4 materno doente, e depois falecendo; veio Phoenix Jazz de Praia do Forte, Carnaval, e f\u00e9rias, em janeiro e fevereiro. N\u00e3o tive, portanto, tempo para me dedicar a s\u00e9rie. Mas agora volta, mostrando o que de mais novo [&hellip;]<\/p>\n","protected":false},"author":2,"featured_media":0,"comment_status":"closed","ping_status":"open","sticky":false,"template":"","format":"standard","meta":{"footnotes":""},"categories":[919,933],"tags":[20,883,1310,511,77,15,47],"class_list":["post-2214","post","type-post","status-publish","format-standard","hentry","category-01flanar","category-o-retorno-da-cancao","tag-bahia","tag-cancao","tag-marcela-bellas","tag-pos-axe","tag-pos-axezismo","tag-salvador","tag-samba"],"_links":{"self":[{"href":"https:\/\/www.ultimobaile.com\/index.php?rest_route=\/wp\/v2\/posts\/2214","targetHints":{"allow":["GET"]}}],"collection":[{"href":"https:\/\/www.ultimobaile.com\/index.php?rest_route=\/wp\/v2\/posts"}],"about":[{"href":"https:\/\/www.ultimobaile.com\/index.php?rest_route=\/wp\/v2\/types\/post"}],"author":[{"embeddable":true,"href":"https:\/\/www.ultimobaile.com\/index.php?rest_route=\/wp\/v2\/users\/2"}],"replies":[{"embeddable":true,"href":"https:\/\/www.ultimobaile.com\/index.php?rest_route=%2Fwp%2Fv2%2Fcomments&post=2214"}],"version-history":[{"count":1,"href":"https:\/\/www.ultimobaile.com\/index.php?rest_route=\/wp\/v2\/posts\/2214\/revisions"}],"predecessor-version":[{"id":2216,"href":"https:\/\/www.ultimobaile.com\/index.php?rest_route=\/wp\/v2\/posts\/2214\/revisions\/2216"}],"wp:attachment":[{"href":"https:\/\/www.ultimobaile.com\/index.php?rest_route=%2Fwp%2Fv2%2Fmedia&parent=2214"}],"wp:term":[{"taxonomy":"category","embeddable":true,"href":"https:\/\/www.ultimobaile.com\/index.php?rest_route=%2Fwp%2Fv2%2Fcategories&post=2214"},{"taxonomy":"post_tag","embeddable":true,"href":"https:\/\/www.ultimobaile.com\/index.php?rest_route=%2Fwp%2Fv2%2Ftags&post=2214"}],"curies":[{"name":"wp","href":"https:\/\/api.w.org\/{rel}","templated":true}]}}