{"id":2199,"date":"2010-02-27T18:21:54","date_gmt":"2010-02-27T21:21:54","guid":{"rendered":"http:\/\/www.ultimobaile.com\/?p=2199"},"modified":"2025-12-24T13:03:35","modified_gmt":"2025-12-24T16:03:35","slug":"pos-carlismo-e-neo-mangabeirismo","status":"publish","type":"post","link":"https:\/\/www.ultimobaile.com\/?p=2199","title":{"rendered":"P\u00f3s-Carlismo \u00c9 Neo-Mangabeirismo"},"content":{"rendered":"<p style=\"text-align: justify;\">\n<div id=\"attachment_2200\" style=\"width: 482px\" class=\"wp-caption aligncenter\"><img loading=\"lazy\" decoding=\"async\" aria-describedby=\"caption-attachment-2200\" class=\"size-full wp-image-2200\" title=\"tropicalssa\" src=\"https:\/\/www.ultimobaile.com\/wp-content\/uploads\/2010\/02\/tropicalssa.jpg\" alt=\"Paulo Souto teme que desapare\u00e7a; mas n\u00e3o foi ele quem tombou...\" width=\"472\" height=\"406\" srcset=\"https:\/\/www.ultimobaile.com\/wp-content\/uploads\/2010\/02\/tropicalssa.jpg 472w, https:\/\/www.ultimobaile.com\/wp-content\/uploads\/2010\/02\/tropicalssa-300x258.jpg 300w\" sizes=\"auto, (max-width: 472px) 100vw, 472px\" \/><p id=\"caption-attachment-2200\" class=\"wp-caption-text\">Paulo Souto teme que desapare\u00e7a; mas n\u00e3o foi ele quem tombou...<\/p><\/div>\n<p style=\"text-align: justify;\"><a href=\"http:\/\/twitter.com\/Paulo_Souto\" target=\"_blank\">O Ex-Governador Paulo Souto, em seu twitter<\/a> hoje, teceu loas &amp; aleluias ao ex-governador Oct\u00e1vio Mangabeira. Fez isso a prop\u00f3sito de uma crise financeira que poderia levar ao fechamento do Tropical Hotel da Bahia &#8211; bel\u00edssimo pr\u00e9dio de Di\u00f3genes Rebou\u00e7as, no Campo Grande, centro de Salvador, e marco do Governo Mangabeira. Veja abaixo:<\/p>\n<blockquote>\n<p style=\"text-align: justify;\"><a href=\"http:\/\/twitter.com\/Paulo_Souto\/status\/9732842557\" target=\"_blank\"><strong>Ot\u00e1vio Mangabeira foi um dos grandes homens p\u00fablicos brasileiros e um not\u00e1vel governador da Bahia. Al\u00e9m de suas qualidades de<\/strong><\/a><\/p>\n<p style=\"text-align: justify;\"><a href=\"http:\/\/twitter.com\/Paulo_Souto\/status\/9733012271\" target=\"_blank\"><strong>&#8220;democrata irredut\u00edvel&#8221; (t\u00edtulo do livro de Paulo Segundo sopbre esse grande baiano), realizou obras marcantes principalmente em Salvador.<\/strong><\/a><\/p>\n<p style=\"text-align: justify;\"><a href=\"http:\/\/twitter.com\/Paulo_Souto\/status\/9733084483\" target=\"_blank\"><strong>O Forum Ruy Barbosa, o Est\u00e1dio da Fonte Nova que depois passou a ter o seu nome, a Av. Ot\u00e1vio Mangabeira(orla) e o Hotel da Bahia s\u00e3o<\/strong><\/a><\/p>\n<p style=\"text-align: justify;\"><strong><a href=\"http:\/\/twitter.com\/Paulo_Souto\/status\/9733229970\" target=\"_blank\">marcos not\u00e1veis do seu governo, bem como a\u00e7\u00f5es transformadoras na educa\u00e7\u00e3o. N\u00e3o podemos deixar que se apaguem. Talvez n\u00e3o tenha sido<\/a><\/strong><\/p>\n<p style=\"text-align: justify;\"><a href=\"http:\/\/twitter.com\/Paulo_Souto\/status\/9733306994\" target=\"_blank\"><strong>poss\u00edvel evitar a demoli\u00e7\u00e3o da Fonte Nova, mas n\u00e3o apenas em homenagem a sua mem\u00f3ria, \u00e9 preciso sair do impasse da orla. E agora vem a<\/strong><\/a><\/p>\n<p style=\"text-align: justify;\"><a href=\"http:\/\/twitter.com\/Paulo_Souto\/status\/9733374375\" target=\"_blank\"><strong>not\u00edcia do fechamento do Hotel da Bahia, outro exemplo da ousadia daquele grande homem p\u00fablico. J\u00e1 se foi o Salvador Praia, duas grandes<\/strong><\/a><strong> (&#8230;)<\/strong><\/p>\n<p style=\"text-align: justify;\"><strong>(&#8230;) p<\/strong><a href=\"http:\/\/twitter.com\/Paulo_Souto\/status\/9734333836\" target=\"_blank\"><strong>ara Salvador. Quem conhece a nossa hist\u00f3ria sabe como \u00e9 importante preservar verdadeiros s\u00edmbolos que marcaram a passagem de homen<\/strong><\/a><strong>s<\/strong><\/p>\n<p style=\"text-align: justify;\"><a href=\"http:\/\/twitter.com\/Paulo_Souto\/status\/9734369245\" target=\"_blank\"><strong>singulares como Ot\u00e1vio Mangabeira.<\/strong><\/a><\/p>\n<\/blockquote>\n<p style=\"text-align: justify;\">Mui reveladora \u00e9 esta atitude do ex-Governador Paulo Souto.<\/p>\n<p style=\"text-align: justify;\">Primeiramente, nunca, enquanto Ant\u00f4nio Carlos Magalh\u00e3es vivo era, ningu\u00e9m de seu grupo ousou falar sequer que existia alguma coisa antes do Carlismo. Era como se a Bahia tivesse sido fundada em 1970: Luiz Vianna Filho? Lomanto Jr? Edgar Santos? &#8211; ilustres desconhecidos.<\/p>\n<p style=\"text-align: justify;\">Era parte da pol\u00edtica de imagem do carlismo tamponar a realidade hist\u00f3rica da Bahia referente a \u00e9poca conhecida como Avant-Gard &#8211; quando o estado ocupou de fato uma proemin\u00eancia pol\u00edtica nacional e est\u00e9tica internacional, com nomes como R\u00f4mulo de Almeida e Glauber Rocha.<\/p>\n<p style=\"text-align: justify;\">N\u00e3o quero com isso dizer que Paulo Souto est\u00e1 sendo oportunista e n\u00e3o \u00e9 um admirador de fato do genial Mangabeira. Acho, inclusive, sua postura sincera e ben\u00e9fica. Pela primeira vez desde 1967 a elei\u00e7\u00e3o estadual vai ser disputada por dois mangabeiristas declarados. Sinal dos tempos! O que acho not\u00e1vel \u00e9 que isso \u00e9 mais uma prova de que o Carlismo n\u00e3o apenas morreu &#8211; virou p\u00f3 a essa altura. O \u00fanico nome do PFL foge de qualquer associa\u00e7\u00e3o de sua imagem com a de ACM &#8211; e se aproxima da ala direita do antigo mangabeirismo.<\/p>\n<p style=\"text-align: justify;\">O consenso bahiano em torno de Mangabeira permitiu, entre 1947 e 1970, a manuten\u00e7\u00e3o de pol\u00edticas de estado de longo prazo, especialmente na \u00e1rea de Cultura (o MAM de Lina Bo Bardi), mesmo quando havia altern\u00e2ncia de poder. Gal. Juracy, de direita, era t\u00e3o cria de Mangabeira quanto o socialista Antonio Balbino &#8211; \u00e9 bom que se lembre.<\/p>\n<p style=\"text-align: justify;\">Se a elei\u00e7\u00e3o de Wagner representa um retorno do recalcado do que foi a Avant-Gard, Paulo Souto embarca com clareza pol\u00edtica e, abra\u00e7ando o antigo mestre de ACM a quem ACM negou, Juracy, se prepara para o futuro. Pena que s\u00f3 tenha 2014 para concorrer novamente a governador. L\u00e1, se L\u00eddice da Mata for vice de Wagner, Paulo Souto ter\u00e1 parcas chances.<\/p>\n<p style=\"text-align: center;\"><strong>* * *<\/strong><\/p>\n<p style=\"text-align: justify;\">No entanto, esta fala de Paulo Souto revela muito mais pelo que omite. Elogia Ot\u00e1vio Mangabeira em nome de proteger sua heran\u00e7a de constru\u00e7\u00f5es, todas elas feitas por Di\u00f3genes Rebou\u00e7as (sabidamente anti-carlista, embora discreto e pol\u00edtico no sentido guimar\u00e3es-rosa do termo). Lamenta a demoli\u00e7\u00e3o da Fonte Nova, mas nada fez sobre isso a tempo de impedir (e <a href=\"https:\/\/www.ultimobaile.com\/?p=1812\" target=\"_blank\">eu alertei aqui que esta sim seria uma boa bandeira da direita bahiana<\/a>: tem apelo popular, moralizante, se baseia num fato e teria efeito financeiramente eleitoral. Mas talvez tamb\u00e9m o PFL dependa do caixa-dois a ser formado com a reconstru\u00e7\u00e3o do est\u00e1dio) &#8211; e ali\u00e1s, omite que ser\u00e1 reconstru\u00eddo a partir da planta-baixa de Di\u00f3genes, e que isso foi uma exig\u00eancia pessoal do Governador Jaques Wagner.<\/p>\n<p style=\"text-align: justify;\">Mais: elogia Mangabeira, mas n\u00e3o cita Juracy ou Antonio Balbino. \u00c9 o mangabeirismo em cima do muro &#8211; sem \u00f4nus. E mais ainda: teme pelo fim do Hotel da Bahia, mas n\u00e3o alerta os seguidores de que seu pr\u00e9dio foi tombado pelo Instituto do Patrim\u00f4nio Art\u00edstico e Cultural do Estado da Bahia (IPAC), no seu recente programa de tombamento do patrim\u00f4nio modernista &#8211; pioneiro, embora siga algo que Minas Gerais, Rio de Janeiro e S\u00e3o Paulo j\u00e1 fazem a d\u00e9cadas. E que Paulo Souto poderia ter feito aqui enquanto governava, mas n\u00e3o fez.<\/p>\n<p style=\"text-align: justify;\">De todas as omiss\u00f5es, a do nome de Di\u00f3genes Rebou\u00e7as em twitts que ao fim defendem sua obra (n\u00e3o apenas f\u00edsica, mas de &#8220;diplomacia urbana&#8221; ao lado do g\u00eanio Ot\u00e1vio Mangabeira) \u00e9 a mais not\u00e1vel. O Carlismo fazia quest\u00e3o de esconder seus t\u00e9cnicos planejadores, especialmente os arquitetos. O P\u00f3lo Petroqu\u00edmico de Cama\u00e7ari vem do desvirtuamento de um projeto de R\u00f4mulo de Almeida &#8211; ali\u00e1s, tamb\u00e9m omitido. E ACM deixou Jo\u00e3o Filgueiras da Gama Lima, Lel\u00e9, por d\u00e9cadas no ostracismo &#8211; logo ele sem quem o Centro Administativo da Bahia n\u00e3o teria sido feito&#8230;<\/p>\n<p style=\"text-align: justify;\">Mesmo Mario Leal Ferreira, que era ga\u00facho e anterior a isso tudo, ligado a Landulfo Alves enquanto interventor no Estado Novo, \u00e9 obliterado. \u00c9 como se JK ocultasse os nomes de Niemeyer e L\u00facio Costa; ou como se o Rio de Janeiro fingisse que Reidy e Agache nunca existiram!<\/p>\n<p style=\"text-align: center;\"><strong>* * *<\/strong><\/p>\n<p style=\"text-align: justify;\">Hot\u00e9is hist\u00f3ricos est\u00e3o em crise no Brasil inteiro. Como o pr\u00f3prio Paulo Souto mostrou, mesmo o Le Meridien, na Bahia, o Othon Palace e outros, nem t\u00e3o hist\u00f3ricos assim, estiveram em crise &#8211; e sairam. No Rio de Janeiro, o Copacabana Palace teve de se reformular por completo, sendo comprado pela Rede Othon; o legend\u00e1rio Hotel Gl\u00f3ria est\u00e1 neste processo. Em Minas Gerais, o Tijuco de Diamantina e o Grande Hotel de Ouro Preto passam por dificuldades; e s\u00f3 recentemente, com sua correta privatiza\u00e7\u00e3o para o Grupo OuroMinas, o Grande Hotel de Arax\u00e1 se recuperou.<\/p>\n<p style=\"text-align: justify;\">N\u00e3o \u00e9, portanto, previlegio bahiano. E se at\u00e9 o inabilidoso (que eufemismo!) C\u00e9sar Borges conseguiu salvar o Meridien, entregando-o ao Pestana, sem ter programa de tombamento, por que Jaques Wagner n\u00e3o conseguiria o mesmo em rela\u00e7\u00e3o ao vetusto pr\u00e9dio funcionalista do Campo Grande?<\/p>\n<p style=\"text-align: center;\"><strong>* * *<\/strong><\/p>\n<p style=\"text-align: justify;\">Por fim, minutos depois, Paulo Souto vem reclamar de que as rea\u00e7\u00f5es a este debate foram iradas e que ele n\u00e3o queria politizar a quest\u00e3o:<\/p>\n<blockquote>\n<p style=\"text-align: justify;\"><a href=\"http:\/\/twitter.com\/Paulo_Souto\/status\/9737707720\" target=\"_blank\"><strong>N\u00e3o entendo as rea\u00e7\u00f5es iradas s\u00f3 porque defendi um certo cuidado com as grandes obras de Ot\u00e1vio mangabeira em Salvador Nao desejo<\/strong><\/a><\/p>\n<p style=\"text-align: justify;\"><a href=\"http:\/\/twitter.com\/Paulo_Souto\/status\/9737820231\" target=\"_blank\"><strong>Politizar o assunto apenas iniciei um debate . E&#8217; proibido?<\/strong><\/a><\/p>\n<\/blockquote>\n<p style=\"text-align: justify;\">As \u00fanicas rea\u00e7\u00f5es at\u00e9 ent\u00e3o foram minhas. Foram cr\u00edticas a certa postura t\u00edmida, e que oportunistamente encobre o essencial; mas foram rea\u00e7\u00f5es de apoio e de elogio na maior parte do tempo.<\/p>\n<p style=\"text-align: justify;\">De resto, com estes dois twitts Paulo Souto fez o PFL dar mais uma contribui\u00e7\u00e3o ao <a href=\"https:\/\/www.ultimobaile.com\/?p=1368\" target=\"_blank\">FEBEAP\u00c1<\/a>: discutir heran\u00e7a pol\u00edtica sem politizar a discuss\u00e3o. Algo assim como \u00e1gua que n\u00e3o molha.<\/p>\n","protected":false},"excerpt":{"rendered":"<p>O Ex-Governador Paulo Souto, em seu twitter hoje, teceu loas &amp; aleluias ao ex-governador Oct\u00e1vio Mangabeira. Fez isso a prop\u00f3sito de uma crise financeira que poderia levar ao fechamento do Tropical Hotel da Bahia &#8211; bel\u00edssimo pr\u00e9dio de Di\u00f3genes Rebou\u00e7as, no Campo Grande, centro de Salvador, e marco do Governo [&hellip;]<\/p>\n","protected":false},"author":2,"featured_media":0,"comment_status":"closed","ping_status":"open","sticky":false,"template":"","format":"standard","meta":{"footnotes":""},"categories":[919,13,9],"tags":[191,1152,245,969,85,1302,821,1306,824,422,1305,140,1213,1212,431,1151,1304,278,244,1154,15,1303],"class_list":["post-2199","post","type-post","status-publish","format-standard","hentry","category-01flanar","category-01ler","category-01viver","tag-acm","tag-antonio-balbino","tag-antonio-carlos-magalhaes","tag-arquitetura","tag-carlismo","tag-diogenes-reboucas","tag-eleicoes-2010","tag-fonte-nova","tag-governador","tag-governo-da-bahia","tag-hotel-da-bahia","tag-jaques-wagner","tag-joao-filgueiras-da-gama-lima","tag-lele","tag-modernismo","tag-octavio-mangabeira","tag-patrimonio-historico","tag-paulo-souto","tag-pos-carlismo","tag-romulo-almeida","tag-salvador","tag-tombamento"],"_links":{"self":[{"href":"https:\/\/www.ultimobaile.com\/index.php?rest_route=\/wp\/v2\/posts\/2199","targetHints":{"allow":["GET"]}}],"collection":[{"href":"https:\/\/www.ultimobaile.com\/index.php?rest_route=\/wp\/v2\/posts"}],"about":[{"href":"https:\/\/www.ultimobaile.com\/index.php?rest_route=\/wp\/v2\/types\/post"}],"author":[{"embeddable":true,"href":"https:\/\/www.ultimobaile.com\/index.php?rest_route=\/wp\/v2\/users\/2"}],"replies":[{"embeddable":true,"href":"https:\/\/www.ultimobaile.com\/index.php?rest_route=%2Fwp%2Fv2%2Fcomments&post=2199"}],"version-history":[{"count":5,"href":"https:\/\/www.ultimobaile.com\/index.php?rest_route=\/wp\/v2\/posts\/2199\/revisions"}],"predecessor-version":[{"id":4291,"href":"https:\/\/www.ultimobaile.com\/index.php?rest_route=\/wp\/v2\/posts\/2199\/revisions\/4291"}],"wp:attachment":[{"href":"https:\/\/www.ultimobaile.com\/index.php?rest_route=%2Fwp%2Fv2%2Fmedia&parent=2199"}],"wp:term":[{"taxonomy":"category","embeddable":true,"href":"https:\/\/www.ultimobaile.com\/index.php?rest_route=%2Fwp%2Fv2%2Fcategories&post=2199"},{"taxonomy":"post_tag","embeddable":true,"href":"https:\/\/www.ultimobaile.com\/index.php?rest_route=%2Fwp%2Fv2%2Ftags&post=2199"}],"curies":[{"name":"wp","href":"https:\/\/api.w.org\/{rel}","templated":true}]}}