{"id":2193,"date":"2010-02-24T16:51:53","date_gmt":"2010-02-24T19:51:53","guid":{"rendered":"http:\/\/www.ultimobaile.com\/?p=2193"},"modified":"2025-12-24T13:03:35","modified_gmt":"2025-12-24T16:03:35","slug":"agora-que-o-carnaval-passou","status":"publish","type":"post","link":"https:\/\/www.ultimobaile.com\/?p=2193","title":{"rendered":"Agora que o Carnaval passou&#8230;"},"content":{"rendered":"<p style=\"text-align: justify;\">\n<div id=\"attachment_2194\" style=\"width: 310px\" class=\"wp-caption alignleft\"><img loading=\"lazy\" decoding=\"async\" aria-describedby=\"caption-attachment-2194\" class=\"size-full wp-image-2194\" title=\"espicha_verao\" src=\"https:\/\/www.ultimobaile.com\/wp-content\/uploads\/2010\/02\/espicha_verao.jpg\" alt=\"como n\u00e3o \u00e9 no Rio de Janeiro, a Globo n\u00e3o mostra... \" width=\"300\" height=\"250\" \/><p id=\"caption-attachment-2194\" class=\"wp-caption-text\">como n\u00e3o \u00e9 no Rio de Janeiro, a Globo n\u00e3o mostra... <\/p><\/div>\n<p style=\"text-align: justify;\">Salvador vai descansar, dormir &#8211; e &#8220;n\u00e3o vai ter nada pra fazer nessa prov\u00edncia axezeira&#8221;, n\u00e9?<\/p>\n<p style=\"text-align: justify;\">Para desespero das vi\u00favas, &#8220;helas, non!&#8221;. Sem delongas, esta semana come\u00e7a o <strong>Espicha Ver\u00e3o<\/strong> (eu continuo achando esse nome p\u00e9ssimo!). Tr\u00eas fins de semana seguidos com shows dentro das \u00e1guas da <a href=\"https:\/\/www.ultimobaile.com\/?p=740\" target=\"_blank\">Melhor Praia Urbana do Mundo, o Porto da Barra<\/a>, num palco flutuante &#8211; entre outros eventos nos arrabaldes, em que as ruas ficam cerceadas para carros e criancinhas brincam em meio a acar\u00e1s azuis no centro da quinta maior cidade da Am\u00e9rica do Sul.<\/p>\n<p style=\"text-align: justify;\">Este ano, <a href=\"http:\/\/verao.bahia.com.br\/atracoes-do-verao\/espicha-verao-praia-24-horas\/\" target=\"_blank\">o <strong>Praia 24h<\/strong> ganha dimens\u00f5es internacionais<\/a>. Dia 13 de mar\u00e7o quem toca \u00e9 o <strong>Buena Vista Social Club<\/strong>. Sim, voc\u00ea leu certo, estamos nos referindo a crooning-orquestra de Imbrahim Ferrer, Omara Portuondo e Compay Segundo. Ali\u00e1s, dia 13 vai ser dia de orquestras no Porto da Barra: logo depois tem os <strong>frevos &amp; dobrados de Fred Dantas<\/strong>, e encerrando a noite a <strong>Orkestra Rumpilezz<\/strong>.<\/p>\n<p style=\"text-align: justify;\">Tudo, repito, de gra\u00e7a e na \u00fanica das dez melhores praias do planeta que fica no centro de uma metr\u00f3pole e \u00e9 brasileira. Para desespero dos moradores do Reino Unido de Ipanema, recifenses, pitubanos, e outros invejosos de plant\u00e3o.<\/p>\n<p style=\"text-align: justify;\">Aproveito e lembro que no mesmo dia 13 tem <strong><a href=\"https:\/\/www.ultimobaile.com\/?p=384\" target=\"_blank\">Baile Esquema Novo<\/a><\/strong>, na Boomerangue, j\u00e1 que a reforma da casa foi adiada novamente. Como o show do Buena Vista \u00e9 o primeiro da noite, da pra ficar no Porto e depois ir direto pro Rio Vermelho sambar, frevar, e saracotear at\u00e9 o dia amanhecer. At\u00e9 porque \u00e9 uma delicia ir pro Baile Esquema Novo com roupa de praia&#8230;<\/p>\n<p style=\"text-align: justify;\">O melhor do Espicha Ver\u00e3o \u00e9 que, apesar de evento grande e relativamente tur\u00edstico, n\u00e3o tem clima de Carnaval ou Pr\u00e9-Carnaval. Ao contr\u00e1rio, \u00e9 bastante fam\u00edlia, calminho, suave &#8211; sem os epis\u00f3dios de mania coletiva da festa momesca. Perfeito pra curar ressaca.<\/p>\n<p style=\"text-align: justify;\">Cereja do bolo: a <strong><a href=\"https:\/\/www.ultimobaile.com\/?p=1522\" target=\"_blank\">Formid\u00e1vel Fam\u00edlia Musical<\/a><\/strong> promete dar uma passada de volta aqui no ber\u00e7o, dia 19 de mar\u00e7o na Boomerangue. Pra matar a saudade de um sonho bom, querubins, e lalal\u00e1 pra ser feliz.<\/p>\n<p style=\"text-align: center;\"><strong>* * *<\/strong><\/p>\n<p style=\"text-align: justify;\">N\u00e3o se pense que apenas de m\u00fasica popular e ruas se faz o p\u00f3s-carnaval bahiano. A programa\u00e7\u00e3o de m\u00fasica erudita do estado esse ano n\u00e3o apenas come\u00e7a mais cedo, como \u00e9 mais vasta e densa.<\/p>\n<p style=\"text-align: justify;\">O <strong>Mozart nas Igrejas<\/strong> n\u00e3o espera abril pra iniciar, e tem sua primeira edi\u00e7\u00e3o logo agora dia 17 de mar\u00e7o, 20h, na Catedral Bas\u00edlica do Terreiro de Jesus. Quem rege \u00e9 ningu\u00e9m menos que <strong>Sir Christopher Warren-Green<\/strong>, Cavaleiro da Coroa brit\u00e2nica e diretor da Orquestra de C\u00e2mara do Pal\u00e1cio Real Brit\u00e2nico. Que reger\u00e1 tamb\u00e9m a abertura da S\u00e9rie OSBA, dias 09 e 10 de mar\u00e7o, na sala principal do Teatro Castro Alves.<\/p>\n<p style=\"text-align: justify;\">Sir Warren-Green passou dois meses aqui ano passado &#8211; ensaiando inclusive o <a href=\"https:\/\/www.ultimobaile.com\/?p=1214\" target=\"_blank\"><strong>Neojib\u00e1<\/strong><\/a>. E repete a dose agora. N\u00e3o tarda, vai fazer como a pianista Maria Jo\u00e3o Pires e se mudar de vez pra Salvador.<\/p>\n<p style=\"text-align: justify;\">Gostem ou n\u00e3o gostem, <a href=\"http:\/\/www.tca.ba.gov.br\/04\/03cacus\/04btca\/osba07.html\" target=\"_blank\">Salvador \u00e9 hoje a capital da m\u00fasica erudita no Brasil<\/a>. Alex Klein, na \u00faltima FEMUSC, disse que o Neojib\u00e1 \u00e9 &#8220;o fato mais importante da m\u00fasica de concerto neste pa\u00eds em d\u00e9cadas&#8221;. N\u00e3o um dos fatos &#8211; mas O fato. \u00c9 exagero &#8211; e lisonjeiro!<\/p>\n<p style=\"text-align: justify;\">E o <strong>Neojib\u00e1 inicia sua turn\u00ea 2010<\/strong> em grande estilo: dia 05 de mar\u00e7o, 20h, toca uma suite de um modernista mexicano (em substitui\u00e7\u00e3o a Est\u00e2ncia, do argentino Alberto Ginastera), a dif\u00edcil (por ser manjada) Quinta Sinfonia de Beethoven &#8211; e <strong>Raps\u00f3dia em Azul, a obra-prima de George Gershwin<\/strong>. <a href=\"http:\/\/www.orkut.com.br\/Main#CommMsgs?cmm=34428526&amp;tid=5372266095989992061&amp;start=1\" target=\"_blank\">Haviamos sugerido na comunidade do Neojib\u00e1 no Orkut este repert\u00f3rio de modernistas americanos<\/a>, e na \u00e9poca nos foi informado de que j\u00e1 estavam em processo de ensaio. Fico satisfeito com isso.<\/p>\n<p style=\"text-align: justify;\">Contudo, h\u00e1 uma galera do Cultura na UTI que acha que n\u00e3o. Observem no <a href=\"http:\/\/bahiaempauta.com.br\/2010\/02\/aninha-franco-fala-da-ponte-e-das-diferencas-entre-politicos-e-artistas\/\" target=\"_blank\">blog do Victor Hugo Soares<\/a> (que apesar de bom jornalista, tem o mal-habito de n\u00e3o moderar os coment\u00e1rios de seus leitores &#8211; e eu n\u00e3o comento mais em blog que n\u00e3o tem modera\u00e7\u00e3o), coment\u00e1rio de uma tal Ana, de 21 de fevereiro de 2010, \u00e0s 17h e 59min:<\/p>\n<blockquote>\n<p style=\"text-align: justify;\">\u00e9 simplismente pat\u00e9tico louvar a Orquestra Jovem Dois de Julho apresentando o Rapsody In Blue, de Gershwin. por si s\u00f3 isso n\u00e0o quer dizer nada, culturalmente. temos que avaliar a qualidade. marcio meireles n\u00e3o entende nada de m\u00fasica, o que vemos aqui \u00e9 um cen\u00e1rio periclitante, com bell marques comprando jatinho de 17 milh\u00f5es e uma panelinha de gente que baba o ovo de marcio \u2013 sem excluir pseudo-escritores sem obra \u2013 ganhar um lugar ao sol. digo: um lugar na varanda el\u00e9trica<\/p>\n<\/blockquote>\n<p style=\"text-align: justify;\">Ora, um Secret\u00e1rio de Cultura n\u00e3o precisa conhecer de m\u00fasica. As pessoas que trabalham nesta \u00e1rea da Secretaria precisam. Algu\u00e9m duvida que Gilberto Monte e o maestro Ricardo Castro entendam bem de m\u00fasica? \u00a0De resto, &#8220;temos de avaliar a qualidade do Neojib\u00e1&#8221;. Claro! Sir Warren-Green, Alex Klein, o Bradesco Cultural e Daniela Mercury s\u00e3o loucos varridos! O Neojib\u00e1 \u00e9 p\u00e9ssimo, sabiam n\u00e3o? (Em tempo: ainda que o Neojib\u00e1 n\u00e3o tivesse esca\u00e7a qualidade est\u00e9tica &#8211; e tem de sobra! &#8211; s\u00f3 o fato de haver um sistema p\u00fablico e program\u00e1tico de ensino de m\u00fasica er\u00fadita para crian\u00e7as e j\u00f3vens na Bahia j\u00e1 \u00e9 louv\u00e1vel).<\/p>\n<p style=\"text-align: justify;\">Ademais, o que tem a Secretaria de Cultura com a compra de um jatinho por Bel do Chiclete? &#8211; logo a SECULT, at\u00e9 agora \u00fanica entidade p\u00fablica a encarar de frente o desafio de desconstruir o Ax\u00e9-Sistem&#8230; (e ali\u00e1s, com algum sucesso). \u00c9 uma oposi\u00e7\u00e3o interesseira, sofism\u00e1tica, mentirosa. N\u00e3o d\u00e1 nem pra levar a s\u00e9rio.<\/p>\n","protected":false},"excerpt":{"rendered":"<p>Salvador vai descansar, dormir &#8211; e &#8220;n\u00e3o vai ter nada pra fazer nessa prov\u00edncia axezeira&#8221;, n\u00e9? Para desespero das vi\u00favas, &#8220;helas, non!&#8221;. Sem delongas, esta semana come\u00e7a o Espicha Ver\u00e3o (eu continuo achando esse nome p\u00e9ssimo!). Tr\u00eas fins de semana seguidos com shows dentro das \u00e1guas da Melhor Praia Urbana [&hellip;]<\/p>\n","protected":false},"author":2,"featured_media":0,"comment_status":"closed","ping_status":"open","sticky":false,"template":"","format":"standard","meta":{"footnotes":""},"categories":[938,11,10,919,9],"tags":[20,178,181,1301,440,383,1193,618,90,619,920,162,326,441,48,15,1300,171,200],"class_list":["post-2193","post","type-post","status-publish","format-standard","hentry","category-bailes","category-01beber","category-01comer","category-01flanar","category-01viver","tag-bahia","tag-baile-esquema-novo","tag-boomerangue","tag-buena-vista-social-club","tag-espicha-verao","tag-formidavel-familia-musical","tag-fred-dantas","tag-neojiba","tag-orkestra-rumpilezz","tag-orquestra-dois-de-julho","tag-orquestra-sinfonica","tag-osba","tag-porto-da-barra","tag-praia-24h","tag-rio-vermelho","tag-salvador","tag-sir-christopher-warren-green","tag-tca","tag-teatro-castro-alves"],"_links":{"self":[{"href":"https:\/\/www.ultimobaile.com\/index.php?rest_route=\/wp\/v2\/posts\/2193","targetHints":{"allow":["GET"]}}],"collection":[{"href":"https:\/\/www.ultimobaile.com\/index.php?rest_route=\/wp\/v2\/posts"}],"about":[{"href":"https:\/\/www.ultimobaile.com\/index.php?rest_route=\/wp\/v2\/types\/post"}],"author":[{"embeddable":true,"href":"https:\/\/www.ultimobaile.com\/index.php?rest_route=\/wp\/v2\/users\/2"}],"replies":[{"embeddable":true,"href":"https:\/\/www.ultimobaile.com\/index.php?rest_route=%2Fwp%2Fv2%2Fcomments&post=2193"}],"version-history":[{"count":6,"href":"https:\/\/www.ultimobaile.com\/index.php?rest_route=\/wp\/v2\/posts\/2193\/revisions"}],"predecessor-version":[{"id":4292,"href":"https:\/\/www.ultimobaile.com\/index.php?rest_route=\/wp\/v2\/posts\/2193\/revisions\/4292"}],"wp:attachment":[{"href":"https:\/\/www.ultimobaile.com\/index.php?rest_route=%2Fwp%2Fv2%2Fmedia&parent=2193"}],"wp:term":[{"taxonomy":"category","embeddable":true,"href":"https:\/\/www.ultimobaile.com\/index.php?rest_route=%2Fwp%2Fv2%2Fcategories&post=2193"},{"taxonomy":"post_tag","embeddable":true,"href":"https:\/\/www.ultimobaile.com\/index.php?rest_route=%2Fwp%2Fv2%2Ftags&post=2193"}],"curies":[{"name":"wp","href":"https:\/\/api.w.org\/{rel}","templated":true}]}}