{"id":2179,"date":"2010-02-02T00:25:00","date_gmt":"2010-02-02T03:25:00","guid":{"rendered":"http:\/\/www.ultimobaile.com\/?p=2179"},"modified":"2025-12-24T13:03:35","modified_gmt":"2025-12-24T16:03:35","slug":"ja-e-carnaval-cidade","status":"publish","type":"post","link":"https:\/\/www.ultimobaile.com\/?p=2179","title":{"rendered":"J\u00e1 \u00e9 Carnaval, cidade!"},"content":{"rendered":"<p>Este ano entrar\u00e1 para a hist\u00f3ria como o ano em que, definitivamente, o anti-ax\u00e9 ou p\u00f3s-ax\u00e9 est\u00e1 em condi\u00e7\u00f5es de igualdade com o axez\u00e3o. Se a<a href=\"https:\/\/www.ultimobaile.com\/?p=849\" target=\"_blank\">no passado a Secretaria de Cultura do Estado da Bahia bancou 6 trios sem corda<\/a> e com samba, rock, frevo el\u00e9trico, dos quais 4 via licita\u00e7\u00e3o, <a href=\"http:\/\/www.nemo.com.br\/elcabong\/?p=2586\" target=\"_blank\">este ano s\u00e3o 20. Sim, vinte! <\/a>Alguns repetindo a dose ano passado; outros novos.<\/p>\n<p style=\"text-align: justify;\">N\u00e3o cresceu apenas em quantidade, mas em qualidade. <strong>BNeg\u00e3o<\/strong> em um trio, capaz de canjear com Psirico (j\u00e1 que \u00e9 amigo de M\u00e1rcio Vitor), diminuindo ainda mais o hiato do ax\u00e9\/anti-ax\u00e9. <strong>Elza Soares<\/strong>, de gra\u00e7a, em outro. E o <strong>Retrofoguetes<\/strong> recebe de Bel\u00e9m do Par\u00e1 o <strong><a href=\"http:\/\/www.myspace.com\/lapupuna\" target=\"_blank\">LaPupu\u00f1a<\/a><\/strong>, que resgata as tradicionais guitarradas misturando com rock&#8217;n roll.<\/p>\n<p style=\"text-align: justify;\">Com isso, o Retrofoguetes (que j\u00e1 colhem elogios da cr\u00edtica internacional, pra terminar de matar os invejosos de plant\u00e3o, como se pode ver <a href=\"http:\/\/twitter.com\/retrofoguetes\/status\/8369196221\" target=\"_blank\">aqui<\/a>, <a href=\"http:\/\/twitter.com\/retrofoguetes\/status\/8369245382\" target=\"_blank\">aqui<\/a> e <a href=\"http:\/\/twitter.com\/retrofoguetes\/status\/8369297155\" target=\"_blank\">aqui<\/a>. ChaChaCha \u00e9, definitivamente, um dos melhores discos e shows do ano &#8211; no mundo!) de novo d\u00e1 o passo a frente, e faz com que o Carnaval de Salvador atual seja o que o de Recife foi at\u00e9 anos atr\u00e1s: um trampolin para os estreantes da m\u00fasica off-circuit do Brasil inteiro. N\u00e3o foi no P\u00f3lo Mangue do Cais da Alf\u00e2ndega, a beira do Capibaribe, que o Vanguardt estourou em 2007? Talvez o mesmo aconteca agora com o LaPupu\u00f1a. Todos os louros ao virtuose Morot\u00f3 Slim!<\/p>\n<p style=\"text-align: justify;\">E mais: <strong>todos os 20 trios ter\u00e3o ensaios previos, abertos e a pre\u00e7o popular, e ressacas posteriores<\/strong>. Igualzinho ao que o Retrofoguetes faz com o <strong>Retrofolia<\/strong> e <strong>Retrorressaca<\/strong>.<\/p>\n<p style=\"text-align: justify;\">Por falar em Retrofolia: \u00e9 s\u00e1bado agora, dia 6 de fevereiro, 20h. O LaPupu\u00f1a vai, <strong>R\u00f3nei Jorge<\/strong> vai, <strong>Armandinho Macedo<\/strong> vai. Voc\u00ea vai perder, boc\u00f3?! Mudou de sede porque cresceu: ser\u00e1 no SESC Pelourinho. Ali\u00e1s, <strong>todos os ensaios e ressacas ser\u00e3o no Pel\u00f4<\/strong> &#8211; que pelo visto n\u00e3o tem nada de abandonado.<\/p>\n<p style=\"text-align: justify;\"><img loading=\"lazy\" decoding=\"async\" class=\"aligncenter size-full wp-image-2182\" title=\"retrofolia2010\" src=\"https:\/\/www.ultimobaile.com\/wp-content\/uploads\/2010\/02\/retrofolia2010.jpg\" alt=\"retrofolia2010\" width=\"318\" height=\"500\" srcset=\"https:\/\/www.ultimobaile.com\/wp-content\/uploads\/2010\/02\/retrofolia2010.jpg 318w, https:\/\/www.ultimobaile.com\/wp-content\/uploads\/2010\/02\/retrofolia2010-190x300.jpg 190w\" sizes=\"auto, (max-width: 318px) 100vw, 318px\" \/><\/p>\n<p style=\"text-align: justify;\">Se eu fosse paulista ou mineiro, e viesse pra c\u00e1 com tr\u00eas de abad\u00e1 comprado, processava a ag\u00eancia de viagens no PROCON por propaganda enganosa. Chegamos ao n\u00edvel em que pular em bloco de corda e abad\u00e1 \u00e9 menos bom do que na pipoca &#8211; porque implicaria em perder <strong>M\u00e1rcia Castro<\/strong>, <strong>Lucas Santana<\/strong>, <strong>Pitty<\/strong>, e os supracitados, entre outros. \u00c9 talvez assim que vai se dar o tiro de miseric\u00f3rdia no ax\u00e9-sistem: com o Estado concorrendo pau-a-pau com o grande empresariado da ind\u00fastria fonogr\u00e1fica. Bom demais!<\/p>\n<p style=\"text-align: center;\"><strong>* * *<\/strong><\/p>\n<p style=\"text-align: justify;\"><a href=\"http:\/\/palavrario.wordpress.com\/2010\/01\/26\/o-axe-morreu-longa-vida-ao-axe\/\" target=\"_blank\">H\u00e1, no entanto, os rockeiros puristas e segregacionistas<\/a>. Aqueles que, tal como o PSOL, acabam por ser inopinadamente carlistas. Que querem que o Carnaval se exploda (sem rock), e que o rock role no (at\u00e9 ent\u00e3o ermo) Palco do Rock.<\/p>\n<p style=\"text-align: justify;\">Pois, leitor, <a href=\"http:\/\/carnaval.atarde.com.br\/?p=255\" target=\"_blank\">at\u00e9 o <\/a><strong><a href=\"http:\/\/carnaval.atarde.com.br\/?p=255\" target=\"_blank\">Palco do Rock<\/a><\/strong><a href=\"http:\/\/carnaval.atarde.com.br\/?p=255\" target=\"_blank\"> ganhou dignidade<\/a>. Recebe de volta os estourada\u00e7os filhos pr\u00f3digos anti-emo <strong>Vivendo do \u00d3cio<\/strong>. Recebe bandas gringas. Virou o que deveria ser: um p\u00f3lo digno, que talvez me fa\u00e7a n\u00e3o ir rebolar na avenida um dia, pra desgra\u00e7a e gl\u00f3ria desta vida, e ir ver o sol rebentar e a manh\u00e3 despertar em Piat\u00e3.<\/p>\n<p style=\"text-align: justify;\">Chora, viuvada! (Aninha Franco na frente, fantasiada de carpideira tess\u00e1lica em homenagem ao BBB da Globo), mas agora deixa sangrar &#8211; e o carnaval passar&#8230;<\/p>\n<p style=\"text-align: justify;\">Esta demanda, vale lembrar, apareceu na Discuss\u00e3o P\u00fablica Sobre o Carnaval, em 2007, no Teatro Vila Velha. Eu estava l\u00e1. As demandas foram: diminuir as cordas, ampliar a diversidade musical nos circuitos, e fortalecer o palco do rock.<\/p>\n<p style=\"text-align: justify;\">TODAS foram atendidas.<\/p>\n<p style=\"text-align: justify;\">Pode ser que eu n\u00e3o tenha sido claro, ent\u00e3o vou repetir: TODAS as demandas foram atendidas. Sem exce\u00e7\u00e3o. Todas vindas de um debate altamente democr\u00e1tico. J\u00e1 em 2007.<\/p>\n<p style=\"text-align: justify;\">Quem disser que Marcio Meirelles ou Jaques Wagner n\u00e3o s\u00e3o democr\u00e1ticos, \u00e9 melhor tratar como se trata a Revista Veja. Isto \u00e9: como um epis\u00f3dio de psicose, ou de fic\u00e7\u00e3o fant\u00e1stica.<\/p>\n<p style=\"text-align: center;\"><strong>* * *<\/strong><\/p>\n<p style=\"text-align: right;\"><strong><em>Este trecho do post eu gostaria de dedicar a mem\u00f3ria de Chico Science,<\/em><\/strong><\/p>\n<p style=\"text-align: right;\"><strong><em>sem quem nada disso teria sido poss\u00edvel. <\/em><\/strong><\/p>\n<p style=\"text-align: justify;\"><strong>&#8220;Um galope de Olinda pra Bahia&#8221;<\/strong><\/p>\n<p style=\"text-align: justify;\">N\u00e3o se pense que os efeitos do p\u00f3s-ax\u00e9 ficam s\u00f3 nisso. H\u00e1 pelo menos dois resultados vis\u00edveis, no \u00e2mbito privado, um dos quais envolve <a href=\"https:\/\/www.ultimobaile.com\/?p=1327\" target=\"_blank\">a austera diplomacia inter-estadual do Governo Jaques Wagner<\/a>.<\/p>\n<p style=\"text-align: justify;\">Uma: <strong>Bia Lessa<\/strong> produz o showza\u00e7o que <strong>Margareth Menezes<\/strong> d\u00e1 toda quinta-feira, no Cais Dourado. Bia Lessa, carioca, deu a isso um requinte que s\u00f3 o Rio de Janeiro tem. Tradicionalmente, tememos que a cariocada nos roube o que temos de bom na m\u00fasica (Mariene de Castro por anos dedicava seus shows aos &#8220;artistas que fazem m\u00fasica bahiana na Bahia&#8221; por causa disso). \u00c9 uma contra-parte do uso que os paulistas faz(iam) de Salvador como puteiro a c\u00e9u aberto at\u00e9 poucos anos atr\u00e1s.<\/p>\n<p style=\"text-align: justify;\">Pois ent\u00e3o: Bia Lessa faz pela Bahia o que de melhor o Rio de Janeiro pode fazer por n\u00f3s e pelo pa\u00eds &#8211; isto \u00e9: nos ajudar a recuperar a posi\u00e7\u00e3o de co-capital diplom\u00e1tica da na\u00e7\u00e3o, ao lado deles. Digo isso porque na estr\u00e9ia deste show de Margareth (show de assistir sentado, se se quiser, t\u00e3o visualmente delirante ele \u00e9) rolou de Bumba-Boi do Maranh\u00e3o aos Tico\u00e3s e a desconhecido e talentos\u00edssimo violonista uruguaio aqui radicado. \u00c9, como o Retrofoguetes recebendo generosamente o LaPupu\u00f1a (fato cuja semente ideol\u00f3gica remonta ao Bahia de Todos Os Sons, de O C\u00edrculo), Salvador fazendo as vezes de Capital Diplom\u00e1tica do Nordeste.<\/p>\n<p style=\"text-align: justify;\">A mesma Margareth, ao lado de Jesus Sangalo, fez um enorme bem a Recife. O <em>Bal Masqu\u00e9<\/em>, seguramente o melhor dos bailes pr\u00e9-carnavalescos de Pernambuco, estava decadente. A Caco de Telha resolveu produzir. E foi um desbunde! Produ\u00e7\u00e3o impec\u00e1vel, s\u00f3 cometeu a gafe de levar uma tal Banda Mina, de sub-ax\u00e9, para tocar entre a Orquestra Popular da Bomba do Hemet\u00e9rio (com um Maestro Forr\u00f3 claramente emocionado) e uma Margareth Menezes.<\/p>\n<p style=\"text-align: justify;\">Margareth que cantou Marcelo D2 com um arranjo de fazer muito metaleiro parecer chor\u00e3ozinho. <a href=\"http:\/\/terramagazine.terra.com.br\/interna\/0,,OI4231198-EI14399,00.html\" target=\"_blank\">Algu\u00e9m dos xiitas-de-camisa-preta vai me dizer que Margareth faz ax\u00e9-music agora?! Ela \u00e9 nossa Tina Turner!<\/a><\/p>\n<p style=\"text-align: justify;\">Qual a import\u00e2ncia de a Caco de Telha, que vem do axez\u00e3o, ajudar a repaginar o sexagen\u00e1rio <em>Bal Masqu\u00e9<\/em> de Recife? Se Recife aprendeu bem nas \u00faltimas d\u00e9cadas como fazer financiamento estatal de cultura, Salvador aprendeu a se virar com o privado. E agora que nos recuperamos, Recife vive certa crise por isso: n\u00e3o sabe como, via capital privado, manter sua tradi\u00e7\u00e3o e sua renova\u00e7\u00e3o.<\/p>\n<p style=\"text-align: justify;\">\u00c9 esta a colabora\u00e7\u00e3o que Jesus Sangalo deu a Mauric\u00e9ia Desvairada este ano, sem esquecer um s\u00f3 minuto da prioridade total ao frevo de palco e ao frevo can\u00e7\u00e3o, como cabem aos Bailes da Cloaca M\u00e1xima do Nordeste.<\/p>\n<p style=\"text-align: justify;\">E Recife baixou a guarda, parou de ter medo da Bahia &#8211; agora que a ind\u00fastria do ax\u00e9-music n\u00e3o assusta mais ningu\u00e9m, moribunda que est\u00e1. Daniela Mercury vai cantar no vetusto Baile Municipal do Recife &#8211; o &#8220;Baile Oficial&#8221; do Carnaval, aberto por quase d\u00e9cada (e at\u00e9 hoje) pela Spok Frevo Orquestra. E no Baile dos Artistas, Alcione cantou depois da Orquestra Popular do Recife repert\u00f3rios do carnaval de S\u00e3o Lu\u00eds do Maranh\u00e3o.<\/p>\n<p style=\"text-align: justify;\"><strong>Daniela Mercury ali\u00e1s levar\u00e1 parte do Neojib\u00e1 (seguramente, a melhor Sinf\u00f4nica Jovem da Am\u00e9rica Latina) pra cima de seu trio<\/strong>, no dia em que sair sem corda &#8211; s\u00e1bado. Natural, pra quem, amiga de Ricardo Castro, j\u00e1 o p\u00f4s num piano na avenida h\u00e1 quase uma d\u00e9cada.<\/p>\n<p style=\"text-align: justify;\">N\u00e3o s\u00f3 Salvador se coloca como co-capital do Rio de Janeiro, mas leva junto Recife. Qualquer semelhan\u00e7a com a fun\u00e7\u00e3o de estabiliza\u00e7\u00e3o nacional que Bahia e Minas representaram entre as d\u00e9cadas de 40 e 60 n\u00e3o \u00e9 mera coincid\u00eancia.<\/p>\n<p style=\"text-align: center;\">* * *<\/p>\n<p style=\"text-align: justify;\">A preocupa\u00e7\u00e3o da Secretaria de Cultura do Estado da Bahia vai, contudo, al\u00e9m dos que frequentam a festa. <a href=\"http:\/\/plugcultura.wordpress.com\/2010\/01\/29\/lancamento-do-boletim-comportamento-dos-residentes-em-salvador-no-carnaval-2009\/\" target=\"_blank\">Extensa pesquisa sobre o comportamento dos residentes de Salvador durante a folia ser\u00e1 lan\u00e7ada<\/a> dia 3 de fevereiro, quarta-feira pela manh\u00e3, no Pal\u00e1cio da Aclama\u00e7\u00e3o.<\/p>\n<p style=\"text-align: justify;\">Isto \u00e9: a SECULT-BA est\u00e1 afirmando de modo claro que, n\u00e3o obstante entenda e estimule que o Carnaval de Salvador seja uma plataforma de lan\u00e7amento para a m\u00fasica do pa\u00eds inteiro que seja fora do <em>mainstream<\/em>, prioriza a festa para o habitante, e n\u00e3o mais para o turista.<\/p>\n<p style=\"text-align: justify;\">Curiosamente, <a href=\"http:\/\/colunistas.ig.com.br\/luisnassif\/2010\/02\/01\/as-falsas-lendas-sobre-o-carnaval\/\" target=\"_blank\">a quest\u00e3o da rentabilidade do carnaval vem sendo discutida tamb\u00e9m alhures<\/a>. A conclus\u00e3o \u00e9 de que os carnavais s\u00e3o quase sempre deficit\u00e1rios, e precisam ter mais investimento privado para n\u00e3o o serem. Vai nisso uma meia-verdade: o de Salvador era t\u00e3o mais deficit\u00e1rio quanto menos Estado tinha. Por outro lado, como dissemos acima: com a retomada, Salvador sai na frente, unindo o <em>know-how<\/em> privado ao que recentemente aprendeu do modelo pernambucano de financiamento p\u00fablico.<\/p>\n<p style=\"text-align: center;\"><strong>* * *<\/strong><\/p>\n<p style=\"text-align: justify;\">Mas, como diz o ex-Rei Momo Ger\u00f4nimo, &#8220;j\u00e1 \u00e9 carnaval, Cidade!&#8221;. Acorda pra ver!<\/p>\n<p style=\"text-align: justify;\">Nesta ter\u00e7a, 2 de fevereiro, tem <strong>Baile Esquema Novo especial de Yemanj\u00e1<\/strong>, no Rio Vermelho. Come\u00e7a na rua, em frente a Boomerangue, de gra\u00e7a, e s\u00f3 entra no inicio da noite, a\u00ed j\u00e1 pagando.<\/p>\n<p style=\"text-align: justify;\"><img loading=\"lazy\" decoding=\"async\" class=\"aligncenter size-full wp-image-2181\" title=\"baile-yemanja\" src=\"https:\/\/www.ultimobaile.com\/wp-content\/uploads\/2010\/02\/baile-yemanja.jpg\" alt=\"baile-yemanja\" width=\"566\" height=\"800\" srcset=\"https:\/\/www.ultimobaile.com\/wp-content\/uploads\/2010\/02\/baile-yemanja.jpg 566w, https:\/\/www.ultimobaile.com\/wp-content\/uploads\/2010\/02\/baile-yemanja-212x300.jpg 212w\" sizes=\"auto, (max-width: 566px) 100vw, 566px\" \/><\/p>\n<p style=\"text-align: justify;\">Toda segunda tem <strong>Samba da Igreja<\/strong>, no <strong>Centro Cultural da Barroquinha<\/strong> (a \u00fanica coisa digna que Jo\u00e3o Henrique fez em 5 anos); e tem <strong>Cortejo Afro no Pel\u00f4<\/strong>, tamb\u00e9m reformulado e tamb\u00e9m come\u00e7ando tocando na rua, de gra\u00e7a, em circuitinho pelas ruas do ex-Maciel de Cima. E ensaio do <strong>Baiana Sistem<\/strong> toda quarta no <strong>Cabar\u00e9<\/strong> dos Novos do Teatro Vila Velha. E <strong>Mariene de Castro<\/strong>, tamb\u00e9m na Igreja da Barroquinha, faz seu <strong>Santo de Casa<\/strong>, lotada\u00e7o, todo fim de tarde das sextas.<\/p>\n<p style=\"text-align: justify;\">E ainda tem mais! <strong>Sarau do Brown<\/strong> todo domingo no Museu du Ritmo, <strong>Baile Esquema Nave<\/strong> (juntando a &#8220;festa do anti-ax\u00e9&#8221; que \u00e9 a <strong>Nave<\/strong>, com a do p\u00f3s-ax\u00e9, que \u00e9 o <strong>Esquema Novo<\/strong>, numa noite s\u00f3) dia 6 de madrugada (pra ir depois do <strong>Retrofolia<\/strong>).<\/p>\n<p style=\"text-align: justify;\">Salvador n\u00e3o dorme! E como diz Luciano Matos, n\u00e3o estamos falando de ax\u00e9-music, nem de longe&#8230;<\/p>\n","protected":false},"excerpt":{"rendered":"<p>Este ano entrar\u00e1 para a hist\u00f3ria como o ano em que, definitivamente, o anti-ax\u00e9 ou p\u00f3s-ax\u00e9 est\u00e1 em condi\u00e7\u00f5es de igualdade com o axez\u00e3o. Se ano passado a Secretaria de Cultura do Estado da Bahia bancou 6 trios sem corda e com samba, rock, frevo el\u00e9trico, dos quais 4 via [&hellip;]<\/p>\n","protected":false},"author":2,"featured_media":0,"comment_status":"closed","ping_status":"open","sticky":false,"template":"","format":"standard","meta":{"footnotes":""},"categories":[938,11,919,12,9],"tags":[512,79,183,599,20,178,1293,1296,483,157,152,1295,511,77,524,572,136,749,15,47,114,1294],"class_list":["post-2179","post","type-post","status-publish","format-standard","hentry","category-bailes","category-01beber","category-01flanar","category-01ver","category-01viver","tag-anti-axe","tag-anti-axezismo","tag-axe-music","tag-axe-sistem","tag-bahia","tag-baile-esquema-novo","tag-carnaval-2010","tag-elza-soares","tag-frevo-eletrico","tag-governo-jaques-wagner","tag-marcio-meirelles","tag-nave","tag-pos-axe","tag-pos-axezismo","tag-retrofoguetes","tag-retrofolia","tag-rock","tag-rockn-roll","tag-salvador","tag-samba","tag-secretaria-de-cultura-do-estado-da-bahia","tag-yemanja"],"_links":{"self":[{"href":"https:\/\/www.ultimobaile.com\/index.php?rest_route=\/wp\/v2\/posts\/2179","targetHints":{"allow":["GET"]}}],"collection":[{"href":"https:\/\/www.ultimobaile.com\/index.php?rest_route=\/wp\/v2\/posts"}],"about":[{"href":"https:\/\/www.ultimobaile.com\/index.php?rest_route=\/wp\/v2\/types\/post"}],"author":[{"embeddable":true,"href":"https:\/\/www.ultimobaile.com\/index.php?rest_route=\/wp\/v2\/users\/2"}],"replies":[{"embeddable":true,"href":"https:\/\/www.ultimobaile.com\/index.php?rest_route=%2Fwp%2Fv2%2Fcomments&post=2179"}],"version-history":[{"count":5,"href":"https:\/\/www.ultimobaile.com\/index.php?rest_route=\/wp\/v2\/posts\/2179\/revisions"}],"predecessor-version":[{"id":4294,"href":"https:\/\/www.ultimobaile.com\/index.php?rest_route=\/wp\/v2\/posts\/2179\/revisions\/4294"}],"wp:attachment":[{"href":"https:\/\/www.ultimobaile.com\/index.php?rest_route=%2Fwp%2Fv2%2Fmedia&parent=2179"}],"wp:term":[{"taxonomy":"category","embeddable":true,"href":"https:\/\/www.ultimobaile.com\/index.php?rest_route=%2Fwp%2Fv2%2Fcategories&post=2179"},{"taxonomy":"post_tag","embeddable":true,"href":"https:\/\/www.ultimobaile.com\/index.php?rest_route=%2Fwp%2Fv2%2Ftags&post=2179"}],"curies":[{"name":"wp","href":"https:\/\/api.w.org\/{rel}","templated":true}]}}