{"id":2173,"date":"2010-01-27T16:11:33","date_gmt":"2010-01-27T19:11:33","guid":{"rendered":"http:\/\/www.ultimobaile.com\/?p=2173"},"modified":"2025-12-24T13:03:35","modified_gmt":"2025-12-24T16:03:35","slug":"a-onibus-filia-da-neo-direita","status":"publish","type":"post","link":"https:\/\/www.ultimobaile.com\/?p=2173","title":{"rendered":"A \u00d4nibus-filia da neo-Direita"},"content":{"rendered":"<p style=\"text-align: justify;\">Ia deixar esfriar o assunto. Mas como amanh\u00e3 vou pra Mauric\u00e9ia Desvairada do Delta do Capibaribe frevar no Bloco da Saudade, e s\u00f3 volto segunda, vai logo aqui.<\/p>\n<p style=\"text-align: justify;\">\n<div id=\"attachment_2174\" style=\"width: 510px\" class=\"wp-caption aligncenter\"><img loading=\"lazy\" decoding=\"async\" aria-describedby=\"caption-attachment-2174\" class=\"size-full wp-image-2174\" title=\"gedeljh\" src=\"https:\/\/www.ultimobaile.com\/wp-content\/uploads\/2010\/01\/gedeljh.jpg\" alt=\"Eles adoram um buz\u00fa...\" width=\"500\" height=\"319\" srcset=\"https:\/\/www.ultimobaile.com\/wp-content\/uploads\/2010\/01\/gedeljh.jpg 500w, https:\/\/www.ultimobaile.com\/wp-content\/uploads\/2010\/01\/gedeljh-300x191.jpg 300w\" sizes=\"auto, (max-width: 500px) 100vw, 500px\" \/><p id=\"caption-attachment-2174\" class=\"wp-caption-text\">Eles adoram um buz\u00fa...<\/p><\/div>\n<p style=\"text-align: justify;\">\u00c9 not\u00e1vel como, subitamente, o Jo\u00e3o Henrique do segundo mandato passou a tratar os \u00f4nibus como se fossem a grande solu\u00e7\u00e3o de transporte coletivo para a cidade. Em seu primeiro mandato, gra\u00e7as ao ent\u00e3o Secret\u00e1rio Nestor Duarte (do PSDB), se reformou os planos-inclinados da Liberdade-cal\u00e7ada, Pilar e o Gon\u00e7alves e se reestabeleceu a rota mar\u00edtima para as Ilhas (de Mar\u00e9, bairro de Salvador) e Ribeira-Plataforma.<\/p>\n<p style=\"text-align: justify;\">Pela primeira vez em d\u00e9cadas se optava pelo sistema multimodal, o que ajudou a reeleger Jo\u00e3o Henrique &#8211; ali\u00e1s, &#8220;multimodal&#8221; aparecia em 11 a cada 10 discursos dele, embora a proposta concreta de multimodalidade estivesse no programa de Walter Pinheiro.<\/p>\n<p style=\"text-align: justify;\">Agora n\u00e3o. Pede pro Estado comprar os trens do metr\u00f4 em mar\u00e7o de 2009 e, esta\u00e7\u00f5es quase prontas, at\u00e9 hoje nem viagem de teste fez; planeja elevadores urbanos e vias mar\u00edtimas at\u00e9 o Rio Vermelho, mas nem sinal de execu\u00e7\u00e3o. E, entre as 10 capitais sede da Copa de 2014, Salvador \u00e9 a que menos verba de mobilidade vai receber. Porque s\u00f3 mandou um projeto: via segregada para \u00f4nibus na Paralela.<\/p>\n<p style=\"text-align: justify;\">Onde queremos chegar? O excelente <a href=\"http:\/\/bahiaempauta.com.br\/2010\/01\/a-tardegravacoes-mostram-manobras-de-politicos-empresarios-e-em-empreiteira-por-obra-de-r-628-mi-da-prefeitura\/\" target=\"_blank\">Victor Hugo Soares d\u00e1 a resposta<\/a>. Veja abaixo:<\/p>\n<blockquote>\n<p style=\"margin-top: 10px; margin-right: 0px; margin-bottom: 0px; margin-left: 0px; text-align: justify; padding: 0px;\">A TARDE teve acesso, atrav\u00e9s de tr\u00eas fontes diferentes, a processo de 1.030 p\u00e1ginas do Servi\u00e7o de Intelig\u00eancia da Secretaria da Seguran\u00e7a. Escutas telef\u00f4nicas da Opera\u00e7\u00e3o Expresso autorizadas pela Justi\u00e7a apontam para uma briga, nos bastidores, entre empres\u00e1rios de \u00f4nibus e as construtoras Odebrecht e OAS pela execu\u00e7\u00e3o e gest\u00e3o do projeto de vias exclusivas para \u00f4nibus em Salvador. Os dois grupos disputaram a obra de autoria da prefeitura, or\u00e7ada em R$ 628 milh\u00f5es, antes mesmo de ser lan\u00e7ada a licita\u00e7\u00e3o.<\/p>\n<p style=\"margin-top: 10px; margin-right: 0px; margin-bottom: 0px; margin-left: 0px; text-align: justify; padding: 0px;\">As investiga\u00e7\u00f5es registram di\u00e1logos de Carlos Eduardo Villares Barral, coordenador do Sindicato das Empresas de Transporte Coletivo de Salvador (Setps), com empres\u00e1rios e autoridades, como o ministro Geddel Vieira. Investigado na Opera\u00e7\u00e3o por suspeita de envolvimento no esquema de propina na Ag\u00eancia Estadual de Regula\u00e7\u00e3o (Agerba), Barral foi flagrado em pelo menos 16 escutas telef\u00f4nicas, articulando a disputa para ganhar o projeto.<\/p>\n<p style=\"margin-top: 10px; margin-right: 0px; margin-bottom: 0px; margin-left: 0px; text-align: justify; padding: 0px;\">Nas grava\u00e7\u00f5es, o advogado pede ajuda ao ministro Geddel Vieira Lima e ao radialista M\u00e1rio Kert\u00e9sz, na disputa com a OAS e a Odebrecht. Dono da R\u00e1dio Metr\u00f3pole, Kert\u00e9sz mant\u00e9m rela\u00e7\u00f5es com Barral desde que comprou do advogado o antigo Jornal da Bahia, em 1990. O contato com Geddel, seria uma tentativa de Barral buscar apoio pol\u00edtico, de acordo com o inqu\u00e9rito policial.<\/p>\n<\/blockquote>\n<p style=\"margin-top: 10px; margin-right: 0px; margin-bottom: 0px; margin-left: 0px; text-align: justify; padding: 0px;\">(<strong><em>Em tempo:<\/em><\/strong> a Odebrecht j\u00e1 se defendeu, dizendo que tem apenas comparecido civicamente a reuni\u00f5es p\u00fablicas. Sinceramente, acredito: n\u00e3o \u00e9 do feito empresarial de Dr. Norberto ser pouco transparente).<\/p>\n<p style=\"margin-top: 10px; margin-right: 0px; margin-bottom: 0px; margin-left: 0px; text-align: justify; padding: 0px;\">Ent\u00e3o \u00e9 isso: o SETPS (parte dele, porque os empresarios de \u00f4nibus mais modernos j\u00e1 sacaram e t\u00eam dito que quanto mais multimodal melhor pra eles: atrai mais passageiros) deve ajudar a campanha natimorta de Geddel Vieira Lima ao Governo Estadual. Junto com a OAS. Eis porque o Prefeito Sa(n)tanizante de Salvador passou a achar \u00f4nibus o m\u00e1ximo!<\/p>\n<p style=\"margin-top: 10px; margin-right: 0px; margin-bottom: 0px; margin-left: 0px; text-align: justify; padding: 0px;\">Ali\u00e1s, <a href=\"https:\/\/www.ultimobaile.com\/?p=2063\" target=\"_blank\">o PMDB geddelista tem uma queda por \u00f4nibus &#8211; at\u00e9 agora, apenas os intermunicipais<\/a>. <strong>A Prefeitura Jo\u00e3o Henrique Carneiro virou isso mesmo: uma mistura nitroglicerinada de imprensa de baixo quilate, especula\u00e7\u00e3o imobili\u00e1ria, e idolatria aos motorizados p\u00fablicos e privados.<\/strong><\/p>\n<p style=\"margin-top: 10px; margin-right: 0px; margin-bottom: 0px; margin-left: 0px; text-align: justify; padding: 0px;\">Para-al\u00e9m de que solu\u00e7\u00f5es horizontais (metr\u00f4, transmil\u00eanio, vias exclusivas de \u00f4nibus) para uma cidade vertical como Salvador sejam nulas, vai a\u00ed mau-caratismo pol\u00edtico mesmo! Claro, \u00e9 bom ter vias r\u00e1pidas horizontais. Que poderiam ser, por exemplo, ciclovias! &#8211; desde que a oferta de elevadores urbanos fosse maior e mais descentralizada.<\/p>\n<p style=\"margin-top: 10px; margin-right: 0px; margin-bottom: 0px; margin-left: 0px; text-align: justify; padding: 0px;\">A\u00ed, depois de desativada a excelente via exclusiva de \u00f4nibus da Avenida Maria Leal Ferreira (este blog se reserva o direito de homenagear o mestre ga\u00facho do urbanismo bahiano chamando a Avenida Bonoc\u00f4 pelo seu nome de batismo) para fazer metr\u00f4, Jo\u00e3o Henrique descobre que ficar\u00e1 uma \u00e1rea devoluta embaixo e&#8230; faz ciclovia!<\/p>\n<p style=\"margin-top: 10px; margin-right: 0px; margin-bottom: 0px; margin-left: 0px; text-align: justify; padding: 0px;\">Ora, o metr\u00f4 n\u00e3o ter\u00e1 7km em linha reta. Num trecho assim, vias exclusivas de \u00f4nibus s\u00e3o mais eficientes, e bicicleta tamb\u00e9m. Uma vez o metr\u00f4 em funcionamento, voc\u00ea, leitor, optaria pela ciclovia abaixo dele gratuita, ou por pagar 4 reais pra uma viagem de 10 minutos?<\/p>\n<p style=\"margin-top: 10px; margin-right: 0px; margin-bottom: 0px; margin-left: 0px; text-align: justify; padding: 0px;\">Pode-se alegar que foi Imbassahy quem iniciou o metr\u00f4. E da\u00ed? Imbassahy iniciou a genial reforma do Largo Dois de Julho, caso de estudo internacional em revitaliza\u00e7\u00e3o de centros de metr\u00f3poles, e Jo\u00e3o Henrique estancou &#8211; est\u00e1 l\u00e1 s\u00f3 1\/3 do projeto concluso (e que depois de pronto abrangeria ainda a Gamboa de Cima e o Largo dos Aflitos). Por que n\u00e3o estancou o metr\u00f4 a tempo, Jo\u00e3o?<\/p>\n<p style=\"margin-top: 10px; margin-right: 0px; margin-bottom: 0px; margin-left: 0px; text-align: justify; padding: 0px;\">A\u00ed, ele estanca agora, quando j\u00e1 \u00e9 tarde demais, e n\u00e3o por um lampejo de clarivid\u00eancia. Por puro interesse pecuni\u00e1rio mesmo, que nem pr\u00f3prio \u00e9, e sim de seu manda-chuva.<\/p>\n<p style=\"margin-top: 10px; margin-right: 0px; margin-bottom: 0px; margin-left: 0px; text-align: center; padding: 0px;\"><strong>* * *<\/strong><\/p>\n<p style=\"margin-top: 10px; margin-right: 0px; margin-bottom: 0px; margin-left: 0px; text-align: justify; padding: 0px;\"><strong><em>Pano R\u00e1pido:<\/em><span style=\"font-weight: normal;\"> Qual o sentido dos \u00f4nibus em Salvador usarem combust\u00edvel, ainda que biodiesel (promovendo todo tipo de polui\u00e7\u00e3o, desde o barulho at\u00e9 o calor), quando temos a maior incid\u00eancia solar do mundo, perdendo apenas pra Atenas, na Gr\u00e9cia? Atenas, onde os \u00f4nibus s\u00e3o movidos a pain\u00e9is solares, na Gr\u00e9cia, um pa\u00eds mais pobre do que o Brasil. Perguntar n\u00e3o ofende&#8230;<\/span><\/strong><\/p>\n<p style=\"margin-top: 10px; margin-right: 0px; margin-bottom: 0px; margin-left: 0px; text-align: center; padding: 0px;\"><strong>* * *<\/strong><\/p>\n<p style=\"margin-top: 10px; margin-right: 0px; margin-bottom: 0px; margin-left: 0px; text-align: justify; padding: 0px;\"><strong><em>Em tempo, novamente: <\/em><span style=\"font-weight: normal;\"><a href=\"http:\/\/www.bahianegocios.com.br\/VerConteudo.aspx?ConteudoID=852\" target=\"_blank\">Amanh\u00e3 \u00e0s 19h, no Trapiche Adelaide, diversos escrit\u00f3rios de urbanismo apresentar\u00e3o projetos para Salvador<\/a>, a curto, m\u00e9dio e longo prazo. Tem desde projetos question\u00e1veis como a constru\u00e7\u00e3o de uma avenida paralela a Luiz Viana Filho (bravo governador eleito que evitou sua deposi\u00e7\u00e3o pelo Regime Militar em 1967, e por isso este blog chama a Avenida Paralela com seu nome de batismo), at\u00e9 projetos de refluir Salvador para seu centro expandido, aumentar os elevadores urbanos, etc. Vale conferir. A partir desta apresenta\u00e7\u00e3o, v\u00e1rios debates surgir\u00e3o pela cidade por meses, antes de ser posto algo em pr\u00e1tica. Louv\u00e1vel &#8211; apesar de Jo\u00e3o Henrique criminosamente n\u00e3o empossar o Conselho da Cidade, eleito em 2008, o que torna sua gest\u00e3o francamente inconstitucional.<\/span><\/strong><\/p>\n<p style=\"margin-top: 10px; margin-right: 0px; margin-bottom: 0px; margin-left: 0px; text-align: justify; padding: 0px;\"><strong><span style=\"font-weight: normal;\">Tal encomenda de projetos \u00e9 do Governo Estadual e da Prefeitura, juntos. Claro: fosse s\u00f3 a Prefeitura, n\u00e3o teria este grau de transpar\u00eancia, nem esta inten\u00e7\u00e3o de discuss\u00e3o p\u00fablica democr\u00e1tica.<\/span><\/strong><\/p>\n<p style=\"margin-top: 10px; margin-right: 0px; margin-bottom: 0px; margin-left: 0px; text-align: justify; padding: 0px;\"><strong><span style=\"font-weight: normal;\">At\u00e9 a\u00ed, tudo bem. <a href=\"http:\/\/terramagazine.terra.com.br\/interna\/0,,OI4227875-EI6578,00.html\" target=\"_blank\">S\u00f3 que Grampinho (ele, ACM, O Neto), convidou literalmente qualquer um que queira e todo mundo para seu anivers\u00e1rio<\/a>, no mesmo hor\u00e1rio, no Hotel Fiesta. Boca livre!<\/span><\/strong><\/p>\n<p style=\"margin-top: 10px; margin-right: 0px; margin-bottom: 0px; margin-left: 0px; text-align: justify; padding: 0px;\"><strong><span style=\"font-weight: normal;\">Grampinho, um dos herdeiros da OAS e dos respons\u00e1veis pelo &#8220;endireitamento&#8221; de Jo\u00e3o Henrique no segundo mandato.<\/span><\/strong><\/p>\n<p style=\"margin-top: 10px; margin-right: 0px; margin-bottom: 0px; margin-left: 0px; text-align: justify; padding: 0px;\"><strong><span style=\"font-weight: normal;\">A\u00ed tem coisa ou n\u00e3o tem?! <\/span><\/strong><\/p>\n<p style=\"margin-top: 10px; margin-right: 0px; margin-bottom: 0px; margin-left: 0px; text-align: center; padding: 0px;\"><strong><span style=\"font-weight: normal;\"><br \/>\n<\/span><\/strong><\/p>\n","protected":false},"excerpt":{"rendered":"<p>Ia deixar esfriar o assunto. Mas como amanh\u00e3 vou pra Mauric\u00e9ia Desvairada do Delta do Capibaribe frevar no Bloco da Saudade, e s\u00f3 volto segunda, vai logo aqui. \u00c9 not\u00e1vel como, subitamente, o Jo\u00e3o Henrique do segundo mandato passou a tratar os \u00f4nibus como se fossem a grande solu\u00e7\u00e3o de [&hellip;]<\/p>\n","protected":false},"author":2,"featured_media":0,"comment_status":"closed","ping_status":"open","sticky":false,"template":"","format":"standard","meta":{"footnotes":""},"categories":[919,9],"tags":[89,20,1035,1190,149,88,1277,102,888,1292,1106,123,122,15,1290,1291],"class_list":["post-2173","post","type-post","status-publish","format-standard","hentry","category-01flanar","category-01viver","tag-acm-neto","tag-bahia","tag-elevadores-urbanos","tag-expresso-da-propina","tag-geddel-vieira-lima","tag-grampinho","tag-joao-henrique-de-barradas-carneiro","tag-metro","tag-mobilidade-urbana","tag-nestor-duarte","tag-onibus","tag-pfl","tag-pmdb","tag-salvador","tag-setps","tag-sindicato-de-empresarios-de-transporte-publico-de-salvador"],"_links":{"self":[{"href":"https:\/\/www.ultimobaile.com\/index.php?rest_route=\/wp\/v2\/posts\/2173","targetHints":{"allow":["GET"]}}],"collection":[{"href":"https:\/\/www.ultimobaile.com\/index.php?rest_route=\/wp\/v2\/posts"}],"about":[{"href":"https:\/\/www.ultimobaile.com\/index.php?rest_route=\/wp\/v2\/types\/post"}],"author":[{"embeddable":true,"href":"https:\/\/www.ultimobaile.com\/index.php?rest_route=\/wp\/v2\/users\/2"}],"replies":[{"embeddable":true,"href":"https:\/\/www.ultimobaile.com\/index.php?rest_route=%2Fwp%2Fv2%2Fcomments&post=2173"}],"version-history":[{"count":5,"href":"https:\/\/www.ultimobaile.com\/index.php?rest_route=\/wp\/v2\/posts\/2173\/revisions"}],"predecessor-version":[{"id":4295,"href":"https:\/\/www.ultimobaile.com\/index.php?rest_route=\/wp\/v2\/posts\/2173\/revisions\/4295"}],"wp:attachment":[{"href":"https:\/\/www.ultimobaile.com\/index.php?rest_route=%2Fwp%2Fv2%2Fmedia&parent=2173"}],"wp:term":[{"taxonomy":"category","embeddable":true,"href":"https:\/\/www.ultimobaile.com\/index.php?rest_route=%2Fwp%2Fv2%2Fcategories&post=2173"},{"taxonomy":"post_tag","embeddable":true,"href":"https:\/\/www.ultimobaile.com\/index.php?rest_route=%2Fwp%2Fv2%2Ftags&post=2173"}],"curies":[{"name":"wp","href":"https:\/\/api.w.org\/{rel}","templated":true}]}}