{"id":2166,"date":"2010-01-25T11:51:29","date_gmt":"2010-01-25T14:51:29","guid":{"rendered":"http:\/\/www.ultimobaile.com\/?p=2166"},"modified":"2025-12-24T13:03:35","modified_gmt":"2025-12-24T16:03:35","slug":"de-acervos-lacunas","status":"publish","type":"post","link":"https:\/\/www.ultimobaile.com\/?p=2166","title":{"rendered":"De Acervos &#038; Lacunas"},"content":{"rendered":"<p style=\"text-align: justify;\"><img loading=\"lazy\" decoding=\"async\" class=\"alignleft size-full wp-image-2168\" title=\"mab\" src=\"https:\/\/www.ultimobaile.com\/wp-content\/uploads\/2010\/01\/mab.jpg\" alt=\"mab\" width=\"334\" height=\"450\" srcset=\"https:\/\/www.ultimobaile.com\/wp-content\/uploads\/2010\/01\/mab.jpg 334w, https:\/\/www.ultimobaile.com\/wp-content\/uploads\/2010\/01\/mab-222x300.jpg 222w\" sizes=\"auto, (max-width: 334px) 100vw, 334px\" \/>Quinta-feira, estreou a exposi\u00e7\u00e3o <strong><a href=\"http:\/\/correio24horas.globo.com\/noticias\/noticia.asp?codigo=47579&amp;mdl=49\" target=\"_self\">Cole\u00e7\u00e3o Desenbahia, no Museu de Arte da Bahia (MAB &#8211; Corredor da Vit\u00f3ria)<\/a><\/strong>. Trata-se de expor no vetusto pal\u00e1cio do s\u00e9culo XVII a cole\u00e7\u00e3o angariada em leil\u00f5es pelo extinto Desenbanco &#8211; especialmente nos anos negros do carlismo.<\/p>\n<p style=\"text-align: justify;\">Durante quase 20 anos, os museus bahianos n\u00e3o adquiriam obras. Situa\u00e7\u00e3o que mudou um pouco quando, \u00e0 frente do Arte Moderna (MAM &#8211; Solar do Unh\u00e3o), Heitor Reis inaugurou os Sal\u00f5es da Bahia, cujos pr\u00eamios eram sempre de aquisi\u00e7\u00f5es. Mas, com isso, adquiria-se apenas artistas novos e estreantes. Os cl\u00e1ssicos, s\u00f3 os bancos estaduais adquiriam.<\/p>\n<p style=\"text-align: justify;\">Bancos estaduais, isto \u00e9: o BANEB (doado pelo des-governador ultra-carlista C\u00e9sar Borges &#8211; sempre aquele que espancava adolescentes em Campus Federal e grampeava ilegalmente pela Secretaria de Seguran\u00e7a P\u00fablica &#8211; ao Bradesco em forma de privatiza\u00e7\u00e3o) e o Desenbanco (mais tarde corretamente reduzido a categoria de &#8220;ag\u00eancia de fomento&#8221;). <a href=\"http:\/\/bahiadefato.blogspot.com\/2010\/01\/desenbahia-expoe-seu-acervo-de-arte.html\" target=\"_blank\">A cole\u00e7\u00e3o BANEB se estilha\u00e7ou ao finalizar-se a patranha<\/a>: \u00a0parte foi pro Bradesco, parte pro Conjunto Cultural da Caixa de Salvador, parte pro MAM-BA, e outra parte sabe deus pra onde (eu presumo que esteja entre o quinto e o s\u00e9timo andar do Edif\u00edcio Stela Maris, no Largo da Gra\u00e7a &#8211; mas isto \u00e9 apenas <em>educated guess<\/em>).<\/p>\n<p style=\"text-align: justify;\">Pela primeira vez MAM e MAB trabalham alinhados. Junte-se esta esclarecedora exposi\u00e7\u00e3o de acervo <a href=\"https:\/\/www.ultimobaile.com\/?p=2125\" target=\"_self\">ao time-line do Solar do Unh\u00e3o<\/a>, e est\u00e1 posta politicamente \u00e0s claras como era a &#8220;pol\u00edtica&#8221; (?) de museus at\u00e9 agora. E como ela \u00e9 hoje: porque, apesar de ter patinado por dois anos (e apesar das sandices de Solange Farkas), <em><a href=\"https:\/\/www.ultimobaile.com\/?p=2125\" target=\"_blank\">habemu<\/a><\/em><em><a href=\"https:\/\/www.ultimobaile.com\/?p=2125\" target=\"_blank\">s<\/a><\/em><a href=\"https:\/\/www.ultimobaile.com\/?p=2125\" target=\"_blank\"> pol\u00edtica de museus em marcha<\/a>. E, em breve, <a href=\"https:\/\/www.ultimobaile.com\/?p=1946\" target=\"_blank\">pol\u00edtica de aquisi\u00e7\u00e3o sistem\u00e1tica de obras<\/a>. Antes que taxem de esquerdismo: igualzinho a Sampa de M\u00e1rio Covas tem desde os anos 1990&#8230;<\/p>\n<p style=\"text-align: justify;\">Vale tamb\u00e9m ressaltar que Salvador abriga, num s\u00f3 ver\u00e3o, quatro importantes exposi\u00e7\u00f5es: \u00a0o <a href=\"https:\/\/www.ultimobaile.com\/?p=2109\" target=\"_blank\">Benin, pr\u00e9-inaugurando o MUNCAB (Museu Nacional de Cultura Afro-Brasileira)<\/a>, a retrospectiva Cole\u00e7\u00e3o MAM-BA, a Cole\u00e7\u00e3o Desenbahia, e o Rodin.<\/p>\n<p style=\"text-align: justify;\">Quatro grandes exposi\u00e7\u00f5es de artes visuais! Quantas capitais brasileiras fazem isso num s\u00f3 ver\u00e3o? Nenhuma! &#8211; nem mesmo o Rio de Janeiro.<\/p>\n<p style=\"text-align: center;\"><strong>* * *<\/strong><\/p>\n<p style=\"text-align: justify;\"><strong>Pano R\u00e1pido: <\/strong>H\u00e1 quem esteja dizendo que o<a href=\"https:\/\/www.ultimobaile.com\/?p=2143\" target=\"_blank\"> Caderno Especial de Bravo! sobre a Bahia<\/a> foi mat\u00e9ria paga pela Secretaria de Cultura do Estado da Bahia. N\u00e3o creio, mas v\u00e1 l\u00e1, a suposi\u00e7\u00e3o n\u00e3o \u00e9 esdr\u00faxula. E se for? Est\u00e1 errado?<\/p>\n<p style=\"text-align: justify;\">A mat\u00e9ria d\u00e1 amplo espa\u00e7o a detratores do Secret\u00e1rio Marcio Meirelles, como a boiadeira da mediocridade Aninha Franco, Geraldo Mumia Maia, o eterno impublic\u00e1vel, Claudius Portugal, e outros.<\/p>\n<p style=\"text-align: justify;\">Mais: <a href=\"http:\/\/terramagazine.terra.com.br\/interna\/0,,OI4223380-EI6783,00-Um+caso+para+se+olhar+com+atencao.html\" target=\"_blank\">com uma m\u00eddia que \u00e9 incapaz de divulgar qualquer coisa que n\u00e3o seja o axez\u00e3o moribundo<\/a> (mesmo quando Salvador tem a melhor sinfonica jovem das Am\u00e9ricas, o <em>Neojib\u00e1<\/em>, uma das mais importantes big-bands de jazz do mundo, a <em>Orkestra Rumpilezz<\/em>, e o melhor disco de rock do pa\u00eds em d\u00e9cadas, o <em>ChaChaCha<\/em> do <em>Retrofoguetes<\/em>), \u00e9 mais do que leg\u00edtimo &#8211; \u00e9 uma obriga\u00e7\u00e3o c\u00edvica nacional que a SECULT-BA pague uma tal mat\u00e9ria na Bravo! Mais: a Globo nacional \u00e9 incapaz de fazer uma mat\u00e9ria sobre o<a href=\"https:\/\/www.ultimobaile.com\/?p=898\" target=\"_blank\"> Praia 24h<\/a> &#8211; evento que ocorre na <a href=\"https:\/\/www.ultimobaile.com\/?p=740\" target=\"_blank\">melhor praia urbana do planeta<\/a>, e que se fosse no Rio de Janeiro daria bloco inteiro no Fant\u00e1stico.<\/p>\n<p style=\"text-align: justify;\">Nacional porque o pa\u00eds precisa saber (j\u00e1 que o Prefeito da capital n\u00e3o v\u00ea, e a m\u00eddia gorda esconde) a verdaderia revolu\u00e7\u00e3o cultura por que passa a Bahia e Salvador. E que passa apesar da SECULT, e n\u00e3o apenas por causa dela. \u00c9 mandat\u00f3rio que isso seja divulgado por qualquer meio que seja. Recife e Pernambuco, em pleno MangueBeat, n\u00e3o fizeram diferente. E estavam cert\u00edssimos!<\/p>\n","protected":false},"excerpt":{"rendered":"<p>Quinta-feira, estreou a exposi\u00e7\u00e3o Cole\u00e7\u00e3o Desenbahia, no Museu de Arte da Bahia (MAB &#8211; Corredor da Vit\u00f3ria). Trata-se de expor no vetusto pal\u00e1cio do s\u00e9culo XVII a cole\u00e7\u00e3o angariada em leil\u00f5es pelo extinto Desenbanco &#8211; especialmente nos anos negros do carlismo. Durante quase 20 anos, os museus bahianos n\u00e3o adquiriam [&hellip;]<\/p>\n","protected":false},"author":2,"featured_media":0,"comment_status":"closed","ping_status":"open","sticky":false,"template":"","format":"standard","meta":{"footnotes":""},"categories":[938,919,12,9],"tags":[1287,78,85,1286,593,157,1285,475,152,1289,1284,265,661,1270,1288,15,476],"class_list":["post-2166","post","type-post","status-publish","format-standard","hentry","category-bailes","category-01flanar","category-01ver","category-01viver","tag-aquisicao-de-obras","tag-axezismo","tag-carlismo","tag-colecao-desenbahia","tag-corredor-da-vitoria","tag-governo-jaques-wagner","tag-mab","tag-mam","tag-marcio-meirelles","tag-materia-paga","tag-museu-de-arte-da-bahia","tag-museu-de-arte-moderna","tag-politica-de-museus","tag-revista-bravo","tag-salao-da-bahia","tag-salvador","tag-solar-do-unhao"],"_links":{"self":[{"href":"https:\/\/www.ultimobaile.com\/index.php?rest_route=\/wp\/v2\/posts\/2166","targetHints":{"allow":["GET"]}}],"collection":[{"href":"https:\/\/www.ultimobaile.com\/index.php?rest_route=\/wp\/v2\/posts"}],"about":[{"href":"https:\/\/www.ultimobaile.com\/index.php?rest_route=\/wp\/v2\/types\/post"}],"author":[{"embeddable":true,"href":"https:\/\/www.ultimobaile.com\/index.php?rest_route=\/wp\/v2\/users\/2"}],"replies":[{"embeddable":true,"href":"https:\/\/www.ultimobaile.com\/index.php?rest_route=%2Fwp%2Fv2%2Fcomments&post=2166"}],"version-history":[{"count":6,"href":"https:\/\/www.ultimobaile.com\/index.php?rest_route=\/wp\/v2\/posts\/2166\/revisions"}],"predecessor-version":[{"id":4296,"href":"https:\/\/www.ultimobaile.com\/index.php?rest_route=\/wp\/v2\/posts\/2166\/revisions\/4296"}],"wp:attachment":[{"href":"https:\/\/www.ultimobaile.com\/index.php?rest_route=%2Fwp%2Fv2%2Fmedia&parent=2166"}],"wp:term":[{"taxonomy":"category","embeddable":true,"href":"https:\/\/www.ultimobaile.com\/index.php?rest_route=%2Fwp%2Fv2%2Fcategories&post=2166"},{"taxonomy":"post_tag","embeddable":true,"href":"https:\/\/www.ultimobaile.com\/index.php?rest_route=%2Fwp%2Fv2%2Ftags&post=2166"}],"curies":[{"name":"wp","href":"https:\/\/api.w.org\/{rel}","templated":true}]}}