{"id":2134,"date":"2010-01-06T22:08:50","date_gmt":"2010-01-07T01:08:50","guid":{"rendered":"http:\/\/www.ultimobaile.com\/?p=2134"},"modified":"2025-12-24T13:03:35","modified_gmt":"2025-12-24T16:03:35","slug":"politica-de-museus-em-passo-de-valsa","status":"publish","type":"post","link":"https:\/\/www.ultimobaile.com\/?p=2134","title":{"rendered":"Pol\u00edtica de Museus em Passo-de-Valsa"},"content":{"rendered":"<p style=\"text-align: justify;\">\n<div id=\"attachment_2135\" style=\"width: 409px\" class=\"wp-caption alignleft\"><img loading=\"lazy\" decoding=\"async\" aria-describedby=\"caption-attachment-2135\" class=\"size-full wp-image-2135\" title=\"farkas\" src=\"https:\/\/www.ultimobaile.com\/wp-content\/uploads\/2010\/01\/farkas.jpg\" alt=\"Ela d\u00e1 um passo pra frente, e outro pra tr\u00e1s: em c\u00edrculos.\" width=\"399\" height=\"265\" srcset=\"https:\/\/www.ultimobaile.com\/wp-content\/uploads\/2010\/01\/farkas.jpg 399w, https:\/\/www.ultimobaile.com\/wp-content\/uploads\/2010\/01\/farkas-300x199.jpg 300w\" sizes=\"auto, (max-width: 399px) 100vw, 399px\" \/><p id=\"caption-attachment-2135\" class=\"wp-caption-text\">Ela d\u00e1 um passo pra frente, e outro pra tr\u00e1s: em c\u00edrculos.<\/p><\/div>\n<p style=\"text-align: justify;\">Se <a href=\"https:\/\/www.ultimobaile.com\/?p=1083\" target=\"_blank\">recentemente tenho passado a elogiar a Pol\u00edtica de Museus atual do Estado da Bahia<\/a> &#8211; que tornou-se org\u00e2nica, <a href=\"https:\/\/www.ultimobaile.com\/?p=1946\" target=\"_blank\">ganhou rumos republicanos<\/a>, e fez cada unidade museol\u00f3gica ter um sentido e ampliar sua frequenta\u00e7\u00e3o &#8211; por outro n\u00e3o se pode perder de vista que \u00e9, ainda, das \u00e1reas da Secretaria de Cultura do Estado da Bahia, a mais problem\u00e1tica e controversa.<\/p>\n<p style=\"text-align: justify;\">Sen\u00e3o vejamos meu \u00faltimo elogio, anteontem, de que <a href=\"https:\/\/www.ultimobaile.com\/?p=2125\" target=\"_blank\">o MAM cumpre agora, com sua retrospectiva hist\u00f3rica relan\u00e7ando sua cole\u00e7\u00e3o permanente, um importante papel de pedagogia pol\u00edtica sem partidarismo<\/a>. Isto acontece, e aponta para a proposta de sua diretora, Solange Farkas, de a partir de 2010 haver uma Bienal de Artes Pl\u00e1sticas da Bahia.<\/p>\n<p style=\"text-align: justify;\">Projeto louv\u00e1vel. Retoma id\u00e9ias de Juarez Para\u00edso nos anos 1970, que foram relevantes para o Nordeste inteiro e n\u00e3o apenas para a Bahia. Relembra, assim, a lufada de democracia em meio ao carlismo que foi o governo de Roberto Santos. O que, num ano em que ele sair\u00e1 provavelmente candidato a Senador, tem redobrada import\u00e2ncia.<\/p>\n<p style=\"text-align: justify;\">Mas fazer isso tem o custo de, este ano, pela primeira vez em dezesseis anos, n\u00e3o haver o Sal\u00e3o MAM-Bahia. Ora, \u00e9 um retrocesso! Por que ter uma Bienal implica em descontinuar o anual Sal\u00e3o? Mais ainda: o Sal\u00e3o j\u00e1 teve altos e baixos; no entanto, os \u00faltimos dois, sob a dire\u00e7\u00e3o de Farkas, foram importantes, potentes e renovadores. O \u00faltimo, de 2008, inclusive deu <a href=\"https:\/\/www.ultimobaile.com\/?p=789\" target=\"_blank\">nova fun\u00e7\u00e3o \u00e0 antiga \u00e1rea do Restaurante (tur\u00edstico) do sub-solo, criando um bel\u00edssimo caf\u00e9 e creperia<\/a>.<\/p>\n<p style=\"text-align: justify;\">Por que, ent\u00e3o, abrir m\u00e3o destas conquistas, Sra. Farkas? Conquistas que n\u00e3o s\u00e3o s\u00f3 suas, e v\u00eam do &#8220;longo amanhecer&#8221; para fora do carlismo, desde 1994 com Heitor Reis no primeiro Governo Paulo Souto, como a pr\u00f3pria Linha do Tempo agora exposta no Museu de Arte Moderna Solar do Unh\u00e3o demonstra e mostra.<\/p>\n<p style=\"text-align: justify;\">A id\u00e9ia \u00e9 de que seja um passo a tr\u00e1s para dar dois a frente &#8211; leninismo a parte. Talvez. Com o Rodin foi assim: 3 anos de atraso representaram um salto qualitativo. Com o Museu do Azulejo Udo Knoff, tamb\u00e9m. S\u00f3 que todos estes eram museus cuja rela\u00e7\u00e3o com a cidade era parca, ou ainda inexistente. O MAM n\u00e3o \u00e9 assim, repito, desde Heitor Reis. Em boa medida, por causa dos Sal\u00f5es &#8211; e da Jam Session, que tamb\u00e9m a Sra. Farkas corretamente retomou.<\/p>\n<p style=\"text-align: justify;\">Temo que, para o Solar do Unh\u00e3o, seja apenas um passo de valsa: um passo e um contratempo a frente, um passo e um contratempo atr\u00e1s, e o casal vai a girar e girar, sem avan\u00e7o nem retrocesso. O que seria uma l\u00e1stima&#8230;<\/p>\n","protected":false},"excerpt":{"rendered":"<p>Se recentemente tenho passado a elogiar a Pol\u00edtica de Museus atual do Estado da Bahia &#8211; que tornou-se org\u00e2nica, ganhou rumos republicanos, e fez cada unidade museol\u00f3gica ter um sentido e ampliar sua frequenta\u00e7\u00e3o &#8211; por outro n\u00e3o se pode perder de vista que \u00e9, ainda, das \u00e1reas da Secretaria [&hellip;]<\/p>\n","protected":false},"author":2,"featured_media":0,"comment_status":"closed","ping_status":"open","sticky":false,"template":"","format":"standard","meta":{"footnotes":""},"categories":[919,12,9],"tags":[1267,630,140,152,661,1266,15,114,155,578,476],"class_list":["post-2134","post","type-post","status-publish","format-standard","hentry","category-01flanar","category-01ver","category-01viver","tag-bienal-de-artes-visuais-da-bahia","tag-ipac","tag-jaques-wagner","tag-marcio-meirelles","tag-politica-de-museus","tag-salao-mam-bahia","tag-salvador","tag-secretaria-de-cultura-do-estado-da-bahia","tag-secult","tag-solange-farkas","tag-solar-do-unhao"],"_links":{"self":[{"href":"https:\/\/www.ultimobaile.com\/index.php?rest_route=\/wp\/v2\/posts\/2134","targetHints":{"allow":["GET"]}}],"collection":[{"href":"https:\/\/www.ultimobaile.com\/index.php?rest_route=\/wp\/v2\/posts"}],"about":[{"href":"https:\/\/www.ultimobaile.com\/index.php?rest_route=\/wp\/v2\/types\/post"}],"author":[{"embeddable":true,"href":"https:\/\/www.ultimobaile.com\/index.php?rest_route=\/wp\/v2\/users\/2"}],"replies":[{"embeddable":true,"href":"https:\/\/www.ultimobaile.com\/index.php?rest_route=%2Fwp%2Fv2%2Fcomments&post=2134"}],"version-history":[{"count":1,"href":"https:\/\/www.ultimobaile.com\/index.php?rest_route=\/wp\/v2\/posts\/2134\/revisions"}],"predecessor-version":[{"id":2136,"href":"https:\/\/www.ultimobaile.com\/index.php?rest_route=\/wp\/v2\/posts\/2134\/revisions\/2136"}],"wp:attachment":[{"href":"https:\/\/www.ultimobaile.com\/index.php?rest_route=%2Fwp%2Fv2%2Fmedia&parent=2134"}],"wp:term":[{"taxonomy":"category","embeddable":true,"href":"https:\/\/www.ultimobaile.com\/index.php?rest_route=%2Fwp%2Fv2%2Fcategories&post=2134"},{"taxonomy":"post_tag","embeddable":true,"href":"https:\/\/www.ultimobaile.com\/index.php?rest_route=%2Fwp%2Fv2%2Ftags&post=2134"}],"curies":[{"name":"wp","href":"https:\/\/api.w.org\/{rel}","templated":true}]}}