{"id":2114,"date":"2009-12-31T19:18:51","date_gmt":"2009-12-31T22:18:51","guid":{"rendered":"http:\/\/www.ultimobaile.com\/?p=2114"},"modified":"2025-12-24T13:03:35","modified_gmt":"2025-12-24T16:03:35","slug":"um-outro-outro","status":"publish","type":"post","link":"https:\/\/www.ultimobaile.com\/?p=2114","title":{"rendered":"Um outro Outro"},"content":{"rendered":"<p style=\"text-align: justify;\"><img loading=\"lazy\" decoding=\"async\" class=\"aligncenter size-full wp-image-2115\" title=\"tn_avatar-movie-photos\" src=\"https:\/\/www.ultimobaile.com\/wp-content\/uploads\/2009\/12\/tn_avatar-movie-photos.jpg\" alt=\"tn_avatar-movie-photos\" width=\"540\" height=\"693\" srcset=\"https:\/\/www.ultimobaile.com\/wp-content\/uploads\/2009\/12\/tn_avatar-movie-photos.jpg 540w, https:\/\/www.ultimobaile.com\/wp-content\/uploads\/2009\/12\/tn_avatar-movie-photos-233x300.jpg 233w\" sizes=\"auto, (max-width: 540px) 100vw, 540px\" \/><\/p>\n<p style=\"text-align: justify;\">Uma coisa not\u00e1vel ocorreu este ano no cinema de fic\u00e7\u00e3o que trata e alienigenas, pelo menos em dois filmes distintos &#8211; <strong>Avatar<\/strong> e <strong>Distrito 9<\/strong>: pela primeira vez os extra-terrestres n\u00e3o comparecem como amea\u00e7as superpotentes, e sim como fr\u00e1geis e oprimidos.<\/p>\n<p style=\"text-align: justify;\">J\u00e1 antes Hollywood havia feito filmes em que o n\u00e3o-terr\u00e1queo n\u00e3o comparece de modo amea\u00e7ador, antes amig\u00e1vel. Mas antes, ou o Outro era tratado como o Mesmo (<em>O Dia Em Que A Terra Parou<\/em>, de Robert Wise), e tido como amea\u00e7ador e onipotente; ou era infantilizado e digno de cuidados m\u00e9dicos (<em>E.T.<\/em>, de Spielberg).<\/p>\n<p style=\"text-align: justify;\">Nunca antes tais personagens apareceram como iguais a n\u00f3s, mas fracos e oprimidos por for\u00e7as do capital &#8211; n\u00e3o que eu me lembre, ao menos. Evidentemente que n\u00e3o da mesma forma: em <strong>Distrito 9<\/strong> a premissa \u00e9 de que, se uma nave daquele porte chegou at\u00e9 estas bandas da galaxia \u00e9 porque algo deu muito, muito errado. E assim a popula\u00e7\u00e3o que sobreviveu tem um car\u00e1ter diasp\u00f3rico de n\u00e1ufragos expatriados &#8211; condi\u00e7\u00e3o nem sempre necess\u00e1ria, mas suficiente, para ser tratado como esc\u00f3ria por qualquer civiliza\u00e7\u00e3o estruturada como a nossa o \u00e9. Em <strong>Avatar<\/strong> \u00e9 uma esp\u00e9cie homin\u00eddia \u00e1grafa, na era da pedra polida e anterior a inven\u00e7\u00e3o da roda, que vai-se tentar subjulgar (e antes pela antropologia e diplomacia do que pela for\u00e7a) para extrair de l\u00e1 min\u00e9rio de alto custo.<\/p>\n<p style=\"text-align: justify;\">Pergunto-me de onde vem esta inflex\u00e3o inusitada no cinema em 2009 &#8211; ano que n\u00e3o por acaso \u00e9 o primeiro da administra\u00e7\u00e3o de Barack Obama nos Estados Unidos da Am\u00e9rica. Obama, que fez um curto-circuito na rela\u00e7\u00e3o outro-mesmo dos <em>USA<\/em> (j\u00e1 dizia Caetano Veloso, quando pensava: <em>para o americano branco \u00e9 branco, preto \u00e9 preto, e a mulata n\u00e3o \u00e9 a tal<\/em>. Ora, Obama \u00e9 um branco que \u00e9 preto, um preto que \u00e9 branco, \u00e9 mulato, e \u00e9 o tal).<\/p>\n<p style=\"text-align: justify;\">N\u00e3o creio que seja apenas contamina\u00e7\u00e3o do clima pol\u00edtico na produ\u00e7\u00e3o est\u00e9tica. De algum modo o tema da Di\u00e1spora (palestina, negra intra- inter e extra-africana, mexicana, etc.) vem tomando for\u00e7a &#8211; talvez pela ascens\u00e3o econ\u00f4mica de pa\u00edses que se forjaram na Di\u00e1spora: o Brasil, e de modo inverso a China e a \u00cdndia (cuja popula\u00e7\u00e3o n\u00e3o foi manejada topograficamente pelo dominador colonial; contudo o dominador al\u00ed se instalou de modo duradouro e indel\u00e9vel). Surge de algum modo, no cinema, uma consci\u00eancia do que Eduardo Galeano afirmava no t\u00edtulo do pref\u00e1cio de seu <em>As Veias Abertas da Latino-Am\u00e9rica<\/em>: &#8220;200milh\u00f5es de crian\u00e7as no meio da tempestade&#8221;. E sem ningu\u00e9m que lhes possa socorrer.<\/p>\n<p style=\"text-align: justify;\">S\u00e3o s\u00f3 dois filmes &#8211; grandes filmes! &#8211; um da Hollywood oficial, outro independent\u00e3o e sul-africano, a apontar pra isso: que o Outro, oprimido pelo Mesmo, \u00e9 Semelhante deste Mesmo e n\u00e3o se lhe pode negar direitos.<\/p>\n<p style=\"text-align: justify;\">N\u00e3o quero com isso ser otimista demais. Minha escolha pela cl\u00ednica da Psican\u00e1lise n\u00e3o me deixa esquecer que o outro ser\u00e1, por nosso mesquinho narcisismo, tomado como inimigo sempre de alguma forma. Mas n\u00e3o deixa de ser um bom alg\u00fario para este ano que se inicia &#8211; e que contem a primeira elei\u00e7\u00e3o brasileira totalmente fora da sombra do Regime Militar, e o primeiro campeonato esportivo mundial sediado na \u00c1frica. Que seja um sinal dos tempos!<\/p>\n","protected":false},"excerpt":{"rendered":"<p>Uma coisa not\u00e1vel ocorreu este ano no cinema de fic\u00e7\u00e3o que trata e alienigenas, pelo menos em dois filmes distintos &#8211; Avatar e Distrito 9: pela primeira vez os extra-terrestres n\u00e3o comparecem como amea\u00e7as superpotentes, e sim como fr\u00e1geis e oprimidos. J\u00e1 antes Hollywood havia feito filmes em que o [&hellip;]<\/p>\n","protected":false},"author":2,"featured_media":0,"comment_status":"closed","ping_status":"open","sticky":false,"template":"","format":"standard","meta":{"footnotes":""},"categories":[12],"tags":[1125,1252,1249,1255,26,184,1251,1250,1254,1253],"class_list":["post-2114","post","type-post","status-publish","format-standard","hentry","category-01ver","tag-africa","tag-alteridade","tag-avatar","tag-capitalismo-predatorio","tag-cinema","tag-diaspora","tag-distrito-9","tag-james-cameron","tag-opressao","tag-outro"],"_links":{"self":[{"href":"https:\/\/www.ultimobaile.com\/index.php?rest_route=\/wp\/v2\/posts\/2114","targetHints":{"allow":["GET"]}}],"collection":[{"href":"https:\/\/www.ultimobaile.com\/index.php?rest_route=\/wp\/v2\/posts"}],"about":[{"href":"https:\/\/www.ultimobaile.com\/index.php?rest_route=\/wp\/v2\/types\/post"}],"author":[{"embeddable":true,"href":"https:\/\/www.ultimobaile.com\/index.php?rest_route=\/wp\/v2\/users\/2"}],"replies":[{"embeddable":true,"href":"https:\/\/www.ultimobaile.com\/index.php?rest_route=%2Fwp%2Fv2%2Fcomments&post=2114"}],"version-history":[{"count":3,"href":"https:\/\/www.ultimobaile.com\/index.php?rest_route=\/wp\/v2\/posts\/2114\/revisions"}],"predecessor-version":[{"id":4299,"href":"https:\/\/www.ultimobaile.com\/index.php?rest_route=\/wp\/v2\/posts\/2114\/revisions\/4299"}],"wp:attachment":[{"href":"https:\/\/www.ultimobaile.com\/index.php?rest_route=%2Fwp%2Fv2%2Fmedia&parent=2114"}],"wp:term":[{"taxonomy":"category","embeddable":true,"href":"https:\/\/www.ultimobaile.com\/index.php?rest_route=%2Fwp%2Fv2%2Fcategories&post=2114"},{"taxonomy":"post_tag","embeddable":true,"href":"https:\/\/www.ultimobaile.com\/index.php?rest_route=%2Fwp%2Fv2%2Ftags&post=2114"}],"curies":[{"name":"wp","href":"https:\/\/api.w.org\/{rel}","templated":true}]}}