{"id":2109,"date":"2009-12-26T20:42:59","date_gmt":"2009-12-26T23:42:59","guid":{"rendered":"http:\/\/www.ultimobaile.com\/?p=2109"},"modified":"2025-12-24T13:03:35","modified_gmt":"2025-12-24T16:03:35","slug":"benin-vivo-e-aqui","status":"publish","type":"post","link":"https:\/\/www.ultimobaile.com\/?p=2109","title":{"rendered":"Benin: vivo &#038; aqui!"},"content":{"rendered":"<p style=\"text-align: justify;\"><img loading=\"lazy\" decoding=\"async\" class=\"aligncenter size-full wp-image-2110\" title=\"visita ao muncab 009\" src=\"https:\/\/www.ultimobaile.com\/wp-content\/uploads\/2009\/12\/visita-ao-muncab-009.jpg\" alt=\"visita ao muncab 009\" width=\"640\" height=\"480\" srcset=\"https:\/\/www.ultimobaile.com\/wp-content\/uploads\/2009\/12\/visita-ao-muncab-009.jpg 640w, https:\/\/www.ultimobaile.com\/wp-content\/uploads\/2009\/12\/visita-ao-muncab-009-300x225.jpg 300w\" sizes=\"auto, (max-width: 640px) 100vw, 640px\" \/><\/p>\n<p style=\"text-align: justify;\">Se voc\u00ea n\u00e3o foi ver ainda a exposi\u00e7\u00e3o de pr\u00e9-inaugura\u00e7\u00e3o do Museu Nacional da Cultura Afro-Brasileira (Muncab) em Salvador, corra pra ver! Desde a recolha de arte tradicional e <em>na\u00eff<\/em> at\u00e9 a produ\u00e7\u00e3o contempor\u00e2nea do antigo reino do Daom\u00e9, a curadoria \u00e9 impec\u00e1vel; os artistas e pe\u00e7as selecionadas, de primeira &#8211; das m\u00e1scaras rituais \u00e0s instala\u00e7\u00f5es (e olhe que eu n\u00e3o gosto de instala\u00e7\u00f5es&#8230;).<\/p>\n<p style=\"text-align: justify;\">Especialmente, \u00e9 magn\u00edfico ver o antigo palacete ecletista em ru\u00ednas at\u00e9 alguns anos atr\u00e1s sendo recuperado passo a passo. E n\u00e3o \u00e9 apenas um pr\u00e9dio, mas dois. Tal como o vizinho Sebo &amp; Livraria Brand\u00e3o (o maior do Nordeste), o Muncab vai ocupar dois lados da Rua do Tesouro. Se se pensar que logo mais abaixo, no antigo pr\u00e9dio do A Tarde, vai haver um hotelz\u00e3o; que as vias de acesso ao Pelourinho j\u00e1 n\u00e3o t\u00eam mais as horrorosas placas de anuncio cobrindo as fachadas (de neocl\u00e1ssicas ao bauhaus) dos pr\u00e9dios, pode-se ter certeza: a principal entrada do Pelourinha, a pra\u00e7a municipal e as Portas da S\u00e9 e da Miseric\u00f3rdia est\u00e3o, de fato, revitalizadas. D\u00e1 at\u00e9 vontade de morar por ali&#8230;<\/p>\n<p style=\"text-align: justify;\">A exposi\u00e7\u00e3o, cujo acervo vem quase todo da cole\u00e7\u00e3o particular da Fam\u00edlia Caryb\u00e9 e do Museu Nacional Afro-Brasileiro de S\u00e3o Paulo provavelmente vai ser prorrogada. Mas por enquanto fica at\u00e9 dia 3 de janeiro, domingo que vem, tanto no turno da manh\u00e3 quanto da tarde, e abrindo mesmo em feriados.<\/p>\n<p style=\"text-align: justify;\">Se tiver crian\u00e7as, levem! Tem oficina de pintura em <em>crayon<\/em> e de <em>bricolage<\/em> no final.<\/p>\n","protected":false},"excerpt":{"rendered":"<p>Se voc\u00ea n\u00e3o foi ver ainda a exposi\u00e7\u00e3o de pr\u00e9-inaugura\u00e7\u00e3o do Museu Nacional da Cultura Afro-Brasileira (Muncab) em Salvador, corra pra ver! Desde a recolha de arte tradicional e na\u00eff at\u00e9 a produ\u00e7\u00e3o contempor\u00e2nea do antigo reino do Daom\u00e9, a curadoria \u00e9 impec\u00e1vel; os artistas e pe\u00e7as selecionadas, de primeira [&hellip;]<\/p>\n","protected":false},"author":2,"featured_media":0,"comment_status":"closed","ping_status":"open","sticky":false,"template":"","format":"standard","meta":{"footnotes":""},"categories":[938,919,12,9],"tags":[1125,470,20,1243,285,1246,827,1245,1247,1241,1242,1244,195,1248,15],"class_list":["post-2109","post","type-post","status-publish","format-standard","hentry","category-bailes","category-01flanar","category-01ver","category-01viver","tag-africa","tag-arte-contemporanea","tag-bahia","tag-benin","tag-brasil","tag-centro-historico","tag-emanoel-araujo","tag-mascaras-rituais","tag-misericordia","tag-muncab","tag-museu-nacional-da-cultura-afro-brasileira","tag-naif","tag-pelourinho","tag-rua-do-tesouro","tag-salvador"],"_links":{"self":[{"href":"https:\/\/www.ultimobaile.com\/index.php?rest_route=\/wp\/v2\/posts\/2109","targetHints":{"allow":["GET"]}}],"collection":[{"href":"https:\/\/www.ultimobaile.com\/index.php?rest_route=\/wp\/v2\/posts"}],"about":[{"href":"https:\/\/www.ultimobaile.com\/index.php?rest_route=\/wp\/v2\/types\/post"}],"author":[{"embeddable":true,"href":"https:\/\/www.ultimobaile.com\/index.php?rest_route=\/wp\/v2\/users\/2"}],"replies":[{"embeddable":true,"href":"https:\/\/www.ultimobaile.com\/index.php?rest_route=%2Fwp%2Fv2%2Fcomments&post=2109"}],"version-history":[{"count":4,"href":"https:\/\/www.ultimobaile.com\/index.php?rest_route=\/wp\/v2\/posts\/2109\/revisions"}],"predecessor-version":[{"id":4300,"href":"https:\/\/www.ultimobaile.com\/index.php?rest_route=\/wp\/v2\/posts\/2109\/revisions\/4300"}],"wp:attachment":[{"href":"https:\/\/www.ultimobaile.com\/index.php?rest_route=%2Fwp%2Fv2%2Fmedia&parent=2109"}],"wp:term":[{"taxonomy":"category","embeddable":true,"href":"https:\/\/www.ultimobaile.com\/index.php?rest_route=%2Fwp%2Fv2%2Fcategories&post=2109"},{"taxonomy":"post_tag","embeddable":true,"href":"https:\/\/www.ultimobaile.com\/index.php?rest_route=%2Fwp%2Fv2%2Ftags&post=2109"}],"curies":[{"name":"wp","href":"https:\/\/api.w.org\/{rel}","templated":true}]}}