{"id":2086,"date":"2009-12-14T17:15:55","date_gmt":"2009-12-14T20:15:55","guid":{"rendered":"http:\/\/www.ultimobaile.com\/?p=2086"},"modified":"2025-12-24T13:03:36","modified_gmt":"2025-12-24T16:03:36","slug":"um-arquiteto-myth-buster","status":"publish","type":"post","link":"https:\/\/www.ultimobaile.com\/?p=2086","title":{"rendered":"Um Arquiteto Myth-Buster"},"content":{"rendered":"<p style=\"text-align: justify;\">\n<div id=\"attachment_2087\" style=\"width: 250px\" class=\"wp-caption alignleft\"><img loading=\"lazy\" decoding=\"async\" aria-describedby=\"caption-attachment-2087\" class=\"size-full wp-image-2087\" title=\"lele\" src=\"https:\/\/www.ultimobaile.com\/wp-content\/uploads\/2009\/12\/lele.jpg\" alt=\"Ele implode mitos, e constr\u00f3i espa\u00e7os.\" width=\"240\" height=\"222\" \/><p id=\"caption-attachment-2087\" class=\"wp-caption-text\">Ele implode mitos, e constr\u00f3i espa\u00e7os.<\/p><\/div>\n<p style=\"text-align: justify;\">Fui na quarta-feira passada a apresenta\u00e7\u00e3o do plano de reforma do Mercado de S\u00e3o Miguel, na Baixa dos Sapateiros, apresentado por Jo\u00e3o Filgueiras da Gama Lima, Lel\u00e9 &#8211; talvez o maior arquiteto vivo do planeta (segundo este que vos batuca, mas Oscar Niemeyer concorda comigo).<\/p>\n<p style=\"text-align: justify;\">O que dizer: plano inteligente, exuberante, e fact\u00edvel. E, principalmente, demole alguns mitos fundamentais sobre a mobilidade urbana de Salvador.<\/p>\n<p style=\"text-align: justify;\">Sen\u00e3o vejamos:<\/p>\n<blockquote>\n<p style=\"text-align: justify;\">1) <strong>Em Salvador tudo \u00e9 longe<\/strong> &#8211; Falso! Como Lel\u00e9 lembra desde os anos 1980, quando criou suas belas passarelas t\u00edpicas da Capital Barroca, c\u00e1 na Reconvexa as coisas est\u00e3o mais perto do que parecem. Por exemplo, entre o Desterro, em Nazar\u00e9, e o Terreiro de Jesus, no Pelourinho, h\u00e1 apenas 500m de dist\u00e2ncia. Contudo, para ir de um ponto ao outro, percorremos quase 4km. Por que? Porque h\u00e1 o vale da Barroquinha no meio do caminho.<\/p>\n<p style=\"text-align: justify;\">Com isso, Lel\u00e9 nos anuncia uma d\u00e1diva: a constru\u00e7\u00e3o de uma passarela (possivelmente com esteiras rolantes), ligando o Desterro a Rua das Laranjeiras por cima da Avenida Jos\u00e9 Joaquim Seabra. E mais: pela primeira vez em quarenta anos, finalmente se construir\u00e1 um elevador urbano em Salvador &#8211; ligando a Baixa dos Sapateiros ao Alto de Nazar\u00e9. Ser\u00e1 o \u00fanico elevador urbano p\u00fablico que n\u00e3o \u00e9 de frente pro mar, mas nas costas da Cidade Velha. E ser\u00e1, claro, panor\u00e2mico &#8211; porque as vistas urbanas de Salvador, desde as barrocas \u00e0s modernistas (o Vale do Canela) s\u00e3o t\u00e3o belas quanto a vista (tamb\u00e9m ela artificialmente constru\u00edda) da Ba\u00eda de Todos os Santos.<\/p>\n<p style=\"text-align: justify;\">2) <strong>Salvador n\u00e3o d\u00e1 pra usar bicicleta<\/strong> &#8211; Falso tamb\u00e9m! Segundo o Gabinete de Gest\u00e3o do Centro Antigo (<a href=\"http:\/\/www.jornaldamidia.com.br\/noticias\/2009\/12\/10\/Bahia\/Projeto_da_Secult_ganha_Premio_Me.shtml\" target=\"_blank\">recentemente premiado pela Caixa Econ\u00f4mica Federal como uma das melhores iniciativas p\u00fablicas do pa\u00eds<\/a>, e vai concorrer a pr\u00eamio semelhante pela ONU em Dubai), o fluxo ciclovi\u00e1rio contado entre a Barroquinha e os Dois Le\u00f5es \u00e9 maior do que de outras \u00e1reas centrais de capitais brasileiras. Maior que o da Lapa carioca, e o Rio de Janeiro tem uma infraestrutura ciclovi\u00e1ria parisiense (a de Salvador, sabemos, \u00e9 haitiana).<\/p>\n<p style=\"text-align: justify;\">Ent\u00e3o, porque se nega isso? \u00c9 um misto de racismo (a popula\u00e7\u00e3o que pedala aqui \u00e9 pobre e preta), especula\u00e7\u00e3o imobili\u00e1ria, carrocentrismo galopante, e aus\u00eancia de elevadores. As bikes em Salvador s\u00e3o, <a href=\"https:\/\/www.ultimobaile.com\/?p=1782\" target=\"_blank\">como j\u00e1 dissemos aqui<\/a>, perfeitas nos vales e nos topos. Entre um e outro \u00e9 preciso haver elevadores, bondes, e \u00f4nibus &#8211; ou biciclet\u00e1rios nos sop\u00e9s onde se as possa guardar e subir andando.<\/p>\n<\/blockquote>\n<p style=\"text-align: justify;\">Que mais posso dizer? Que outro mito tamb\u00e9m se implodiu a si mesmo agora: aquele, criado pela TV Bahia, a Rede Globo local, carlista at\u00e9 os nucleot\u00eddeos, de que &#8220;O Pelourinho t\u00e1 abandonaaaaaaaado!&#8221;. E reverberado, claro, pela boiadeira Aninha Franco.<\/p>\n<p style=\"text-align: justify;\">Se abandono \u00e9 ter um pr\u00e9dio cujo funcionamento vai se equiparar ao do Mercad\u00e3o de S\u00e3o Paulo, com projeto de Lel\u00e9 que inclui shades e jardins suspensos internos como os de TRE Bahia e do Tribunal de Contas do Estado &#8211; se abandono \u00e9 isso, eu quero mais abandono!<\/p>\n","protected":false},"excerpt":{"rendered":"<p>Fui na quarta-feira passada a apresenta\u00e7\u00e3o do plano de reforma do Mercado de S\u00e3o Miguel, na Baixa dos Sapateiros, apresentado por Jo\u00e3o Filgueiras da Gama Lima, Lel\u00e9 &#8211; talvez o maior arquiteto vivo do planeta (segundo este que vos batuca, mas Oscar Niemeyer concorda comigo). O que dizer: plano inteligente, [&hellip;]<\/p>\n","protected":false},"author":2,"featured_media":0,"comment_status":"closed","ping_status":"open","sticky":false,"template":"","format":"standard","meta":{"footnotes":""},"categories":[919],"tags":[20,1215,889,1035,1213,1212,1214,888,195,15,114],"class_list":["post-2086","post","type-post","status-publish","format-standard","hentry","category-01flanar","tag-bahia","tag-baixa-dos-sapateiros","tag-bicicleta","tag-elevadores-urbanos","tag-joao-filgueiras-da-gama-lima","tag-lele","tag-mercado-sao-miguel","tag-mobilidade-urbana","tag-pelourinho","tag-salvador","tag-secretaria-de-cultura-do-estado-da-bahia"],"_links":{"self":[{"href":"https:\/\/www.ultimobaile.com\/index.php?rest_route=\/wp\/v2\/posts\/2086","targetHints":{"allow":["GET"]}}],"collection":[{"href":"https:\/\/www.ultimobaile.com\/index.php?rest_route=\/wp\/v2\/posts"}],"about":[{"href":"https:\/\/www.ultimobaile.com\/index.php?rest_route=\/wp\/v2\/types\/post"}],"author":[{"embeddable":true,"href":"https:\/\/www.ultimobaile.com\/index.php?rest_route=\/wp\/v2\/users\/2"}],"replies":[{"embeddable":true,"href":"https:\/\/www.ultimobaile.com\/index.php?rest_route=%2Fwp%2Fv2%2Fcomments&post=2086"}],"version-history":[{"count":3,"href":"https:\/\/www.ultimobaile.com\/index.php?rest_route=\/wp\/v2\/posts\/2086\/revisions"}],"predecessor-version":[{"id":2090,"href":"https:\/\/www.ultimobaile.com\/index.php?rest_route=\/wp\/v2\/posts\/2086\/revisions\/2090"}],"wp:attachment":[{"href":"https:\/\/www.ultimobaile.com\/index.php?rest_route=%2Fwp%2Fv2%2Fmedia&parent=2086"}],"wp:term":[{"taxonomy":"category","embeddable":true,"href":"https:\/\/www.ultimobaile.com\/index.php?rest_route=%2Fwp%2Fv2%2Fcategories&post=2086"},{"taxonomy":"post_tag","embeddable":true,"href":"https:\/\/www.ultimobaile.com\/index.php?rest_route=%2Fwp%2Fv2%2Ftags&post=2086"}],"curies":[{"name":"wp","href":"https:\/\/api.w.org\/{rel}","templated":true}]}}