{"id":208,"date":"2008-09-16T18:39:51","date_gmt":"2008-09-16T21:39:51","guid":{"rendered":"http:\/\/www.ultimobaile.com\/?p=208"},"modified":"2025-12-24T13:03:57","modified_gmt":"2025-12-24T16:03:57","slug":"de-um-voto-antiescravagista","status":"publish","type":"post","link":"https:\/\/www.ultimobaile.com\/?p=208","title":{"rendered":"De um Voto (anti)Escravagista"},"content":{"rendered":"<p style=\"text-align: justify;\">As elei\u00e7\u00f5es municipais de Salvador, este ano, est\u00e3o n\u00e3o apenas as mais interessantes desde a que elegeu L\u00eddice da Mata, como a mais interessante das capitais brasileiras este ano. E sendo assim, este blog resolveu n\u00e3o apenas coment\u00e1-las, como tomar partido. Fica aqui dito: o <em>\u00daltimo Baile dos Guermantes<\/em> apoia abertamente a candidatura de Walter Pinheiro (cuja vice \u00e9 a brilhante ex-prefeita L\u00eddice da Mata, e que forma uma &#8220;candidatura tripla&#8221; dada a import\u00e2ncia que a vereadora negra Ol\u00edvia Santana tem na composi\u00e7\u00e3o). <\/p>\n<p style=\"text-align: justify;\">A decis\u00e3o n\u00e3o foi r\u00e1pida, nem f\u00e1cil. Walter Pinheiro \u00e9 batista, numa cidade cuja cultura \u00e9 uma miscigena\u00e7\u00e3o de catolicismo, mu\u00e7ulmanismo mal\u00e9 e diversas vertentes da realeza yorub\u00e1. Tem pouco carisma, e sua candidatura teve o custo de anular uma chapa feminista, como a que elegeu L\u00eddice h\u00e1 mais de uma d\u00e9cada: seria L\u00eddice da Mata na cabe\u00e7a, com Ol\u00edvia de vice. Mais ainda, me parecia um sintoma do narcisismo infinito do Partido dos Trabalhadores (aquele que taxa o governo eleito de Vargas de ditadura do capital e n\u00e3o v\u00ea nele ganhos sociais, mas defende a CLT&#8230;) .<\/p>\n<p style=\"text-align: justify;\">Ocorre que semana passada, Pinheiro de um lado, e a campanha de Ant\u00f4nio Imbassahy de outro, resolveram come\u00e7ar a atacar Grampinho (a.k.a.: ACM Neto, mas aqui na Bahia todo mundo chama ele de Grampinho, e com raz\u00e3o, e este blog reserva-se o direito de chamar Grampinho apenas de Grampinho, sempre que ele agir como estagi\u00e1rio da Delegada K\u00e1tia Alves, aquela que como Secretaria de Seguran\u00e7a P\u00fablica protagonizou o maior esc\u00e2ndalo de grampos ilegais do pa\u00eds!).  Atacaram mostrando a cena desvairada dele dizendo que ia &#8220;dar uma surra no Presidente da Rep\u00fablica&#8221;. Imbassa est\u00e1 no PSDB, que na Bahia abomina o PFL como o diabo n\u00e3o abomina a cruz, e \u00e9 aliado estrat\u00e9gico do PT h\u00e1 d\u00e9cadas! Imbassa mostra estas imagens e as repudia do ponto de vista c\u00edvico (desde que n\u00e3o apoiou Lula, mas tenta seguir a constitucionalidade), o que lhe confere auras de polidez europ\u00e9ia &#8211; comentarei isso numa outra oportunidade. Pinheiro, pelo horror intestino que o carlismo, mesmo morto, causa a si e a todos n\u00f3s. <\/p>\n<p style=\"text-align: justify;\">Pese-se tamb\u00e9m minha atual decep\u00e7\u00e3o com a pessoa de Lu\u00eds In\u00e1cio Lula da Silva, em quem n\u00e3o pretendo votar novamente sob nenhuma hip\u00f3tese &#8211; mas isso s\u00f3 vou comentar aqui quando o carlismo estiver morto, de novo. Ou seja: a partir do dia 16 de novembro do corrente.<\/p>\n<p style=\"text-align: justify;\">\n<p><object classid=\"clsid:d27cdb6e-ae6d-11cf-96b8-444553540000\" width=\"425\" height=\"344\" codebase=\"http:\/\/download.macromedia.com\/pub\/shockwave\/cabs\/flash\/swflash.cab#version=6,0,40,0\"><param name=\"allowFullScreen\" value=\"true\" \/><param name=\"src\" value=\"http:\/\/www.youtube.com\/v\/ft8WMbrFVmE&amp;hl=pt-br&amp;fs=1\" \/><embed type=\"application\/x-shockwave-flash\" width=\"425\" height=\"344\" src=\"http:\/\/www.youtube.com\/v\/ft8WMbrFVmE&amp;hl=pt-br&amp;fs=1\" allowfullscreen=\"true\"><\/embed><\/object><\/p>\n<p style=\"text-align: justify;\">Mas, o que me interessa aqui \u00e9 tentar uma an\u00e1lise que parece at\u00e9 agora surda neste discurso de Grampinho, do PFL (o <em>\u00daltimo Baile<\/em> se reserva o direito de chamar a ARENA de PFL sempre que o DEMo mostrar que \u00e9 ARENA). Grampinho diz que n\u00e3o representa a volta do Carlismo, se mostra como uma direita &#8220;moderna&#8221; (isto \u00e9: n\u00e3o feudal, capitalista finalmente), e talvez o seja &#8211; at\u00e9 porque, de outra forma n\u00e3o sobreviveria politicamente. Este discurso dele de fato n\u00e3o \u00e9, exatamente, carlista, embora lembre a cena de seu av\u00f4 dando <a href=\"http:\/\/br.youtube.com\/watch?v=kG-2iknu2c0&amp;feature=related\" target=\"_blank\">tapa na cara de jornalista em frente as c\u00e2meras<\/a>. <\/p>\n<p style=\"text-align: justify;\">\u00c9, sobretudo, uma postura profundamente escravagista: um menino de engenho manda dar umas chibatadas no filho da senzala que n\u00e3o quer brincar conforme as regras dele. Ou um jovem senhor de terras manda punir fisicamente um seu capataz ou capit\u00e3o do mato (por ora, torneiro mec\u00e2nico), que n\u00e3o cumpriu o papel que devia &#8211; ou porque suspeita que lhe tenha roubado nas contas da casa-grande e da casa-de-purgar. <\/p>\n<p style=\"text-align: justify;\">Pense-se: um candidato pr\u00f3-escravatura na cidade do mundo que mais recebeu escravos negros, por mais tempo. Como pensa ele dar conta da, hoje, massa de dois milh\u00f5es e meio de escravos alforriados (\u00e9 isso que s\u00e3o, at\u00e9 agora, 120 anos depois) que vivem na Capital Barroca?! Ou dos 4 milh\u00f5es, se incluirmos a Grande Salvador e o Rec\u00f4ncavo?! No tronco do pelourinho, como gostaria ele, sem nenhum disfarce, de fazer com o Presidente da Rep\u00fablica? <\/p>\n<p style=\"text-align: justify;\">Isso tudo justificaria n\u00e3o votar em Grampinho. At\u00e9 porque, Grampinho tem uma faixa de votos que ele n\u00e3o vai perder nunca por ser, hoje, na franca democracia em que Salvador vive, o \u00fanico tipo de voto rigorosamente ideol\u00f3gico: votam nele os carlistas doentes, e fim de papo. Seus \u00edndices de rejei\u00e7\u00e3o est\u00e3o, sempre, maiores que suas inten\u00e7\u00f5es de voto, descontada a margem de erro &#8211; ele \u00e9 primeiro lugar em ambas as hip\u00f3teses. <\/p>\n<p style=\"text-align: justify;\">Escolho Pinheiro por ser quem mais tem chance de derrotar o Carlismo novamente, e n\u00e3o apenas Grampinho. As pesquisas dizem que \u00e9 Imbassa o que mais chance tem &#8211; mas elas, numericamente, s\u00e3o chute, j\u00e1 que estamos ainda a tr\u00eas semanas do primeiro turno. Pinheiro re\u00fane as condi\u00e7\u00f5es porque, primeiro, \u00e9 o \u00fanico em cujo programa eleitoral Lula poder\u00e1 aparecer sempre e sempre no segundo turno (estrategicamente, Lula me interessa, embora o repudie epistemicamente). Ele est\u00e1 babando para &#8220;dar uma surra&#8221;, s\u00f3 que discursiva, neste fedelho &#8211; enquanto Imbassa, ex-carlista de \u00faltima hora, e Jo\u00e3o Henrique, sob as ben\u00e7\u00e3os do oportunista Geddel Vieira Lima, podem sempre ser cooptados (caso haja um segundo turno entre candidaturas anti-carlistas). <\/p>\n<p style=\"text-align: justify;\">Vale lembrar a m\u00e1xima sadeana: n\u00e3o basta matar a Monarquia uma vez &#8211; \u00e9 preciso mat\u00e1-la sempre de novo, e de novo, e depois de morta espica\u00e7\u00e1-la. Tiranias s\u00e3o verdadeiros zumbis (sem trocadilho) pol\u00edticos: em parte por estarem sempre precocemente mortas, nunca morrem de todo definitivamente&#8230; <\/p>\n<p style=\"text-align: justify;\">Nos pr\u00f3ximos dias comentarei a polariza\u00e7\u00e3o das municipais na capital baiana este ano: \u00e9 a \u00fanica em que cada grande partido tem candidato pr\u00f3prio, e dentro de um escopo pol\u00edtico claro (direita, centro direita, centro, centro-esquerda, esquerda). Algo como o pa\u00eds teve nas presidenciais de 1989 &#8211; o que mais uma vez corrobora que a Bahia foi o \u00faltimo lugar da Am\u00e9rica Latina a sair da ditadura militar: estamos c\u00e1 vivendo, em todos os aspectos, os &#8220;anos de abertura&#8221;, tardiamente. <\/p>\n","protected":false},"excerpt":{"rendered":"<p>As elei\u00e7\u00f5es municipais de Salvador, este ano, est\u00e3o n\u00e3o apenas as mais interessantes desde a que elegeu L\u00eddice da Mata, como a mais interessante das capitais brasileiras este ano. E sendo assim, este blog resolveu n\u00e3o apenas coment\u00e1-las, como tomar partido. Fica aqui dito: o \u00daltimo Baile dos Guermantes apoia [&hellip;]<\/p>\n","protected":false},"author":2,"featured_media":0,"comment_status":"closed","ping_status":"open","sticky":false,"template":"","format":"standard","meta":{"footnotes":""},"categories":[9],"tags":[89,86,85,88,87],"class_list":["post-208","post","type-post","status-publish","format-standard","hentry","category-01viver","tag-acm-neto","tag-anti-carlismo","tag-carlismo","tag-grampinho","tag-walter-pinheiro"],"_links":{"self":[{"href":"https:\/\/www.ultimobaile.com\/index.php?rest_route=\/wp\/v2\/posts\/208","targetHints":{"allow":["GET"]}}],"collection":[{"href":"https:\/\/www.ultimobaile.com\/index.php?rest_route=\/wp\/v2\/posts"}],"about":[{"href":"https:\/\/www.ultimobaile.com\/index.php?rest_route=\/wp\/v2\/types\/post"}],"author":[{"embeddable":true,"href":"https:\/\/www.ultimobaile.com\/index.php?rest_route=\/wp\/v2\/users\/2"}],"replies":[{"embeddable":true,"href":"https:\/\/www.ultimobaile.com\/index.php?rest_route=%2Fwp%2Fv2%2Fcomments&post=208"}],"version-history":[{"count":9,"href":"https:\/\/www.ultimobaile.com\/index.php?rest_route=\/wp\/v2\/posts\/208\/revisions"}],"predecessor-version":[{"id":4505,"href":"https:\/\/www.ultimobaile.com\/index.php?rest_route=\/wp\/v2\/posts\/208\/revisions\/4505"}],"wp:attachment":[{"href":"https:\/\/www.ultimobaile.com\/index.php?rest_route=%2Fwp%2Fv2%2Fmedia&parent=208"}],"wp:term":[{"taxonomy":"category","embeddable":true,"href":"https:\/\/www.ultimobaile.com\/index.php?rest_route=%2Fwp%2Fv2%2Fcategories&post=208"},{"taxonomy":"post_tag","embeddable":true,"href":"https:\/\/www.ultimobaile.com\/index.php?rest_route=%2Fwp%2Fv2%2Ftags&post=208"}],"curies":[{"name":"wp","href":"https:\/\/api.w.org\/{rel}","templated":true}]}}