{"id":2076,"date":"2009-12-11T12:43:20","date_gmt":"2009-12-11T15:43:20","guid":{"rendered":"http:\/\/www.ultimobaile.com\/?p=2076"},"modified":"2025-12-24T13:03:36","modified_gmt":"2025-12-24T16:03:36","slug":"o-som-das-sextas-xii","status":"publish","type":"post","link":"https:\/\/www.ultimobaile.com\/?p=2076","title":{"rendered":"O Som das Sextas &#8211; XII"},"content":{"rendered":"<p style=\"text-align: center;\"><img loading=\"lazy\" decoding=\"async\" class=\"aligncenter size-full wp-image-2077\" title=\"radiola_bigger\" src=\"https:\/\/www.ultimobaile.com\/wp-content\/uploads\/2009\/12\/radiola_bigger.jpg\" alt=\"radiola_bigger\" width=\"73\" height=\"73\" \/><\/p>\n<p style=\"text-align: center;\"><strong><em>&#8230; gelo liso \u00e9 para\u00edso, pra quem sabe dan\u00e7ar&#8230;<\/em><\/strong><\/p>\n<p style=\"text-align: justify;\">Ver\u00e3o chegando, e Salvador come\u00e7a a n\u00e3o dormir &#8211; e eu com ela. E n\u00e3o estamos falando de ax\u00e9-music&#8230;<\/p>\n<p style=\"text-align: center;\"><strong><em>&#8230; gelo liso \u00e9 para\u00edso&#8230;<\/em><\/strong><\/p>\n<p style=\"text-align: justify;\">Ningu\u00e9m pense que a mir\u00edade r\u00edtmica que comp\u00f5e o p\u00f3s-axezismo n\u00e3o seja dan\u00e7ante. \u00c9, e muito!<\/p>\n<p style=\"text-align: center;\"><strong><em>&#8230; pra quem sabe dan\u00e7ar&#8230;<\/em><\/strong><\/p>\n<p style=\"text-align: justify;\">E foi o <strong><a href=\"http:\/\/www.myspace.com\/bandaradiola\" target=\"_blank\">Radiola<\/a><\/strong> quem mais \u00eanfase deu nisso: m\u00fasica, pra dan\u00e7ar. Letra m\u00ednima, ou inexistente. Vindo do melhor funk de Tim Maia e James Brown.<\/p>\n<p style=\"text-align: center;\"><strong><em>&#8230; gelo liso&#8230; pra quem sabe&#8230;<\/em><\/strong><\/p>\n<p style=\"text-align: justify;\">Com repercuss\u00e3o at\u00e9 em Barcelona, como no v\u00eddeo abaixo, fazer m\u00fasica dan\u00e7ante com letra boba n\u00e3o \u00e9 fazer m\u00fasica boba.<\/p>\n<p style=\"text-align: center;\"><strong><em>&#8230; para\u00edso&#8230; dan\u00e7ar&#8230;<\/em><\/strong><\/p>\n<p style=\"text-align: justify;\"><strong><span style=\"font-weight: normal;\">E assim, reduzindo a letra a um s\u00f3 verso que diz tudo sobre o que foi o anti-axezismo (onde, sobre gelo liso, aprendemos a dan\u00e7ar &#8211; e nas piores condi\u00e7\u00f5es, a fazer e divulgar boa m\u00fasica, apesar da plutocracia axezeira), e n\u00e3o diz nada &#8211; o <strong><a href=\"http:\/\/www.bandaradiola.com.br\/index.html\" target=\"_blank\">Radiola<\/a><\/strong> fez a can\u00e7\u00e3o-m\u00ednima.<\/span><\/strong><\/p>\n<p style=\"text-align: center;\"><strong><em>Gelo-Liso \u00c9 Para\u00edso Pra Quem Sabe Dan\u00e7ar.<\/em><\/strong><\/p>\n<p style=\"text-align: center;\"><object classid=\"clsid:d27cdb6e-ae6d-11cf-96b8-444553540000\" width=\"560\" height=\"340\" codebase=\"http:\/\/download.macromedia.com\/pub\/shockwave\/cabs\/flash\/swflash.cab#version=6,0,40,0\"><param name=\"allowFullScreen\" value=\"true\" \/><param name=\"allowscriptaccess\" value=\"always\" \/><param name=\"src\" value=\"http:\/\/www.youtube.com\/v\/kYPUnRYk-CI&amp;hl=en_US&amp;fs=1&amp;\" \/><param name=\"allowfullscreen\" value=\"true\" \/><embed type=\"application\/x-shockwave-flash\" width=\"560\" height=\"340\" src=\"http:\/\/www.youtube.com\/v\/kYPUnRYk-CI&amp;hl=en_US&amp;fs=1&amp;\" allowscriptaccess=\"always\" allowfullscreen=\"true\"><\/embed><\/object><\/p>\n","protected":false},"excerpt":{"rendered":"<p>&#8230; gelo liso \u00e9 para\u00edso, pra quem sabe dan\u00e7ar&#8230; Ver\u00e3o chegando, e Salvador come\u00e7a a n\u00e3o dormir &#8211; e eu com ela. E n\u00e3o estamos falando de ax\u00e9-music&#8230; &#8230; gelo liso \u00e9 para\u00edso&#8230; Ningu\u00e9m pense que a mir\u00edade r\u00edtmica que comp\u00f5e o p\u00f3s-axezismo n\u00e3o seja dan\u00e7ante. \u00c9, e muito! &#8230; [&hellip;]<\/p>\n","protected":false},"author":2,"featured_media":0,"comment_status":"closed","ping_status":"open","sticky":false,"template":"","format":"standard","meta":{"footnotes":""},"categories":[933],"tags":[20,285,883,1202,1200,1203,1201,15,1204],"class_list":["post-2076","post","type-post","status-publish","format-standard","hentry","category-o-retorno-da-cancao","tag-bahia","tag-brasil","tag-cancao","tag-funk","tag-gelo-liso-e-paraiso-pra-quem-sabe-dancar","tag-nietszche","tag-radiola","tag-salvador","tag-soul"],"_links":{"self":[{"href":"https:\/\/www.ultimobaile.com\/index.php?rest_route=\/wp\/v2\/posts\/2076","targetHints":{"allow":["GET"]}}],"collection":[{"href":"https:\/\/www.ultimobaile.com\/index.php?rest_route=\/wp\/v2\/posts"}],"about":[{"href":"https:\/\/www.ultimobaile.com\/index.php?rest_route=\/wp\/v2\/types\/post"}],"author":[{"embeddable":true,"href":"https:\/\/www.ultimobaile.com\/index.php?rest_route=\/wp\/v2\/users\/2"}],"replies":[{"embeddable":true,"href":"https:\/\/www.ultimobaile.com\/index.php?rest_route=%2Fwp%2Fv2%2Fcomments&post=2076"}],"version-history":[{"count":1,"href":"https:\/\/www.ultimobaile.com\/index.php?rest_route=\/wp\/v2\/posts\/2076\/revisions"}],"predecessor-version":[{"id":2078,"href":"https:\/\/www.ultimobaile.com\/index.php?rest_route=\/wp\/v2\/posts\/2076\/revisions\/2078"}],"wp:attachment":[{"href":"https:\/\/www.ultimobaile.com\/index.php?rest_route=%2Fwp%2Fv2%2Fmedia&parent=2076"}],"wp:term":[{"taxonomy":"category","embeddable":true,"href":"https:\/\/www.ultimobaile.com\/index.php?rest_route=%2Fwp%2Fv2%2Fcategories&post=2076"},{"taxonomy":"post_tag","embeddable":true,"href":"https:\/\/www.ultimobaile.com\/index.php?rest_route=%2Fwp%2Fv2%2Ftags&post=2076"}],"curies":[{"name":"wp","href":"https:\/\/api.w.org\/{rel}","templated":true}]}}