{"id":2074,"date":"2009-12-06T13:02:39","date_gmt":"2009-12-06T16:02:39","guid":{"rendered":"http:\/\/www.ultimobaile.com\/?p=2074"},"modified":"2025-12-24T13:03:36","modified_gmt":"2025-12-24T16:03:36","slug":"questao-de-metodo","status":"publish","type":"post","link":"https:\/\/www.ultimobaile.com\/?p=2074","title":{"rendered":"Quest\u00e3o de M\u00e9todo"},"content":{"rendered":"<p style=\"text-align: justify;\"><img loading=\"lazy\" decoding=\"async\" class=\"aligncenter size-full wp-image-1770\" title=\"teatro\" src=\"https:\/\/www.ultimobaile.com\/wp-content\/uploads\/2009\/09\/teatro.jpg\" alt=\"teatro\" width=\"500\" height=\"536\" srcset=\"https:\/\/www.ultimobaile.com\/wp-content\/uploads\/2009\/09\/teatro.jpg 500w, https:\/\/www.ultimobaile.com\/wp-content\/uploads\/2009\/09\/teatro-279x300.jpg 279w\" sizes=\"auto, (max-width: 500px) 100vw, 500px\" \/><\/p>\n<p style=\"text-align: justify;\">O blog <a href=\"http:\/\/culturanauti.blogspot.com\/2009\/11\/classe-artistica-pode-e-deve.html\" target=\"_blank\">Cultura na UTI<\/a>, que faz oposi\u00e7\u00e3o a gest\u00e3o de M\u00e1rcio Meirelles a frente da Secretaria de Cultura do Estado da Bahia (oposi\u00e7\u00e3o, e n\u00e3o cr\u00edtica; cr\u00edtica fa\u00e7o eu, faz o Terra Magazine, entre outros) publicou artico revelador (para o bem e para o mal, e revelador tanto a respeito do UTI quanto da SECULT). Segue trecho &amp; coment\u00e1rios:<\/p>\n<blockquote style=\"text-align: justify;\">\n<p style=\"text-align: justify;\">A classe art\u00edstica pode e deve imediatamente reagir a declara\u00e7\u00e3o (jornal A TARDE, 27.11.2009, p\u00e1g. A-8, editoria de Salvador) arrogante e c\u00ednica do diretor do Teatro Castro Alves quando, para tentar justificar a aus\u00eancia de inscri\u00e7\u00f5es para os editais do N\u00facleo do TCA, disse: \u201cMeu questionamento a isso tudo \u00e9 que talvez essa propalada crise na cultura esteja acontecendo dentro do cerne (sic) dos criadores. Mas vamos relan\u00e7ar o edital do tema livre ainda em dezembro em data a ser anunciada at\u00e9 o fim da semana que vem&#8230; no caso de novamente n\u00e3o haver inscritos com documenta\u00e7\u00e3o em ordem minha posi\u00e7\u00e3o \u00e9 de que n\u00e3o haja uma terceira tentativa&#8230; \u201c<\/p>\n<\/blockquote>\n<p style=\"text-align: justify;\">Vamos aos fatos: o <strong>Cultura na UTI<\/strong> reclamou que os editais do Teatro Castro Alves, e outros para o setor c\u00eanico, eram parcos em valor, e poucos em quantidade. O TCA vai l\u00e1 e praticamente dobra o edital deste ano: pode-se concorrer com pe\u00e7as infantis, ser\u00e3o dois selecionados por categoria (adulto e infantil), com valores maiores, e exig\u00eancias mais flex\u00edveis (o n\u00famero de atores exigido no edital de 2008 eram muito r\u00edgido).<\/p>\n<p style=\"text-align: justify;\">Isso disse a mim Moacyr Gramacho numa coletiva sobre o lan\u00e7amento do edital do N\u00facleo TCA h\u00e1 dois meses atr\u00e1s, numa coletiva para a qual acorreu, al\u00e9m de mim, uma jornalista do Jornal J\u00e1 Vai Tarde, apenas.<\/p>\n<p style=\"text-align: justify;\">Preste bem aten\u00e7\u00e3o, leitor: uma coletiva. Do diretor do maior complexo c\u00eanico do pa\u00eds (tr\u00eas palcos, foyer, jardim suspenso, 16 salas de ensaio, duas sinf\u00f4nicas, etc.) do pa\u00eds. Sobre a duplica\u00e7\u00e3o de editais de fomento a teatro, em todos os aspectos. E vai uma jornalista, apressada, e um blogueiro. Apenas. Parece-lhe normal uma situa\u00e7\u00e3o dessas?<\/p>\n<p style=\"text-align: justify;\">Curios\u00edssima \u00e9 o que o Cultura na UTI faz quando, como agora, tem suas reivindica\u00e7\u00f5es atendidas: ningu\u00e9m se inscreve nos editais. Sim, h\u00e1 menos inscritos do que vagas previstas, <a href=\"https:\/\/www.ultimobaile.com\/?p=2018&amp;cpage=1#comment-796\" target=\"_blank\">como um leitor me alertou h\u00e1 semanas atr\u00e1s<\/a>.<\/p>\n<p style=\"text-align: justify;\">Ora, por que? H\u00e1-de se supor que o UTI tenha motivos para tal. Alegam que os editais t\u00eam sele\u00e7\u00e3o viciada contemplando uma &#8220;panelinha&#8221;; que n\u00e3o s\u00e3o pagos a tempo; e que exigem rigores e prazos a que um artista, ref\u00e9m de sua inspira\u00e7\u00e3o (?), n\u00e3o pode cumprir. Mais: recusa-se a ter como parte do trabalho a realiza\u00e7\u00e3o de oficina com os usu\u00e1rios, pobres, do Centro Cultural de Plataforma, no sub\u00farbio ferrovi\u00e1rio de Salvador.<\/p>\n<p style=\"text-align: center;\"><strong>* * *<\/strong><\/p>\n<p style=\"text-align: justify;\">Por partes: dizer que o edital \u00e9 viciado, e s\u00f3 escolhe as mesmas pessoas, \u00e9 uma fal\u00e1cia. O sistema de editais s\u00f3 se realiza desde 2007. Dois eventos n\u00e3o configura representatividade estat\u00edstica sequer intuitiva. Ademais, ainda que seja verdade: n\u00e3o se inscrever diminui a chance de isso acontecer? Como? A mim, parece profecia auto-realizada: s\u00f3 escolhem os mesmos; ent\u00e3o n\u00e3o me inscrevo; viu que n\u00e3o me escolheram?! &#8211; \u00e9 panelinha; ent\u00e3o n\u00e3o me inscrevo; ent\u00e3o n\u00e3o me escolhem; ent\u00e3o \u00e9 panelilha; ent\u00e3o n\u00e3o me inscrevo &#8211; <em>ad infinitum ut nauseam<\/em>.<\/p>\n<p style=\"text-align: justify;\">De fato, o Estado n\u00e3o tem pagado as contas da Cultura a tempo. A culpa \u00e9 mormente do \u00faltimo bunker do carlismo: a Procuradoria Geral do Estado (PGE). Tudo que vai parar l\u00e1, estanca &#8211; e a SECULT tem sido alvo preferencial (talvez porque <a href=\"https:\/\/www.ultimobaile.com\/?p=1266\" target=\"_blank\">o Governo Wagner recolocou a Cultura como uma quest\u00e3o pol\u00edtica, e eleitoral, central<\/a>). N\u00e3o obstante, na supracitada entrevista coletiva, Moacyr Gramacho garantiu o pagamento a tempo e em volume exato. O TCA tem, al\u00e9m da conta do Fundo de Cultura do Estado da Bahia (de onde sai o dinheiro dos editais), uma conta pr\u00f3pria, independente, cujo dinheiro tem origem em venda de bilhetes, pagamento de pauta dos palcos, propagandas institucionais feitas no TCA por empresas. Na gest\u00e3o atual, este fundo ampliou suas reservas com uma negocia\u00e7\u00e3o de pauta e publicidade mais din\u00e2mica e agressiva. Portanto, o pagamento poderia sair do fundo pr\u00f3prio do TCA, caso a PGE e o Fundo de Cultura dessem algum pepino.<\/p>\n<p style=\"text-align: justify;\">Isso foi dito numa coletiva, e publicado no <em>Jornal A Tarde<\/em> do dia seguinte. &#8211; a que n\u00e3o acorreu nenhum dos interessados do Cultura na UTI que, agora que t\u00eam um blog, deveriam saber que s\u00e3o t\u00e3o imprensa quanto n\u00f3s aqui ou quanto o <em>Jornal J\u00e1 Vai Tarde<\/em>. E deveria comparecer, questionar e publicar sobre isso &#8211; mesmo em discord\u00e2ncia, e para-al\u00e9m de seu interesse como produtores e potenciais prestadores de servi\u00e7os ao Estado.<\/p>\n<p style=\"text-align: center;\"><strong>* * *<\/strong><\/p>\n<p style=\"text-align: justify;\">Como sabem, sou escritor e participo de concursos liter\u00e1rios, p\u00fablicos e privados, Brasil afora. E portanto, agora falo n\u00e3o como servidor de carreira, ou debatedor pol\u00edtico &#8211; mas como algu\u00e9m que se identifica totalmente ao Cultura na UTI, posto que tamb\u00e9m fico ref\u00e9m de editais.<\/p>\n<p style=\"text-align: justify;\">Os editais de produ\u00e7\u00e3o liter\u00e1ria t\u00eam, em geral, exig\u00eancias esdr\u00faxulas, prazos neurotizantes, etc. Consigo cumprir quase todos. Pergunto: porque o povo de Teatro n\u00e3o conseguiria? O fato de ser uma cria\u00e7\u00e3o coletiva \u00e9 um problema certamente &#8211; contudo, n\u00e3o um empecilho.<\/p>\n<p style=\"text-align: justify;\">Disse &#8220;Brasil a fora&#8221; porque a PGE n\u00e3o permite que servidores de outas categorias do Estado concorram em certames da Secretaria de Cultura do Estado. Eu sou da Sa\u00fade, em nada minha participa\u00e7\u00e3o tornaria os certames suspeitos. Em Minas Gerais, estado parecid\u00edssimo com a Bahia em dimens\u00f5es geopol\u00edticas, e exemplo de transpar\u00eancia e efici\u00eancia administrativa, permite que qualquer cidad\u00e3o se inscreva nos certames da Cultura Estadual &#8211; desde que n\u00e3o seja servidor da Cultura. \u00c9 de Sa\u00fade, Administra\u00e7\u00e3o, Educa\u00e7\u00e3o? Pode, e deve, se inscrever!<\/p>\n<p style=\"text-align: justify;\">Pense-se o preju\u00edzo que isso causa \u00e0s pequenas cidades do interior bahiano, em que os produtores e fomentadores de cultura provavelmente s\u00e3o eles pr\u00f3prios servidores estaduais de outras \u00e1reas &#8211; e por isso impedidos de concorrer. \u00c9 um problema sobre o qual mais de um gestor da SECULT me disse estar atentamente preocupado, e tentando de todo modo resolver.<\/p>\n<p style=\"text-align: justify;\">Ainda sobre editais, \u00e9 muito incomodo para n\u00f3s, artistas, quando cumprindo tudo, os resultados n\u00e3o s\u00e3o entregues no prazo, ou o pr\u00eamio, e nada \u00e9 dito a respeito. Se os editais da SECULT-BA t\u00eam atrasado, ao menos t\u00eam sido dadas sistem\u00e1ticas explica\u00e7\u00f5es e esclarecimentos. H\u00e1 alguns de que participei em outros estados onde tudo atrasa, e ningu\u00e9m avisa nada a ningu\u00e9m. Fico puto! E por vezes passo a boicotar tais certames (notem que na aba <a href=\"https:\/\/www.ultimobaile.com\/?page_id=1508\" target=\"_blank\">Concursos Liter\u00e1rios<\/a> aqui, quase todos t\u00eam como ponto de minha avalia\u00e7\u00e3o o \u00edtem &#8220;Defeitos&#8221;). N\u00e3o sou o \u00fanico: a galera do <a href=\"http:\/\/www.meiotom.art.br\/conlite.htm\" target=\"_blank\">blog Meio-Tom<\/a> faz, corretamente, o mesmo.<\/p>\n<p style=\"text-align: center;\"><strong>* * *<\/strong><\/p>\n<p style=\"text-align: justify;\">Sobre o t\u00f3pico da recusa em prestar oficinas a garotos do sub\u00farbio como parte das obriga\u00e7\u00f5es do vencedor dos editais, \u00e9 t\u00e3o torpe e <em>carlista-fashion<\/em> que eu me recuso a comentar.<\/p>\n<p style=\"text-align: center;\"><strong>* * *<\/strong><\/p>\n<p style=\"text-align: justify;\">Claro: n\u00e3o dependo de minha literatura para sobreviver, diferente de quem optou por viver da Cultura apenas, como o povo de teatro. Mas <a href=\"https:\/\/www.ultimobaile.com\/?p=1767\" target=\"_blank\">outros setores, como o de m\u00fasica, est\u00e1 em geral bastante satisfeito<\/a> &#8211; e era o setor que mais sofria no auge do carlo-axezismo, por motivos auto-evidentes.<\/p>\n<p style=\"text-align: justify;\">O que coloco \u00e9 que o m\u00e9todo de combate e embate do <strong>Cultura na UTI<\/strong> \u00e9 completamente ultrapassado: agem como se fossem militantes clandestinos da UNE lutando contra uma ditadura &#8211; quando \u00e9 o justo oposto: a tirania acabou em 2006, como at\u00e9 as pedras portuguesas alijadas do Porto da Barra sabem.<\/p>\n<p style=\"text-align: justify;\">Cheira a mofo tais m\u00e9todos. Traz barulho, e pouco resultado. Torna-se um sintoma, e um gozo algo masoquista. Como tenho alguns amigos e conhecidos a que admiro tamb\u00e9m no <strong>Cultura na UTI<\/strong>, \u00e9 um conselho e um pedido que aqui fa\u00e7o: posturas firmas, entretanto mais dial\u00f3gicas, s\u00e3o mais eficientes &#8211; experimentem-nas, como ali\u00e1s <a href=\"https:\/\/www.ultimobaile.com\/?p=1236\" target=\"_blank\">Fernando Marinho tentou fazer num epis\u00f3dio deste ano<\/a>, com bons efeitos.<\/p>\n","protected":false},"excerpt":{"rendered":"<p>O blog Cultura na UTI, que faz oposi\u00e7\u00e3o a gest\u00e3o de M\u00e1rcio Meirelles a frente da Secretaria de Cultura do Estado da Bahia (oposi\u00e7\u00e3o, e n\u00e3o cr\u00edtica; cr\u00edtica fa\u00e7o eu, faz o Terra Magazine, entre outros) publicou artico revelador (para o bem e para o mal, e revelador tanto a [&hellip;]<\/p>\n","protected":false},"author":2,"featured_media":0,"comment_status":"closed","ping_status":"open","sticky":false,"template":"","format":"standard","meta":{"footnotes":""},"categories":[9],"tags":[20,285,264,927,651,1196,656,1195,152,1197,1199,1198,653,15,1194,155,171,57,200],"class_list":["post-2074","post","type-post","status-publish","format-standard","hentry","category-01viver","tag-bahia","tag-brasil","tag-centro-cultural-de-plataforma","tag-cultura-na-uti","tag-editais","tag-edtial","tag-fernando-marinho","tag-gideon-rosa","tag-marcio-meirelles","tag-nucelo-tca","tag-pge","tag-procuradoria-geral-do-estado","tag-sala-do-coro","tag-salvador","tag-secretaria-da-cultura","tag-secult","tag-tca","tag-teatro","tag-teatro-castro-alves"],"_links":{"self":[{"href":"https:\/\/www.ultimobaile.com\/index.php?rest_route=\/wp\/v2\/posts\/2074","targetHints":{"allow":["GET"]}}],"collection":[{"href":"https:\/\/www.ultimobaile.com\/index.php?rest_route=\/wp\/v2\/posts"}],"about":[{"href":"https:\/\/www.ultimobaile.com\/index.php?rest_route=\/wp\/v2\/types\/post"}],"author":[{"embeddable":true,"href":"https:\/\/www.ultimobaile.com\/index.php?rest_route=\/wp\/v2\/users\/2"}],"replies":[{"embeddable":true,"href":"https:\/\/www.ultimobaile.com\/index.php?rest_route=%2Fwp%2Fv2%2Fcomments&post=2074"}],"version-history":[{"count":1,"href":"https:\/\/www.ultimobaile.com\/index.php?rest_route=\/wp\/v2\/posts\/2074\/revisions"}],"predecessor-version":[{"id":2075,"href":"https:\/\/www.ultimobaile.com\/index.php?rest_route=\/wp\/v2\/posts\/2074\/revisions\/2075"}],"wp:attachment":[{"href":"https:\/\/www.ultimobaile.com\/index.php?rest_route=%2Fwp%2Fv2%2Fmedia&parent=2074"}],"wp:term":[{"taxonomy":"category","embeddable":true,"href":"https:\/\/www.ultimobaile.com\/index.php?rest_route=%2Fwp%2Fv2%2Fcategories&post=2074"},{"taxonomy":"post_tag","embeddable":true,"href":"https:\/\/www.ultimobaile.com\/index.php?rest_route=%2Fwp%2Fv2%2Ftags&post=2074"}],"curies":[{"name":"wp","href":"https:\/\/api.w.org\/{rel}","templated":true}]}}