{"id":2063,"date":"2009-12-02T18:58:41","date_gmt":"2009-12-02T21:58:41","guid":{"rendered":"http:\/\/www.ultimobaile.com\/?p=2063"},"modified":"2025-12-24T13:03:36","modified_gmt":"2025-12-24T16:03:36","slug":"roleta-russa-politica","status":"publish","type":"post","link":"https:\/\/www.ultimobaile.com\/?p=2063","title":{"rendered":"Roleta-russa Pol\u00edtica"},"content":{"rendered":"<p style=\"text-align: justify;\">\n<div id=\"attachment_1710\" style=\"width: 284px\" class=\"wp-caption aligncenter\"><img loading=\"lazy\" decoding=\"async\" aria-describedby=\"caption-attachment-1710\" class=\"size-full wp-image-1710\" title=\"novocoronel1_34\" src=\"https:\/\/www.ultimobaile.com\/wp-content\/uploads\/2009\/08\/novocoronel1_34.jpg\" alt=\"A pressa &amp; o expresso: presuntinho assado.\" width=\"274\" height=\"300\" \/><p id=\"caption-attachment-1710\" class=\"wp-caption-text\">A pressa &amp; o expresso: presuntinho assado.<\/p><\/div>\n<p style=\"text-align: justify;\">Do <a href=\"Ningu\u00e9m ouviu uma palavra dele, tiraram a r\u00e1dio do ar, dizem que foi o governo, ele nem ficou na cidade, n\u00e3o protestou... ...(Gargalhadas) Meu filho, quem tirou a r\u00e1dio do ar, r\u00e1dio que \u00e9 da igreja, foi o bispo mesmo, para n\u00e3o ter que falar da festa. E o bispo falou o dia inteiro, a cidade inteira ouviu, de tempos em tempos, o dia todo...  Mas falou onde? Falou com os sinos da igreja...  Como? Falou com os sinos, eles tocaram o dia todinho.  A senhora me explica melhor, por favor, Dona Joana? Meu filho, os sinos tocaram, dobraram o dia inteiro...  Dobraram o qu\u00ea? (Gargalhadas) ...Dobraram a Finados. Teve festa pro Lula, pro governador, mas os sinos daqui da Barra dobraram a Finados o dia inteiro. Para o Geddel.\" target=\"_blank\">Terra Magazine<\/a> (de tempos atr\u00e1s, mas vale reler diante dos novos fatos):<\/p>\n<blockquote style=\"text-align: justify;\">\n<p style=\"font-family: Arial, Helvetica, sans-serif; background-repeat: no-repeat; margin-top: 0px; margin-right: 0px; margin-bottom: 18px; margin-left: 0px; font-size: 14px; line-height: 20px; padding: 0px; border: initial none initial;\">(&#8230;)<\/p>\n<p style=\"font-family: Arial, Helvetica, sans-serif; background-repeat: no-repeat; margin-top: 0px; margin-right: 0px; margin-bottom: 18px; margin-left: 0px; font-size: 14px; line-height: 20px; padding: 0px; border: initial none initial;\"><strong>Mas e a hist\u00f3ria da r\u00e1dio&#8230;?<\/strong><br style=\"font-family: Arial, Helvetica, sans-serif; background-repeat: no-repeat; padding: 0px; margin: 0px; border: initial none initial;\" \/>Meu filho, o problema n\u00e3o \u00e9 o Lula, que \u00e9 amado pelo povo, nem o governador&#8230;<\/p>\n<p style=\"font-family: Arial, Helvetica, sans-serif; background-repeat: no-repeat; margin-top: 0px; margin-right: 0px; margin-bottom: 18px; margin-left: 0px; font-size: 14px; line-height: 20px; padding: 0px; border: initial none initial;\"><strong>O Jaques Wagner?<\/strong><br style=\"font-family: Arial, Helvetica, sans-serif; background-repeat: no-repeat; padding: 0px; margin: 0px; border: initial none initial;\" \/>Isso, ele \u00e9 bem bonit\u00e3o, sabe? \u00c9 simp\u00e1tico, o povo gosta muito dele tamb\u00e9m. Acho que at\u00e9 porque sabe que ele tamb\u00e9m gosta de uma pingazinha, como o povo tamb\u00e9m gosta&#8230;<\/p>\n<p style=\"font-family: Arial, Helvetica, sans-serif; background-repeat: no-repeat; margin-top: 0px; margin-right: 0px; margin-bottom: 18px; margin-left: 0px; font-size: 14px; line-height: 20px; padding: 0px; border: initial none initial;\"><strong>&#8230;se o problema n\u00e3o \u00e9 Lula, se n\u00e3o \u00e9 o Jaques Wagner, ent\u00e3o qual \u00e9 o problema?<\/strong><br style=\"font-family: Arial, Helvetica, sans-serif; background-repeat: no-repeat; padding: 0px; margin: 0px; border: initial none initial;\" \/>O problema aqui, meu filho, \u00e9 o Geddel.<\/p>\n<p style=\"font-family: Arial, Helvetica, sans-serif; background-repeat: no-repeat; margin-top: 0px; margin-right: 0px; margin-bottom: 18px; margin-left: 0px; font-size: 14px; line-height: 20px; padding: 0px; border: initial none initial;\"><strong>O ministro da Integra\u00e7\u00e3o Nacional, Geddel Vieira Lima? Mas por que ele \u00e9 o problema se as decis\u00f5es sobre o rio s\u00e3o tomadas acima dele?<\/strong><br style=\"font-family: Arial, Helvetica, sans-serif; background-repeat: no-repeat; padding: 0px; margin: 0px; border: initial none initial;\" \/>Sim, mas ele se dizia contra a Transposi\u00e7\u00e3o&#8230; a\u00ed arranjou esse emprego bom e ficou a favor. Mas isso n\u00e3o foi o pior, n\u00e3o&#8230;<\/p>\n<p style=\"font-family: Arial, Helvetica, sans-serif; background-repeat: no-repeat; margin-top: 0px; margin-right: 0px; margin-bottom: 18px; margin-left: 0px; font-size: 14px; line-height: 20px; padding: 0px; border: initial none initial;\"><strong>O que foi, ent\u00e3o?<\/strong><br style=\"font-family: Arial, Helvetica, sans-serif; background-repeat: no-repeat; padding: 0px; margin: 0px; border: initial none initial;\" \/>Ele foi muito deselegante com o bispo, e o povo gosta do bispo. Ele foi mal comportado, n\u00e3o \u00e9 flor que se cheire. Ou, como diz o povo daqui, Geddel n\u00e3o \u00e9 boa abelha, n\u00e3o!<\/p>\n<p style=\"font-family: Arial, Helvetica, sans-serif; background-repeat: no-repeat; margin-top: 0px; margin-right: 0px; margin-bottom: 18px; margin-left: 0px; font-size: 14px; line-height: 20px; padding: 0px; border: initial none initial;\">(&#8230;)<\/p>\n<p style=\"font-family: Arial, Helvetica, sans-serif; background-repeat: no-repeat; margin-top: 0px; margin-right: 0px; margin-bottom: 18px; margin-left: 0px; font-size: 14px; line-height: 20px; padding: 0px; border: initial none initial;\"><strong>Ningu\u00e9m ouviu uma palavra dele, tiraram a r\u00e1dio do ar, dizem que foi o governo, ele nem ficou na cidade, n\u00e3o protestou&#8230;<\/strong><br style=\"font-family: Arial, Helvetica, sans-serif; background-repeat: no-repeat; padding: 0px; margin: 0px; border: initial none initial;\" \/>&#8230;(<em>Gargalhadas<\/em>) Meu filho, quem tirou a r\u00e1dio do ar, r\u00e1dio que \u00e9 da igreja, foi o bispo mesmo, para n\u00e3o ter que falar da festa. E o bispo falou o dia inteiro, a cidade inteira ouviu, de tempos em tempos, o dia todo&#8230;<\/p>\n<p style=\"font-family: Arial, Helvetica, sans-serif; background-repeat: no-repeat; margin-top: 0px; margin-right: 0px; margin-bottom: 18px; margin-left: 0px; font-size: 14px; line-height: 20px; padding: 0px; border: initial none initial;\"><strong>Mas falou onde?<\/strong><br style=\"font-family: Arial, Helvetica, sans-serif; background-repeat: no-repeat; padding: 0px; margin: 0px; border: initial none initial;\" \/>Falou com os sinos da igreja&#8230;<\/p>\n<p style=\"font-family: Arial, Helvetica, sans-serif; background-repeat: no-repeat; margin-top: 0px; margin-right: 0px; margin-bottom: 18px; margin-left: 0px; font-size: 14px; line-height: 20px; padding: 0px; border: initial none initial;\"><strong>Como?<\/strong><br style=\"font-family: Arial, Helvetica, sans-serif; background-repeat: no-repeat; padding: 0px; margin: 0px; border: initial none initial;\" \/>Falou com os sinos, eles tocaram o dia todinho.<\/p>\n<p style=\"font-family: Arial, Helvetica, sans-serif; background-repeat: no-repeat; margin-top: 0px; margin-right: 0px; margin-bottom: 18px; margin-left: 0px; font-size: 14px; line-height: 20px; padding: 0px; border: initial none initial;\"><strong>A senhora me explica melhor, por favor, Dona Joana?<\/strong><br style=\"font-family: Arial, Helvetica, sans-serif; background-repeat: no-repeat; padding: 0px; margin: 0px; border: initial none initial;\" \/>Meu filho, os sinos tocaram, dobraram o dia inteiro&#8230;<\/p>\n<p style=\"font-family: Arial, Helvetica, sans-serif; background-repeat: no-repeat; margin-top: 0px; margin-right: 0px; margin-bottom: 18px; margin-left: 0px; font-size: 14px; line-height: 20px; text-align: justify; padding: 0px;\"><strong>Dobraram o qu\u00ea?<\/strong><br style=\"font-family: Arial, Helvetica, sans-serif; background-repeat: no-repeat; padding: 0px; margin: 0px; border: initial none initial;\" \/>(<em>Gargalhadas<\/em>) &#8230;Dobraram a Finados. Teve festa pro Lula, pro governador, mas os sinos daqui da Barra dobraram a Finados o dia inteiro. Para o Geddel.<\/p>\n<\/blockquote>\n<p style=\"font-family: Arial, Helvetica, sans-serif; background-repeat: no-repeat; margin-top: 0px; margin-right: 0px; margin-bottom: 18px; margin-left: 0px; font-size: 14px; line-height: 20px; text-align: justify; padding: 0px;\"><a href=\"https:\/\/www.ultimobaile.com\/?p=1342\" target=\"_blank\">Dissemos j\u00e1 aqui antes<\/a>, e alhures: Geddel Vieira Lima n\u00e3o se elege nem prefeito de Jacobina, caso queira. Mas, garganteia-se (e h\u00e1 quem creia, na capital especialmente), que &#8220;Geddel tem for\u00e7a no interior&#8221;.<\/p>\n<p style=\"font-family: Arial, Helvetica, sans-serif; background-repeat: no-repeat; margin-top: 0px; margin-right: 0px; margin-bottom: 18px; margin-left: 0px; font-size: 14px; line-height: 20px; text-align: justify; padding: 0px;\">Pergunto-vos: que interior? &#8211; j\u00e1 que a Bahia tem desde cerrado a extremo sul, Rec\u00f4ncavo, alto sert\u00e3o, S\u00e3o Francisco, etc.<\/p>\n<p style=\"font-family: Arial, Helvetica, sans-serif; background-repeat: no-repeat; margin-top: 0px; margin-right: 0px; margin-bottom: 18px; margin-left: 0px; font-size: 14px; line-height: 20px; text-align: justify; padding: 0px;\">Diziam: &#8220;no Rec\u00f4ncavo&#8221;. Em Cachoeira, <a href=\"https:\/\/www.ultimobaile.com\/?p=1708\" target=\"_blank\">durante a Festa de Nossa Senhora da Boa Morte, s\u00f3 vi faixas contra o prefeito Tato, do partido de Geddel<\/a>, sen\u00e3o contra o pr\u00f3prio Ministro. H\u00e1 duas semanas, no Embalo D&#8217;Ajuda (a mais cachoeirana de todas as festas), se dizia que no Rec\u00f4ncavo nem voto pra deputado federal ele teria.<\/p>\n<p style=\"font-family: Arial, Helvetica, sans-serif; background-repeat: no-repeat; margin-top: 0px; margin-right: 0px; margin-bottom: 18px; margin-left: 0px; font-size: 14px; line-height: 20px; text-align: justify; padding: 0px;\">Outros dizem: no sert\u00e3o! V\u00e1 ao Vale do S\u00e3o Francisco: s\u00f3 da Geddel!<\/p>\n<p style=\"font-family: Arial, Helvetica, sans-serif; background-repeat: no-repeat; margin-top: 0px; margin-right: 0px; margin-bottom: 18px; margin-left: 0px; font-size: 14px; line-height: 20px; text-align: justify; padding: 0px;\">Pelo epis\u00f3dio acima relatado, notamos que sim. D\u00e1 Geddel at\u00e9 nos sinos de luto da igreja&#8230;<\/p>\n<h3 style=\"text-align: center;\"><strong>* * *<\/strong><\/h3>\n<p style=\"font-family: Arial, Helvetica, sans-serif; background-repeat: no-repeat; margin-top: 0px; margin-right: 0px; margin-bottom: 18px; margin-left: 0px; font-size: 14px; line-height: 20px; text-align: justify; padding: 0px;\">Disse que o fato era velho e ganhava interesse agora com fatos novos. Fato novo: <a href=\"http:\/\/bahiaempauta.com.br\/2009\/11\/raio-laser-expresso-da-propina-sangra-pmdb-de-geddel\/\" target=\"_blank\">o j\u00e1 conhecido Expresso da Propina<\/a>, sobre o qual a Cl\u00e3 Vieira Lima e a Cl\u00e3 Barradas Carneiro mant\u00e9m um sil\u00eancio de mausol\u00e9u &#8211; sil\u00eancio, diria, Serrista, destes que se ouve madrugada adentro no Pal\u00e1cio dos Bandeirantes, no luxuoso bairro do Morumbi paulistano.<\/p>\n<p style=\"font-family: Arial, Helvetica, sans-serif; background-repeat: no-repeat; margin-top: 0px; margin-right: 0px; margin-bottom: 18px; margin-left: 0px; font-size: 14px; line-height: 20px; text-align: justify; padding: 0px;\">Mas n\u00e3o me referia s\u00f3 a isso. <a href=\"https:\/\/www.ultimobaile.com\/?p=1972\" target=\"_blank\">Geddel vai ter de enfrentar, se candidato ao governo, quatro gigantes pol\u00edticos da Bahia<\/a>: da direita n\u00e3o-ditatorial de Paulo Souto, at\u00e9 a centro-direita socializante de Roberto Santos, passando pelo socialismo miterrandiano de Waldyr Pires, at\u00e9 o neo-trabalhismo de Jaques Wagner. Repito, sem ideologias, que s\u00e3o quatro tit\u00e3s, cada um com estilo pr\u00f3prio, intelig\u00eancia pol\u00edtica, e capacidade de agrega\u00e7\u00e3o.<\/p>\n<p style=\"font-family: Arial, Helvetica, sans-serif; background-repeat: no-repeat; margin-top: 0px; margin-right: 0px; margin-bottom: 18px; margin-left: 0px; font-size: 14px; line-height: 20px; text-align: justify; padding: 0px;\">Geddel, vale lembrar, nunca foi sen\u00e3o prefeito. <a href=\"http:\/\/bahiadefato.blogspot.com\/2009\/08\/boa-vida-de-geddel-o-traira-vai-acabar.html\" target=\"_blank\">E j\u00e1 teve menos votos dessa vez pra deputa\u00e7\u00e3o federal do que das outras<\/a>. \u00c9 luta de formiga contra quatro mastodontes. E sem ter a m\u00ednima muni\u00e7\u00e3o discursiva, <a href=\"http:\/\/blogdoriovermelho.blogspot.com\/2009\/12\/e-agora-joao.html\" target=\"_blank\">e com o peso morto que \u00e9 o Prefeito de Salvador, Jo\u00e3o Henrique Carneiro<\/a>.<\/p>\n<p style=\"font-family: Arial, Helvetica, sans-serif; background-repeat: no-repeat; margin-top: 0px; margin-right: 0px; margin-bottom: 18px; margin-left: 0px; font-size: 14px; line-height: 20px; text-align: justify; padding: 0px;\">\u00c9 como fazer roleta russa &#8211; com todas as balas no tambor. E a\u00ed, repito: o grande embate do ano que vem \u00e9 entre Paulo Souto e Jaques Wagner. Isto \u00e9: o carlismo, em m\u00e9todos, hoje representado por Geddel, t\u00e1 fora do p\u00e1reo.<\/p>\n<p style=\"font-family: Arial, Helvetica, sans-serif; background-repeat: no-repeat; margin-top: 0px; margin-right: 0px; margin-bottom: 18px; margin-left: 0px; font-size: 14px; line-height: 20px; text-align: justify; padding: 0px;\"><strong><em>Em tempo:<\/em> <\/strong>fiz um pacto com uma amiga, carlista ideol\u00f3gica. Se o segundo turno for Geddel X Paulo Souto, me filio ao PFL; ela, se for Geddel X Wagner, diz que entra pro PT, espontaneamente. E como eu e ela muitos carlistas e anti-carlistas pensam: qualquer coisa, menos Geddel!<\/p>\n<p style=\"font-family: Arial, Helvetica, sans-serif; background-repeat: no-repeat; margin-top: 0px; margin-right: 0px; margin-bottom: 18px; margin-left: 0px; font-size: 14px; line-height: 20px; text-align: justify; padding: 0px;\">Ah, como em toda aposta, nem eu nem ela acreditamos num cen\u00e1rio quetal. Sabemos que em Novembro de 2010 estaremos, de novo, em lados advers\u00e1rios&#8230;<\/p>\n<p style=\"font-family: Arial, Helvetica, sans-serif; background-repeat: no-repeat; margin-top: 0px; margin-right: 0px; margin-bottom: 18px; margin-left: 0px; font-size: 14px; line-height: 20px; text-align: justify; padding: 0px;\">O curioso disso tudo \u00e9 que Geddel seria o sucessor natural de Wagner em 2014, e teria uma das vagas ao Senado este ano. Com a pressa, perdeu ambas as possibilidades. Em pol\u00edtica, como em psican\u00e1lise, no\u00e7\u00e3o de tempo l\u00f3gico \u00e9 crucial.<\/p>\n","protected":false},"excerpt":{"rendered":"<p>Do Terra Magazine (de tempos atr\u00e1s, mas vale reler diante dos novos fatos): (&#8230;) Mas e a hist\u00f3ria da r\u00e1dio&#8230;?Meu filho, o problema n\u00e3o \u00e9 o Lula, que \u00e9 amado pelo povo, nem o governador&#8230; O Jaques Wagner?Isso, ele \u00e9 bem bonit\u00e3o, sabe? \u00c9 simp\u00e1tico, o povo gosta muito dele [&hellip;]<\/p>\n","protected":false},"author":2,"featured_media":0,"comment_status":"closed","ping_status":"open","sticky":false,"template":"","format":"standard","meta":{"footnotes":""},"categories":[9],"tags":[311,285,821,1190,149,422,140,278,122,14,1149,15,1153],"class_list":["post-2063","post","type-post","status-publish","format-standard","hentry","category-01viver","tag-barra","tag-brasil","tag-eleicoes-2010","tag-expresso-da-propina","tag-geddel-vieira-lima","tag-governo-da-bahia","tag-jaques-wagner","tag-paulo-souto","tag-pmdb","tag-reconcavo","tag-roberto-santos","tag-salvador","tag-waldyr-pires"],"_links":{"self":[{"href":"https:\/\/www.ultimobaile.com\/index.php?rest_route=\/wp\/v2\/posts\/2063","targetHints":{"allow":["GET"]}}],"collection":[{"href":"https:\/\/www.ultimobaile.com\/index.php?rest_route=\/wp\/v2\/posts"}],"about":[{"href":"https:\/\/www.ultimobaile.com\/index.php?rest_route=\/wp\/v2\/types\/post"}],"author":[{"embeddable":true,"href":"https:\/\/www.ultimobaile.com\/index.php?rest_route=\/wp\/v2\/users\/2"}],"replies":[{"embeddable":true,"href":"https:\/\/www.ultimobaile.com\/index.php?rest_route=%2Fwp%2Fv2%2Fcomments&post=2063"}],"version-history":[{"count":3,"href":"https:\/\/www.ultimobaile.com\/index.php?rest_route=\/wp\/v2\/posts\/2063\/revisions"}],"predecessor-version":[{"id":4304,"href":"https:\/\/www.ultimobaile.com\/index.php?rest_route=\/wp\/v2\/posts\/2063\/revisions\/4304"}],"wp:attachment":[{"href":"https:\/\/www.ultimobaile.com\/index.php?rest_route=%2Fwp%2Fv2%2Fmedia&parent=2063"}],"wp:term":[{"taxonomy":"category","embeddable":true,"href":"https:\/\/www.ultimobaile.com\/index.php?rest_route=%2Fwp%2Fv2%2Fcategories&post=2063"},{"taxonomy":"post_tag","embeddable":true,"href":"https:\/\/www.ultimobaile.com\/index.php?rest_route=%2Fwp%2Fv2%2Ftags&post=2063"}],"curies":[{"name":"wp","href":"https:\/\/api.w.org\/{rel}","templated":true}]}}