{"id":2058,"date":"2009-11-30T23:28:21","date_gmt":"2009-12-01T02:28:21","guid":{"rendered":"http:\/\/www.ultimobaile.com\/?p=2058"},"modified":"2025-12-24T13:03:36","modified_gmt":"2025-12-24T16:03:36","slug":"semana-cheia","status":"publish","type":"post","link":"https:\/\/www.ultimobaile.com\/?p=2058","title":{"rendered":"Semana Cheia!"},"content":{"rendered":"<p style=\"text-align: justify;\"><img loading=\"lazy\" decoding=\"async\" class=\"aligncenter size-full wp-image-2059\" title=\"natal_f\" src=\"https:\/\/www.ultimobaile.com\/wp-content\/uploads\/2009\/11\/natal_f.jpg\" alt=\"natal_f\" width=\"278\" height=\"500\" srcset=\"https:\/\/www.ultimobaile.com\/wp-content\/uploads\/2009\/11\/natal_f.jpg 278w, https:\/\/www.ultimobaile.com\/wp-content\/uploads\/2009\/11\/natal_f-166x300.jpg 166w\" sizes=\"auto, (max-width: 278px) 100vw, 278px\" \/><\/p>\n<p style=\"text-align: justify;\">A semana vai num ritmo festeiro desde ontem, quando teve a <em>Caminhada do Samba<\/em>, at\u00e9 dia 9 de dezembro, quarta-feira que vem. Talvez por ser o <strong>Dia do Samba, dia 02, depois de amanh\u00e3, quando ser\u00e1 lan\u00e7ada a <\/strong><a href=\"http:\/\/www.clubedosamba.com.br\/index.asp?url=noticia&amp;id=236\" target=\"_blank\"><strong>Orquestra Samb\u00f4nica da Bahia<\/strong><\/a>, no Terreiro de Jesus, de gra\u00e7a, a noitinha.<\/p>\n<p style=\"text-align: justify;\">A <strong>Orquestra Samb\u00f4nica<\/strong> \u00e9 uma escola, um modo de transmiss\u00e3o e de congrega\u00e7\u00e3o da velha guarda do samba bahiano (de Riach\u00e3o a Edil Pacheco e Walmir Lima) a nova gera\u00e7\u00e3o (que passa tamb\u00e9m pelo pagod\u00e3o, mas n\u00e3o apenas). Projeto audacioso, com tudo pra decolar. Sinal dos tempos!<\/p>\n<p style=\"text-align: justify;\">Mas n\u00e3o \u00e9 s\u00f3. Na quinta-feira, <strong>dia 3, a Orkestra Rumpilezz lan\u00e7a disco<\/strong>, com aux\u00edlio luxuoso de Ger\u00f4nimo, no Largo do Pelourinho (adro da Funda\u00e7\u00e3o Casa de Jorge Amado), tamb\u00e9m gr\u00e1tis.<\/p>\n<p style=\"text-align: justify;\"><img loading=\"lazy\" decoding=\"async\" class=\"aligncenter size-full wp-image-2060\" title=\"clube\" src=\"https:\/\/www.ultimobaile.com\/wp-content\/uploads\/2009\/11\/clube.jpg\" alt=\"clube\" width=\"566\" height=\"800\" srcset=\"https:\/\/www.ultimobaile.com\/wp-content\/uploads\/2009\/11\/clube.jpg 566w, https:\/\/www.ultimobaile.com\/wp-content\/uploads\/2009\/11\/clube-212x300.jpg 212w\" sizes=\"auto, (max-width: 566px) 100vw, 566px\" \/><\/p>\n<p style=\"text-align: justify;\">Dia 5, s\u00e1bado, dois eventos imperd\u00edveis, e d\u00e1 pra ir nos dois: tem <strong>Clube da Malandragem &amp; outros<\/strong> no mauricinho Novi\u00e7a Beer Club, na praia de Patamares; e tem a j\u00e1 tradicional <strong>Fabuloso Natal do Retrofoguetes<\/strong>, na Boomerangue: marcado pra 22h, mas chegando \u00e0 meia-noite t\u00e1 \u00f3timo! Ambos pagos, mas valem cada centavo. E repito: d\u00e1 pra ir nos dois, se vontade der.<\/p>\n<p style=\"text-align: justify;\">Acabou? Cabou nada! Abrindo um espa\u00e7o precioso para os mais j\u00f3vens do p\u00f3s-axezismo, surge o <a href=\"http:\/\/www.festivalbaianada.blogspot.com\/\" target=\"_blank\"><strong>Festival Baianada<\/strong><\/a><strong> &#8211; dias 8 e 9 no Largo Pedro Arcanjo, Pelourinho<\/strong>. Vai rolar\u00a0A Volante do Sargento Bezerra (que \u00e9 da velha guarda, ainda do anti-axezismo dos anos 90), Clube da Malandragem e Samba das Mo\u00e7as no mesmo palco do mesmo dia, Coletivo \u00dcbber Glam, e muito mais.<\/p>\n<p style=\"text-align: justify;\"><img loading=\"lazy\" decoding=\"async\" class=\"aligncenter size-full wp-image-2061\" title=\"Baianada - Musica em movimento\" src=\"https:\/\/www.ultimobaile.com\/wp-content\/uploads\/2009\/11\/Baianada-Musica-em-movimento.jpg\" alt=\"Baianada - Musica em movimento\" width=\"782\" height=\"1097\" srcset=\"https:\/\/www.ultimobaile.com\/wp-content\/uploads\/2009\/11\/Baianada-Musica-em-movimento.jpg 782w, https:\/\/www.ultimobaile.com\/wp-content\/uploads\/2009\/11\/Baianada-Musica-em-movimento-213x300.jpg 213w, https:\/\/www.ultimobaile.com\/wp-content\/uploads\/2009\/11\/Baianada-Musica-em-movimento-729x1024.jpg 729w\" sizes=\"auto, (max-width: 782px) 100vw, 782px\" \/><\/p>\n<p style=\"text-align: justify;\">Ah, \u00e9 gr\u00e1tis tamb\u00e9m.<\/p>\n<p style=\"text-align: justify;\">Como diz <a href=\"http:\/\/www.nemo.com.br\/elcabong\/\" target=\"_blank\">Luciano Matos<\/a>: &#8220;\u00e9 ver\u00e3o em Salvador, e a cidade tem festa todo dia &#8211; e eu n\u00e3o estou nem de longe falando de ax\u00e9-music&#8230;&#8221;<\/p>\n<p style=\"text-align: justify;\">\n","protected":false},"excerpt":{"rendered":"<p>A semana vai num ritmo festeiro desde ontem, quando teve a Caminhada do Samba, at\u00e9 dia 9 de dezembro, quarta-feira que vem. Talvez por ser o Dia do Samba, dia 02, depois de amanh\u00e3, quando ser\u00e1 lan\u00e7ada a Orquestra Samb\u00f4nica da Bahia, no Terreiro de Jesus, de gra\u00e7a, a noitinha. [&hellip;]<\/p>\n","protected":false},"author":2,"featured_media":0,"comment_status":"closed","ping_status":"open","sticky":false,"template":"","format":"standard","meta":{"footnotes":""},"categories":[938,11,919,12,9],"tags":[235,1187,1189,106,906,90,1186,195,77,1185,524,15,47,138,1188],"class_list":["post-2058","post","type-post","status-publish","format-standard","hentry","category-bailes","category-01beber","category-01flanar","category-01ver","category-01viver","tag-clube-da-malandragem","tag-dia-do-samba","tag-festival-baianada","tag-jazz","tag-natal","tag-orkestra-rumpilezz","tag-orquestra-sambonica-da-bahia","tag-pelourinho","tag-pos-axezismo","tag-punk-rock","tag-retrofoguetes","tag-salvador","tag-samba","tag-samba-das-mocas","tag-ubber-glam"],"_links":{"self":[{"href":"https:\/\/www.ultimobaile.com\/index.php?rest_route=\/wp\/v2\/posts\/2058","targetHints":{"allow":["GET"]}}],"collection":[{"href":"https:\/\/www.ultimobaile.com\/index.php?rest_route=\/wp\/v2\/posts"}],"about":[{"href":"https:\/\/www.ultimobaile.com\/index.php?rest_route=\/wp\/v2\/types\/post"}],"author":[{"embeddable":true,"href":"https:\/\/www.ultimobaile.com\/index.php?rest_route=\/wp\/v2\/users\/2"}],"replies":[{"embeddable":true,"href":"https:\/\/www.ultimobaile.com\/index.php?rest_route=%2Fwp%2Fv2%2Fcomments&post=2058"}],"version-history":[{"count":2,"href":"https:\/\/www.ultimobaile.com\/index.php?rest_route=\/wp\/v2\/posts\/2058\/revisions"}],"predecessor-version":[{"id":4305,"href":"https:\/\/www.ultimobaile.com\/index.php?rest_route=\/wp\/v2\/posts\/2058\/revisions\/4305"}],"wp:attachment":[{"href":"https:\/\/www.ultimobaile.com\/index.php?rest_route=%2Fwp%2Fv2%2Fmedia&parent=2058"}],"wp:term":[{"taxonomy":"category","embeddable":true,"href":"https:\/\/www.ultimobaile.com\/index.php?rest_route=%2Fwp%2Fv2%2Fcategories&post=2058"},{"taxonomy":"post_tag","embeddable":true,"href":"https:\/\/www.ultimobaile.com\/index.php?rest_route=%2Fwp%2Fv2%2Ftags&post=2058"}],"curies":[{"name":"wp","href":"https:\/\/api.w.org\/{rel}","templated":true}]}}