{"id":2027,"date":"2009-11-20T07:28:14","date_gmt":"2009-11-20T10:28:14","guid":{"rendered":"http:\/\/www.ultimobaile.com\/?p=2027"},"modified":"2025-12-24T13:03:36","modified_gmt":"2025-12-24T16:03:36","slug":"o-som-das-sextas-xi","status":"publish","type":"post","link":"https:\/\/www.ultimobaile.com\/?p=2027","title":{"rendered":"O Som das Sextas &#8211; XI"},"content":{"rendered":"<p style=\"text-align: justify;\">Evitei colocar foto desta vez pra evitar rejei\u00e7\u00e3o, afinal <strong>eu tamb\u00e9m detesto <em>Vander Lee<\/em><\/strong>. Mineiro demais, ultra-rom\u00e2ntico de um modo meloso (como diz Pedro Pond\u00e9, rom\u00e2ntico na Bahia \u00e9 libert\u00e1rio como Castro Alves &#8211; eu completaria: em Minas, \u00e9 s\u00f3 choramingueiro), para mim que sou bahiano e anti-rom\u00e2ntico.<\/p>\n<p style=\"text-align: justify;\">Uma vez o defini, a partir da c\u00e9lebre m\u00e1xima ap\u00f3crifa de Otto Lara Resende (segundo Nelson Rodrigues), como &#8220;a solidariedade cancer\u00edgena em forma de can\u00e7\u00e3o&#8221;.<\/p>\n<p style=\"text-align: justify;\">Contudo, como soe de ser na tradi\u00e7\u00e3o mineira, quando ele resolve fazer samba, faz muito bem. Digo tradi\u00e7\u00e3o mineira porque o chat\u00edssimo Jo\u00e3o Bosco \u00e9 dos maiores sambistas do pa\u00eds, quando faz samb\u00f5es como <a href=\"http:\/\/www.youtube.com\/watch?v=_A4Dj8Nn-e8\" target=\"_blank\"><em>Incompatibilidade de G\u00eanios<\/em><\/a>, <a href=\"http:\/\/www.youtube.com\/watch?v=Pxxm6pmaP1U\" target=\"_blank\"><em>Pr\u00e9t-a-porter de Tafet\u00e1<\/em><\/a>, <em>Princesa do Daom\u00e9<\/em>, <em>Toma L\u00e1 D\u00e1 C\u00e1<\/em>, entre outros mais conhecidos. Clara Nunes, uma das maiores interpretes do Brasil no samb\u00e3o-enredo (talvez a \u00fanica mulher neste g\u00eanero), era mineira; e Ataulfo Alves tamb\u00e9m.<\/p>\n<p style=\"text-align: justify;\">Talvez porque Minas \u00e9 o meio do caminho entre o lugar que criou o samba, a Bahia, e o lugar que o aprimorou, o Rio de Janeiro.<\/p>\n<p style=\"text-align: center;\"><object classid=\"clsid:d27cdb6e-ae6d-11cf-96b8-444553540000\" width=\"425\" height=\"344\" codebase=\"http:\/\/download.macromedia.com\/pub\/shockwave\/cabs\/flash\/swflash.cab#version=6,0,40,0\"><param name=\"allowFullScreen\" value=\"true\" \/><param name=\"allowscriptaccess\" value=\"always\" \/><param name=\"src\" value=\"http:\/\/www.youtube.com\/v\/H3ESxKemO8g&amp;hl=pt_BR&amp;fs=1&amp;\" \/><param name=\"allowfullscreen\" value=\"true\" \/><embed type=\"application\/x-shockwave-flash\" width=\"425\" height=\"344\" src=\"http:\/\/www.youtube.com\/v\/H3ESxKemO8g&amp;hl=pt_BR&amp;fs=1&amp;\" allowscriptaccess=\"always\" allowfullscreen=\"true\"><\/embed><\/object><\/p>\n<p style=\"text-align: justify;\">Contudo, o principal \u00e9: ningu\u00e9m pode questionar o fato de que Vander Lee faz can\u00e7\u00f5es. Melosas, bregas, <em>ana-carolinicamente<\/em> \u00f3bvias, ruins &#8211; mas can\u00e7\u00f5es! \u00c9, neste sentido, digno de m\u00e9rito: est\u00e1 entre os que retomou este formato (no caso dele, nas mais variadas dire\u00e7\u00f5es: da balada ao rockinho, da moda de viola ao sambinha). Sinal dos tempos &#8211; e do equivoco de Chico Buarque em dizer que a can\u00e7\u00e3o morreu.<\/p>\n<p style=\"text-align: justify;\">Por isso, vale lembrar hoje, no Dia da Consci\u00eancia Negra, que Minas \u00e9 um estado quase t\u00e3o negro quanto a Bahia e o Rio; e que l\u00e1, a escravatura pesou talvez mais, s\u00f3 que de modo silencioso, escondido nas montanhas imprescrut\u00e1veis onde o oculto do mist\u00e9rio se escondeu.<\/p>\n<p style=\"text-align: justify;\">Dois \u00f3timos sambinhas, portanto, do n\u00e3o obstante detest\u00e1vel Vander Lee.<\/p>\n<p style=\"text-align: center;\"><object classid=\"clsid:d27cdb6e-ae6d-11cf-96b8-444553540000\" width=\"425\" height=\"344\" codebase=\"http:\/\/download.macromedia.com\/pub\/shockwave\/cabs\/flash\/swflash.cab#version=6,0,40,0\"><param name=\"allowFullScreen\" value=\"true\" \/><param name=\"allowscriptaccess\" value=\"always\" \/><param name=\"src\" value=\"http:\/\/www.youtube.com\/v\/tvbEBDZagQo&amp;hl=pt_BR&amp;fs=1&amp;\" \/><param name=\"allowfullscreen\" value=\"true\" \/><embed type=\"application\/x-shockwave-flash\" width=\"425\" height=\"344\" src=\"http:\/\/www.youtube.com\/v\/tvbEBDZagQo&amp;hl=pt_BR&amp;fs=1&amp;\" allowscriptaccess=\"always\" allowfullscreen=\"true\"><\/embed><\/object><\/p>\n","protected":false},"excerpt":{"rendered":"<p>Evitei colocar foto desta vez pra evitar rejei\u00e7\u00e3o, afinal eu tamb\u00e9m detesto Vander Lee. Mineiro demais, ultra-rom\u00e2ntico de um modo meloso (como diz Pedro Pond\u00e9, rom\u00e2ntico na Bahia \u00e9 libert\u00e1rio como Castro Alves &#8211; eu completaria: em Minas, \u00e9 s\u00f3 choramingueiro), para mim que sou bahiano e anti-rom\u00e2ntico. Uma vez [&hellip;]<\/p>\n","protected":false},"author":2,"featured_media":0,"comment_status":"closed","ping_status":"open","sticky":false,"template":"","format":"standard","meta":{"footnotes":""},"categories":[933],"tags":[285,883,385,47,1173],"class_list":["post-2027","post","type-post","status-publish","format-standard","hentry","category-o-retorno-da-cancao","tag-brasil","tag-cancao","tag-minas-gerais","tag-samba","tag-vander-lee"],"_links":{"self":[{"href":"https:\/\/www.ultimobaile.com\/index.php?rest_route=\/wp\/v2\/posts\/2027","targetHints":{"allow":["GET"]}}],"collection":[{"href":"https:\/\/www.ultimobaile.com\/index.php?rest_route=\/wp\/v2\/posts"}],"about":[{"href":"https:\/\/www.ultimobaile.com\/index.php?rest_route=\/wp\/v2\/types\/post"}],"author":[{"embeddable":true,"href":"https:\/\/www.ultimobaile.com\/index.php?rest_route=\/wp\/v2\/users\/2"}],"replies":[{"embeddable":true,"href":"https:\/\/www.ultimobaile.com\/index.php?rest_route=%2Fwp%2Fv2%2Fcomments&post=2027"}],"version-history":[{"count":2,"href":"https:\/\/www.ultimobaile.com\/index.php?rest_route=\/wp\/v2\/posts\/2027\/revisions"}],"predecessor-version":[{"id":4309,"href":"https:\/\/www.ultimobaile.com\/index.php?rest_route=\/wp\/v2\/posts\/2027\/revisions\/4309"}],"wp:attachment":[{"href":"https:\/\/www.ultimobaile.com\/index.php?rest_route=%2Fwp%2Fv2%2Fmedia&parent=2027"}],"wp:term":[{"taxonomy":"category","embeddable":true,"href":"https:\/\/www.ultimobaile.com\/index.php?rest_route=%2Fwp%2Fv2%2Fcategories&post=2027"},{"taxonomy":"post_tag","embeddable":true,"href":"https:\/\/www.ultimobaile.com\/index.php?rest_route=%2Fwp%2Fv2%2Ftags&post=2027"}],"curies":[{"name":"wp","href":"https:\/\/api.w.org\/{rel}","templated":true}]}}