{"id":2012,"date":"2009-11-15T21:49:43","date_gmt":"2009-11-16T00:49:43","guid":{"rendered":"http:\/\/www.ultimobaile.com\/?p=2012"},"modified":"2025-12-24T13:03:36","modified_gmt":"2025-12-24T16:03:36","slug":"xiii-festival-nacional-5-minutos","status":"publish","type":"post","link":"https:\/\/www.ultimobaile.com\/?p=2012","title":{"rendered":"XIII Festival Nacional 5 minutos"},"content":{"rendered":"<p><img loading=\"lazy\" decoding=\"async\" class=\"aligncenter size-full wp-image-2013\" title=\"festival 5 min\" src=\"https:\/\/www.ultimobaile.com\/wp-content\/uploads\/2009\/11\/festival-5-min.jpg\" alt=\"festival 5 min\" width=\"500\" height=\"209\" srcset=\"https:\/\/www.ultimobaile.com\/wp-content\/uploads\/2009\/11\/festival-5-min.jpg 500w, https:\/\/www.ultimobaile.com\/wp-content\/uploads\/2009\/11\/festival-5-min-300x125.jpg 300w\" sizes=\"auto, (max-width: 500px) 100vw, 500px\" \/><\/p>\n<p>Por mais de dez anos seguidos, a legend\u00e1ria <em>sala Walter da Silveira<\/em> sedia o <strong><a href=\"http:\/\/www.dimas.ba.gov.br\/5min2009\/home.html\" target=\"_blank\">Festival Nacional 5 minutos<\/a><\/strong>. Talvez o mais imp0rtante festival de curtas-metragens cinematogr\u00e1ficos e em v\u00eddeo do pa\u00eds, o que (sendo uma das 4 mostras f\u00edlmicas anuais que Salvador sedia) mostra a condi\u00e7\u00e3o da Reconvexa como Capital do Cinema &#8211; e n\u00e3o s\u00f3 do ax\u00e9-music.<\/p>\n<p>Este ano, o Festival ganhou um site bacana, bonit\u00e3o, gostoso de ler. Clica l\u00e1 pra conferir a programa\u00e7\u00e3o.<\/p>\n","protected":false},"excerpt":{"rendered":"<p>Por mais de dez anos seguidos, a legend\u00e1ria sala Walter da Silveira sedia o Festival Nacional 5 minutos. Talvez o mais imp0rtante festival de curtas-metragens cinematogr\u00e1ficos e em v\u00eddeo do pa\u00eds, o que (sendo uma das 4 mostras f\u00edlmicas anuais que Salvador sedia) mostra a condi\u00e7\u00e3o da Reconvexa como Capital [&hellip;]<\/p>\n","protected":false},"author":2,"featured_media":0,"comment_status":"closed","ping_status":"open","sticky":false,"template":"","format":"standard","meta":{"footnotes":""},"categories":[938,919,12,9],"tags":[20,448,285,26,1166,1165,213,15],"class_list":["post-2012","post","type-post","status-publish","format-standard","hentry","category-bailes","category-01flanar","category-01ver","category-01viver","tag-bahia","tag-barris","tag-brasil","tag-cinema","tag-curtas-metragens","tag-festival-5-minutos","tag-sala-walter-da-silveira","tag-salvador"],"_links":{"self":[{"href":"https:\/\/www.ultimobaile.com\/index.php?rest_route=\/wp\/v2\/posts\/2012","targetHints":{"allow":["GET"]}}],"collection":[{"href":"https:\/\/www.ultimobaile.com\/index.php?rest_route=\/wp\/v2\/posts"}],"about":[{"href":"https:\/\/www.ultimobaile.com\/index.php?rest_route=\/wp\/v2\/types\/post"}],"author":[{"embeddable":true,"href":"https:\/\/www.ultimobaile.com\/index.php?rest_route=\/wp\/v2\/users\/2"}],"replies":[{"embeddable":true,"href":"https:\/\/www.ultimobaile.com\/index.php?rest_route=%2Fwp%2Fv2%2Fcomments&post=2012"}],"version-history":[{"count":1,"href":"https:\/\/www.ultimobaile.com\/index.php?rest_route=\/wp\/v2\/posts\/2012\/revisions"}],"predecessor-version":[{"id":2014,"href":"https:\/\/www.ultimobaile.com\/index.php?rest_route=\/wp\/v2\/posts\/2012\/revisions\/2014"}],"wp:attachment":[{"href":"https:\/\/www.ultimobaile.com\/index.php?rest_route=%2Fwp%2Fv2%2Fmedia&parent=2012"}],"wp:term":[{"taxonomy":"category","embeddable":true,"href":"https:\/\/www.ultimobaile.com\/index.php?rest_route=%2Fwp%2Fv2%2Fcategories&post=2012"},{"taxonomy":"post_tag","embeddable":true,"href":"https:\/\/www.ultimobaile.com\/index.php?rest_route=%2Fwp%2Fv2%2Ftags&post=2012"}],"curies":[{"name":"wp","href":"https:\/\/api.w.org\/{rel}","templated":true}]}}