{"id":2009,"date":"2009-11-16T06:28:49","date_gmt":"2009-11-16T09:28:49","guid":{"rendered":"http:\/\/www.ultimobaile.com\/?p=2009"},"modified":"2025-12-24T13:03:36","modified_gmt":"2025-12-24T16:03:36","slug":"amanha-e-dia-de-esquina","status":"publish","type":"post","link":"https:\/\/www.ultimobaile.com\/?p=2009","title":{"rendered":"Amanh\u00e3, \u00e9 Dia de Esquina!"},"content":{"rendered":"<p><img loading=\"lazy\" decoding=\"async\" class=\"aligncenter size-full wp-image-2010\" title=\"topo copy\" src=\"https:\/\/www.ultimobaile.com\/wp-content\/uploads\/2009\/11\/topo-copy.jpg\" alt=\"topo copy\" width=\"660\" height=\"150\" srcset=\"https:\/\/www.ultimobaile.com\/wp-content\/uploads\/2009\/11\/topo-copy.jpg 660w, https:\/\/www.ultimobaile.com\/wp-content\/uploads\/2009\/11\/topo-copy-300x68.jpg 300w\" sizes=\"auto, (max-width: 660px) 100vw, 660px\" \/><\/p>\n<p style=\"text-align: justify;\">Todo mundo sabe que eu praguejo contra a Pituba: um sub\u00farbio de Feira de Santana, encrustado plano ao norte da montanhosa, barroca, disp\u00f3rica, Capital cosmopolita do Rec\u00f4ncavo; burgues\u00f3ide, numa cidade xibieteira. Carlista, numa cidade que sempre rejeitou ditaduras.<\/p>\n<p style=\"text-align: justify;\">Mas a Pituba tamb\u00e9m tem seus m\u00e9ritos: apesar de carroc\u00eantrica, \u00e9 bem planejada, com todas as suas ruas com tr\u00e1fego em velocidade reduzida, arborizadas, e como quase n\u00e3o tem ladeiras \u00e9 altamente biciclet\u00e1vel &#8211; al\u00e9m de uma boa miscel\u00e2nea de com\u00e9rcio local, empresas e resid\u00eancias. Enfim: um bairro que tem tudo para ser muito melhor do que \u00e9.~<\/p>\n<p style=\"text-align: justify;\">Falta-lhe a mentalidade urbana e o h\u00e1bito pedestre. O Rio Vermelho, montanhoso, apertado e com p\u00e9ssimas cal\u00e7adas, tem gente andando na rua desde a manh\u00e3 at\u00e9 a madrugada &#8211; e sua popula\u00e7\u00e3o residente n\u00e3o gosta muito de usar carro nem de sair do bairro. A da Pituba de sair de bairro tamb\u00e9m n\u00e3o gosta &#8211; mas n\u00e3o vai na esquina, sen\u00e3o atr\u00e1s do volante.<\/p>\n<p style=\"text-align: justify;\">Amanh\u00e3, talvez seja diferente. Sob o lema de &#8220;<em>Humanizar a cidade<\/em>&#8220;, acontece pelo segundo ano seguido o <strong><a href=\"http:\/\/diadeesquina.blogspot.com\/\" target=\"_blank\">Hoje \u00e9 Dia de Esquina<\/a><\/strong> &#8211; evento que pretende n\u00e3o s\u00f3 retirar carro da rua e os pitubanos de casa, como inserir neles toda a riqueza cultura da Salvador p\u00f3s-axezista, que a Pituba n\u00e3o v\u00ea ou finge que n\u00e3o v\u00ea. S\u00e3o shows, pe\u00e7as de teatro, interven\u00e7\u00f5es urbanas, acontecendo nas esquinas da Avenida Manoel Dias da Silva desde a Rua Bahia at\u00e9 a Rua Piau\u00ed, das 19h \u00e0s 21h.<\/p>\n<p style=\"text-align: justify;\">Entre os artistas, gente premiada como Retrofoguetes, R\u00f3nei Jorge &amp; Os Ladr\u00f5es de Bicicleta, e o grupo Barlavento, que retomou o samba-de-roda c\u00e1 na Capital Reconvexa.<\/p>\n<p style=\"text-align: justify;\">N\u00e3o deixe de ir! Eu sairia da Barra-Avenida s\u00f3 pra ver esse happy-hour involunt\u00e1rio &#8211; e ali\u00e1s, gratuito. E, ah, v\u00e1 de bike se n\u00e3o der pra ir a p\u00e9. Experimenta curtir a cidade sem carro, s\u00f3 desta vez. Entra no clima&#8230;<\/p>\n","protected":false},"excerpt":{"rendered":"<p>Todo mundo sabe que eu praguejo contra a Pituba: um sub\u00farbio de Feira de Santana, encrustado plano ao norte da montanhosa, barroca, disp\u00f3rica, Capital cosmopolita do Rec\u00f4ncavo; burgues\u00f3ide, numa cidade xibieteira. Carlista, numa cidade que sempre rejeitou ditaduras. Mas a Pituba tamb\u00e9m tem seus m\u00e9ritos: apesar de carroc\u00eantrica, \u00e9 bem [&hellip;]<\/p>\n","protected":false},"author":2,"featured_media":0,"comment_status":"closed","ping_status":"open","sticky":false,"template":"","format":"standard","meta":{"footnotes":""},"categories":[938,11,10,919,12,9],"tags":[807,20,1172,285,1170,1167,1171,1168,94,730,524,136,740,1169,15,611,57],"class_list":["post-2009","post","type-post","status-publish","format-standard","hentry","category-bailes","category-01beber","category-01comer","category-01flanar","category-01ver","category-01viver","tag-avenida-manoel-dias-da-silva","tag-bahia","tag-barlavento","tag-brasil","tag-cidade","tag-hoje-e-dia-de-esquina","tag-internvencao-urbana","tag-ladroes-de-bicicleta","tag-musica","tag-pituba","tag-retrofoguetes","tag-rock","tag-ronei-jorge","tag-rua","tag-salvador","tag-samba-de-roda","tag-teatro"],"_links":{"self":[{"href":"https:\/\/www.ultimobaile.com\/index.php?rest_route=\/wp\/v2\/posts\/2009","targetHints":{"allow":["GET"]}}],"collection":[{"href":"https:\/\/www.ultimobaile.com\/index.php?rest_route=\/wp\/v2\/posts"}],"about":[{"href":"https:\/\/www.ultimobaile.com\/index.php?rest_route=\/wp\/v2\/types\/post"}],"author":[{"embeddable":true,"href":"https:\/\/www.ultimobaile.com\/index.php?rest_route=\/wp\/v2\/users\/2"}],"replies":[{"embeddable":true,"href":"https:\/\/www.ultimobaile.com\/index.php?rest_route=%2Fwp%2Fv2%2Fcomments&post=2009"}],"version-history":[{"count":5,"href":"https:\/\/www.ultimobaile.com\/index.php?rest_route=\/wp\/v2\/posts\/2009\/revisions"}],"predecessor-version":[{"id":4311,"href":"https:\/\/www.ultimobaile.com\/index.php?rest_route=\/wp\/v2\/posts\/2009\/revisions\/4311"}],"wp:attachment":[{"href":"https:\/\/www.ultimobaile.com\/index.php?rest_route=%2Fwp%2Fv2%2Fmedia&parent=2009"}],"wp:term":[{"taxonomy":"category","embeddable":true,"href":"https:\/\/www.ultimobaile.com\/index.php?rest_route=%2Fwp%2Fv2%2Fcategories&post=2009"},{"taxonomy":"post_tag","embeddable":true,"href":"https:\/\/www.ultimobaile.com\/index.php?rest_route=%2Fwp%2Fv2%2Ftags&post=2009"}],"curies":[{"name":"wp","href":"https:\/\/api.w.org\/{rel}","templated":true}]}}