{"id":2005,"date":"2009-11-13T02:03:44","date_gmt":"2009-11-13T05:03:44","guid":{"rendered":"http:\/\/www.ultimobaile.com\/?p=2005"},"modified":"2025-12-24T13:03:36","modified_gmt":"2025-12-24T16:03:36","slug":"o-som-das-sextas-x","status":"publish","type":"post","link":"https:\/\/www.ultimobaile.com\/?p=2005","title":{"rendered":"O Som das Sextas &#8211; X"},"content":{"rendered":"<p style=\"text-align: justify;\">\n<div id=\"attachment_2007\" style=\"width: 460px\" class=\"wp-caption aligncenter\"><img loading=\"lazy\" decoding=\"async\" aria-describedby=\"caption-attachment-2007\" class=\"size-full wp-image-2007\" title=\"mariene\" src=\"https:\/\/www.ultimobaile.com\/wp-content\/uploads\/2009\/11\/mariene.jpg\" alt=\"Clara Nunes, com dend\u00ea.\" width=\"450\" height=\"299\" srcset=\"https:\/\/www.ultimobaile.com\/wp-content\/uploads\/2009\/11\/mariene.jpg 450w, https:\/\/www.ultimobaile.com\/wp-content\/uploads\/2009\/11\/mariene-300x199.jpg 300w\" sizes=\"auto, (max-width: 450px) 100vw, 450px\" \/><p id=\"caption-attachment-2007\" class=\"wp-caption-text\">Clara Nunes, com dend\u00ea.<\/p><\/div>\n<p style=\"text-align: justify;\">Mantendo o clima de Di\u00e1spora Negra, o <em>Som das Sextas<\/em> de hoje traz uma das maiores sambistas do Brasil; e entre todas, a mais j\u00f3vem. Seu estilo lembra Clara Nunes, no mesmo sentido que a Bahia \u00e9 Minas com mar (no dizer de Darcy Ribeiro). E uma sambista sobretudo bahiana, do Rec\u00f4ncavo. O samba n\u00e3o tem nada assim desde Riach\u00e3o e Dorival Caimmy. Batatinha, um g\u00eanio, n\u00e3o era exatamente um sambista bahiano: tinha mais a ver com Lupcinio Rodrigues e Cartola do que com Tonho Mat\u00e9ria ou Valmir Lima.<\/p>\n<p style=\"text-align: justify;\">A santamarense <strong><em>Mariene de Castro<\/em><\/strong>, ao contr\u00e1rio, faz, como gosta de dizer, m\u00fasica bahiana na Bahia:<\/p>\n<p style=\"text-align: center;\"><object classid=\"clsid:d27cdb6e-ae6d-11cf-96b8-444553540000\" width=\"425\" height=\"344\" codebase=\"http:\/\/download.macromedia.com\/pub\/shockwave\/cabs\/flash\/swflash.cab#version=6,0,40,0\"><param name=\"allowFullScreen\" value=\"true\" \/><param name=\"allowscriptaccess\" value=\"always\" \/><param name=\"src\" value=\"http:\/\/www.youtube.com\/v\/fx-6aR8FkWw&amp;hl=pt_BR&amp;fs=1&amp;\" \/><param name=\"allowfullscreen\" value=\"true\" \/><embed type=\"application\/x-shockwave-flash\" width=\"425\" height=\"344\" src=\"http:\/\/www.youtube.com\/v\/fx-6aR8FkWw&amp;hl=pt_BR&amp;fs=1&amp;\" allowscriptaccess=\"always\" allowfullscreen=\"true\"><\/embed><\/object><\/p>\n<p style=\"text-align: justify;\">E quase sempre assim: cantando uma Bahia que n\u00e3o existe mais. A Bahia dos bondes do ponto dos 15 Mist\u00e9rios; do elevador do Tabo\u00e3o; do Vapor de Cachoeira e do trem de ferro pra Alagoinhas (que Euclydes da Cunha dizia que era a cidade mais apraz\u00edvel do pa\u00eds).<\/p>\n<p style=\"text-align: justify;\">Parte desta Bahia continua viva, camuflada na falsa modernidade pitubana. \u00c9 a Bahia que desce de branco pra Lavagem do Bonfim; que faz samba na antiga resid\u00eancia de Batatinha no Largo dos Aflitos. A Bahia da galinha de cabidela do legend\u00e1rio Restaurante Porto Moreira, no Largo Dois de Julho &#8211; o portugu\u00eas mais mulato do mundo.<\/p>\n<p style=\"text-align: justify;\">Mariene \u00e9 tamb\u00e9m ela uma das precursoras do p\u00f3s-axezismo. E resistiu &#8211; fazendo can\u00e7\u00f5es.<\/p>\n<p style=\"text-align: center;\"><object classid=\"clsid:d27cdb6e-ae6d-11cf-96b8-444553540000\" width=\"425\" height=\"344\" codebase=\"http:\/\/download.macromedia.com\/pub\/shockwave\/cabs\/flash\/swflash.cab#version=6,0,40,0\"><param name=\"allowFullScreen\" value=\"true\" \/><param name=\"allowscriptaccess\" value=\"always\" \/><param name=\"src\" value=\"http:\/\/www.youtube.com\/v\/eoVf4j6Npus&amp;hl=pt_BR&amp;fs=1&amp;\" \/><param name=\"allowfullscreen\" value=\"true\" \/><embed type=\"application\/x-shockwave-flash\" width=\"425\" height=\"344\" src=\"http:\/\/www.youtube.com\/v\/eoVf4j6Npus&amp;hl=pt_BR&amp;fs=1&amp;\" allowscriptaccess=\"always\" allowfullscreen=\"true\"><\/embed><\/object><\/p>\n","protected":false},"excerpt":{"rendered":"<p>Mantendo o clima de Di\u00e1spora Negra, o Som das Sextas de hoje traz uma das maiores sambistas do Brasil; e entre todas, a mais j\u00f3vem. Seu estilo lembra Clara Nunes, no mesmo sentido que a Bahia \u00e9 Minas com mar (no dizer de Darcy Ribeiro). E uma sambista sobretudo bahiana, [&hellip;]<\/p>\n","protected":false},"author":2,"featured_media":0,"comment_status":"closed","ping_status":"open","sticky":false,"template":"","format":"standard","meta":{"footnotes":""},"categories":[933],"tags":[20,285,1164,883,1163,317,14,15,47,611,313],"class_list":["post-2005","post","type-post","status-publish","format-standard","hentry","category-o-retorno-da-cancao","tag-bahia","tag-brasil","tag-cabila","tag-cancao","tag-chula","tag-mariene-de-castro","tag-reconcavo","tag-salvador","tag-samba","tag-samba-de-roda","tag-samba-duro"],"_links":{"self":[{"href":"https:\/\/www.ultimobaile.com\/index.php?rest_route=\/wp\/v2\/posts\/2005","targetHints":{"allow":["GET"]}}],"collection":[{"href":"https:\/\/www.ultimobaile.com\/index.php?rest_route=\/wp\/v2\/posts"}],"about":[{"href":"https:\/\/www.ultimobaile.com\/index.php?rest_route=\/wp\/v2\/types\/post"}],"author":[{"embeddable":true,"href":"https:\/\/www.ultimobaile.com\/index.php?rest_route=\/wp\/v2\/users\/2"}],"replies":[{"embeddable":true,"href":"https:\/\/www.ultimobaile.com\/index.php?rest_route=%2Fwp%2Fv2%2Fcomments&post=2005"}],"version-history":[{"count":2,"href":"https:\/\/www.ultimobaile.com\/index.php?rest_route=\/wp\/v2\/posts\/2005\/revisions"}],"predecessor-version":[{"id":2008,"href":"https:\/\/www.ultimobaile.com\/index.php?rest_route=\/wp\/v2\/posts\/2005\/revisions\/2008"}],"wp:attachment":[{"href":"https:\/\/www.ultimobaile.com\/index.php?rest_route=%2Fwp%2Fv2%2Fmedia&parent=2005"}],"wp:term":[{"taxonomy":"category","embeddable":true,"href":"https:\/\/www.ultimobaile.com\/index.php?rest_route=%2Fwp%2Fv2%2Fcategories&post=2005"},{"taxonomy":"post_tag","embeddable":true,"href":"https:\/\/www.ultimobaile.com\/index.php?rest_route=%2Fwp%2Fv2%2Ftags&post=2005"}],"curies":[{"name":"wp","href":"https:\/\/api.w.org\/{rel}","templated":true}]}}