{"id":2002,"date":"2009-11-11T12:35:35","date_gmt":"2009-11-11T15:35:35","guid":{"rendered":"http:\/\/www.ultimobaile.com\/?p=2002"},"modified":"2025-12-24T13:03:36","modified_gmt":"2025-12-24T16:03:36","slug":"festival-de-musica-mestica","status":"publish","type":"post","link":"https:\/\/www.ultimobaile.com\/?p=2002","title":{"rendered":"Festival de M\u00fasica Mesti\u00e7a"},"content":{"rendered":"<div id=\"attachment_2003\" style=\"width: 365px\" class=\"wp-caption aligncenter\"><img loading=\"lazy\" decoding=\"async\" aria-describedby=\"caption-attachment-2003\" class=\"size-full wp-image-2003\" title=\"brown\" src=\"https:\/\/www.ultimobaile.com\/wp-content\/uploads\/2009\/11\/brown.jpg\" alt=\"O Imperador da Di\u00e1spora\" width=\"355\" height=\"250\" srcset=\"https:\/\/www.ultimobaile.com\/wp-content\/uploads\/2009\/11\/brown.jpg 355w, https:\/\/www.ultimobaile.com\/wp-content\/uploads\/2009\/11\/brown-300x211.jpg 300w\" sizes=\"auto, (max-width: 355px) 100vw, 355px\" \/><p id=\"caption-attachment-2003\" class=\"wp-caption-text\">O Imperador da Di\u00e1spora<\/p><\/div>\n<p style=\"text-align: justify;\">Como dissemos, involuntariamente este m\u00eas c\u00e1 no \u00daltimo Baile est\u00e1 tem\u00e1tico: Di\u00e1spora por todos os lados, em todas as peles.<\/p>\n<p style=\"text-align: justify;\">Amanh\u00e3 come\u00e7a o <a href=\"http:\/\/www.musicasmesticas.com.br\/shows.html\" target=\"_blank\"><strong><em>Festival de M\u00fasica Mesti\u00e7a<\/em><\/strong><\/a> em Salvador. Tradicionalmente realizado na Fran\u00e7a e na \u00c1frica Franc\u00f3fona, pela primeira vez acontece nas Am\u00e9ricas &#8211; e n\u00e3o poderia ser em outro canto sen\u00e3o na Roma Negra.<\/p>\n<p style=\"text-align: justify;\">S\u00e3o tr\u00eas dias de espet\u00e1culos com artistas da \u00c1frica p\u00f3s-colonial, do Caribe e da Bahia, no Museu du Ritmo, ex-Mercado do Ouro, Com\u00e9rcio.<\/p>\n<p style=\"text-align: justify;\">Museu du Ritmo que tem feito importante resgate da guitarra-bahia e do frevo-el\u00e9trico (ostentando no alto uma r\u00e9plica da Caetanave, onde j\u00e1 se apresentaram Aroldo Macedo, Armandinho e Robertinho Lampir\u00f4nico, no bandolim-plugado), e que \u00a0a partir de amanh\u00e3 se torna o <a href=\"http:\/\/anodafrancanobrasil.cultura.gov.br\/br\/2008\/12\/18\/inauguracao-do-centro-de-musica-negra-com-edicao-especial-do-festival-frances-%E2%80%9Cmusiques-metisses%E2%80%9D\/\" target=\"_blank\"><em>Centro Internacional de M\u00fasica Negra e da Di\u00e1spora<\/em><\/a> &#8211; idealizado por Carlinhos Brown, com interven\u00e7\u00e3o arquitet\u00f4nica (no pr\u00e9dio hist\u00f3rico e tombado da Pra\u00e7a Conde dos Arcos) de Pedro Mendes da Rocha.<\/p>\n<p style=\"text-align: justify;\">Depois os pitubanos v\u00eaem me dizer que Salvador \u00e9 provinciana&#8230;<\/p>\n","protected":false},"excerpt":{"rendered":"<p>Como dissemos, involuntariamente este m\u00eas c\u00e1 no \u00daltimo Baile est\u00e1 tem\u00e1tico: Di\u00e1spora por todos os lados, em todas as peles. Amanh\u00e3 come\u00e7a o Festival de M\u00fasica Mesti\u00e7a em Salvador. Tradicionalmente realizado na Fran\u00e7a e na \u00c1frica Franc\u00f3fona, pela primeira vez acontece nas Am\u00e9ricas &#8211; e n\u00e3o poderia ser em outro [&hellip;]<\/p>\n","protected":false},"author":2,"featured_media":0,"comment_status":"closed","ping_status":"open","sticky":false,"template":"","format":"standard","meta":{"footnotes":""},"categories":[938,11,919,933,12,9],"tags":[20,285,1158,1161,184,1162,1160,1159,15],"class_list":["post-2002","post","type-post","status-publish","format-standard","hentry","category-bailes","category-01beber","category-01flanar","category-o-retorno-da-cancao","category-01ver","category-01viver","tag-bahia","tag-brasil","tag-carlinhos-brown","tag-centro-internacional-de-musica-negra","tag-diaspora","tag-festival-de-musica-mestica","tag-mercado-do-ouro","tag-museu-du-ritmo","tag-salvador"],"_links":{"self":[{"href":"https:\/\/www.ultimobaile.com\/index.php?rest_route=\/wp\/v2\/posts\/2002","targetHints":{"allow":["GET"]}}],"collection":[{"href":"https:\/\/www.ultimobaile.com\/index.php?rest_route=\/wp\/v2\/posts"}],"about":[{"href":"https:\/\/www.ultimobaile.com\/index.php?rest_route=\/wp\/v2\/types\/post"}],"author":[{"embeddable":true,"href":"https:\/\/www.ultimobaile.com\/index.php?rest_route=\/wp\/v2\/users\/2"}],"replies":[{"embeddable":true,"href":"https:\/\/www.ultimobaile.com\/index.php?rest_route=%2Fwp%2Fv2%2Fcomments&post=2002"}],"version-history":[{"count":1,"href":"https:\/\/www.ultimobaile.com\/index.php?rest_route=\/wp\/v2\/posts\/2002\/revisions"}],"predecessor-version":[{"id":2004,"href":"https:\/\/www.ultimobaile.com\/index.php?rest_route=\/wp\/v2\/posts\/2002\/revisions\/2004"}],"wp:attachment":[{"href":"https:\/\/www.ultimobaile.com\/index.php?rest_route=%2Fwp%2Fv2%2Fmedia&parent=2002"}],"wp:term":[{"taxonomy":"category","embeddable":true,"href":"https:\/\/www.ultimobaile.com\/index.php?rest_route=%2Fwp%2Fv2%2Fcategories&post=2002"},{"taxonomy":"post_tag","embeddable":true,"href":"https:\/\/www.ultimobaile.com\/index.php?rest_route=%2Fwp%2Fv2%2Ftags&post=2002"}],"curies":[{"name":"wp","href":"https:\/\/api.w.org\/{rel}","templated":true}]}}