{"id":1972,"date":"2009-11-08T11:10:09","date_gmt":"2009-11-08T14:10:09","guid":{"rendered":"http:\/\/www.ultimobaile.com\/?p=1972"},"modified":"2025-12-24T13:03:36","modified_gmt":"2025-12-24T16:03:36","slug":"1972","status":"publish","type":"post","link":"https:\/\/www.ultimobaile.com\/?p=1972","title":{"rendered":"O PSDB deve essa a Jaques Wagner"},"content":{"rendered":"<div id=\"attachment_1973\" style=\"width: 660px\" class=\"wp-caption aligncenter\"><img loading=\"lazy\" decoding=\"async\" aria-describedby=\"caption-attachment-1973\" class=\"size-full wp-image-1973\" title=\"80122\" src=\"https:\/\/www.ultimobaile.com\/wp-content\/uploads\/2009\/11\/80122.jpg\" alt=\"Dr. Roberto Santos: o \u00faltimo representante da Velha Bahia elegante, polida, anti-escravista, e erudita.\" width=\"650\" height=\"425\" srcset=\"https:\/\/www.ultimobaile.com\/wp-content\/uploads\/2009\/11\/80122.jpg 650w, https:\/\/www.ultimobaile.com\/wp-content\/uploads\/2009\/11\/80122-300x196.jpg 300w\" sizes=\"auto, (max-width: 650px) 100vw, 650px\" \/><p id=\"caption-attachment-1973\" class=\"wp-caption-text\">Dr. Roberto Santos: o \u00faltimo representante da Velha Bahia elegante, polida, anti-escravista, e erudita.<\/p><\/div>\n<p>Do <a href=\"http:\/\/bahiaempauta.com.br\/2009\/10\/ao-lado-de-wagner-e-waldir-ex-governador-roberto-santos-desabafa\/\" target=\"_blank\">Bahia em Pauta<\/a>, do excelente Victor Hugo Soares:<\/p>\n<blockquote>\n<p style=\"text-align: justify; \">Normalmente uma pessoa contida, o ex-governador Roberto Santos ontem desabafou sobre \u2018gelo\u2019 oficial que recebia no tempo em que o carlismo estava no apogeu.\u00a0Ap\u00f3s inaugurar, ao lado do governador Jaques Wagner e de Waldir Pires, 14 novos leitos de UTI pedi\u00e1trica no hospital estadual que leva o seu nome, admitiu a m\u00e1goa:\u00a0\u2018Por anos, fui escorado da pol\u00edtica, sem o devido reconhecimento de que fui um dia governador da Bahia. Desde que deixei o governo, nunca mais fui convidado a entrar neste hospital. S\u00f3 depois que Wagner foi eleito, este sentimento me foi devolvido\u2019.<\/p>\n<p style=\"text-align: justify; \">Roberto Santos ainda est\u00e1 entre n\u00f3s, at\u00e9 para desabafar (felizmente). E R\u00f4mulo Almeida, que idealizou o Centro Industrial de Aratu e o Polo Petroqu\u00edmico de Cama\u00e7ari [e criou o Plano de Metas de Jucelino Kubitchek &#8211; acr\u00e9scimo nosso] e nunca teve reconhecimento p\u00fablico \u00e0 altura do seu legado por mera persegui\u00e7\u00e3o pol\u00edtica?<\/p>\n<p style=\"text-align: justify; \">O compositor Paulinho da Viola tem uma frase que \u00e9 perfeita: Quando penso no futuro, n\u00e3o esque\u00e7o do passado. \u00c9 muito comum dizer que o brasileiro tem mem\u00f3ria curta, o baiano ent\u00e3o\u2026ponto para Levi pelo oportuno registro. Ponto tamb\u00e9m para o governador Wagner. \u00c9 importante observar que, desde que ele assumiu o governo baiano, tem procurado resgatar personalidades como o professor Roberto Santos.<\/p>\n<p style=\"text-align: justify; \">A t\u00edtulo de ilustra\u00e7\u00e3o, vale um lembrete: o Est\u00e1dio Roberto Santos, o popular Pitua\u00e7u. Para os que t\u00eam mem\u00f3ria \u00e9 f\u00e1cil recordar o estado lastim\u00e1vel a que ele foi relegado s\u00f3, somente s\u00f3, por ter o nome Roberto Santos, assim como equipamentos de ponta que ficaram anos encaixotados no Hospital Roberto Santos, pelo mesmo motivo. Tenho informa\u00e7\u00f5es seguras que, setores importantes do governo Wagner, sugeriu at\u00e9 uma campanha para popularizar o nome do est\u00e1dio n\u00e3o como Pitua\u00e7u, mas Est\u00e1dio Roberto Santos, uma forma de homenagear o ex-governador. Triste de um povo que n\u00e3o tem mem\u00f3ria. A vida e a dignidade do professor Roberto Santos dispensam maiores coment\u00e1rios.<\/p>\n<\/blockquote>\n<p style=\"text-align: justify; \">J\u00e1 dissemos aqui antes: Wagner \u00e9 t\u00e3o PTista quanto A\u00e9cio Neves \u00e9 Tucano. Ambos tem uma vis\u00e3o maior de seus estados do que quaisquer outros da atualidade.<\/p>\n<p style=\"text-align: justify; \">O PT tem o ran\u00e7o de tomar para si a patente da roda: age como se nunca houvesse havido esquerda antes no pa\u00eds. Jaques Wagner n\u00e3o faz isso. De 11 em cada 10 discursos que profere, lembra os brilhantes governadores de antes do carlismo: Luiz Viana Filho, Antonio Balbino, Antonio Lomanto J\u00fanior. E \u00e9 f\u00e3 de carteirinha declarado de Oct\u00e1vio Mangabeira (talvez das mais interessantes personalidades pol\u00edticas da hist\u00f3ria do continente. S\u00f3 suas legend\u00e1rias frases de efeito j\u00e1 mereceriam estudo s\u00e9rio), um UDNista moderado e varguista &#8211; n\u00e3o \u00e9, como Lula, um janguista encubado.<\/p>\n<p style=\"text-align: justify; \">Wagner n\u00e3o faz isso por acaso. Ele sabe que ACM tentou, como Hitler, reescrever a hist\u00f3ria: apagar da mem\u00f3ria do povo Balbino e Mangabeira, R\u00f4mulo de Almeida e mesmo Roberto Santos &#8211; \u00fanico interregno democr\u00e1tico nos governos estaduais da Bahia durante o Regime Militar. ACM tanto tentou reescrever a hist\u00f3ria que at\u00e9 a mem\u00f3ria do fim da Guerra de Independ\u00eancia Nacional (travada por populares nas \u00e1guas e morros da ba\u00eda de Todos os Santos, com tropas arregimentadas na bacia do Rio Paragua\u00e7\u00fa desde seu alto, em Len\u00e7ois e Caetit\u00e9, at\u00e9 sua foz em Cairu) ele tentou destruir, ao mudar o nome do Aeroporto de Salvador para o de seu insignificante filho &#8211; bem como mandando a Pol\u00edcia Militar bater na ent\u00e3o prefeita da capital, L\u00eddice da Mata, num desfile do Dois de Julho, bem como em outras lideran\u00e7as democr\u00e1ticas, isso em plenos anos 1990!<\/p>\n<p style=\"text-align: justify; \">Roberto Santos, pra quem n\u00e3o sabe, \u00e9 filho do legend\u00e1rio Reitor Edgar Santos, que revolucionou o modelo de universidade brasileira nos anos 1950. Pegou uma faculdade de medicina conservadora, e transformou num campus de artes que \u00e9, at\u00e9 hoje, refer\u00eancia mundial: a Universidade Federal da Bahia.<\/p>\n<p style=\"text-align: justify; \">Roberto Santos al\u00e9m disso foi por dois anos presidente da Organiza\u00e7\u00e3o Mundial da Sa\u00fade. \u00c9 a velha aristocracia bahiana, de Castro Alves, polida, elegante e anti-escravista &#8211; na qual ACM nunca foi aceito.<\/p>\n<p style=\"text-align: justify; \">Dr. Roberto Santos \u00e9 do PSDB. Tucano desde a \u00e9poca de Montoro. Embora patrono do <a href=\"http:\/\/neojiba.blogspot.com\/\" target=\"_blank\">Neojib\u00e1<\/a> (a menina dos olhos das pol\u00edticas sociais e culturais de Wagner), e admirador declarado do governador PTista, deve sair candidato a senador na chapa oposta. A alian\u00e7a PSDB-PT na Bahia se esgar\u00e7a.<\/p>\n<p style=\"text-align: justify; \">Pois bem: Jaques Wagner acaba de lan\u00e7ar um candidato a senador (que facilmente vencer\u00e1 a segunda vaga) pela chapa de seu opositor, Paulo Souto. Quantos pol\u00edticos voc\u00ea conhece que t\u00eam articula\u00e7\u00e3o e capital simb\u00f3lico para fazer isto? Quantos, tendo, dariam for\u00e7a a um inimigo t\u00e1tico, em prol da pluralidade democr\u00e1tica e do resgate hist\u00f3rico?<\/p>\n<p style=\"text-align: justify; \">Wagner sabe da necessidade urgente que o pa\u00eds tem de ter um partido de direita que n\u00e3o seja feudal e autocr\u00e1tico, e que seja socialmente sens\u00edvel. Roberto Santos representa, sempre representou, tudo isso. Depois venham me dizer que Wagner n\u00e3o \u00e9 estadista&#8230;<\/p>\n<p style=\"text-align: justify; \"><strong>Em tempo: <\/strong>A equipe <em>\u00daltimo Baile dos Guermantes<\/em> aproveita para declarar, e recomendar, voto na figura impoluta, generosa, discreta, de Roberto Santos ao senado federal. O Governador vai me fazer, pela primeira vez na vida, votar no PSDB. E com gosto. Votar em algu\u00e9m que, sendo do PSDB, n\u00e3o far\u00e1 jogo sujo, atinar\u00e1 como sempre atinou pelo bem da civiliza\u00e7\u00e3o. Elevar\u00e1 em quil\u00f4metros o n\u00edvel de arg\u00facia, erudi\u00e7\u00e3o, civilidade das discuss\u00f5es da casa.<\/p>\n<p style=\"text-align: justify; \">Claro, s\u00f3 votaremos nele porque supomos que a primeira vaga ser\u00e1 levada facilmente por Waldyr Pires. O que quer dizer que teremos nas cadeira bahianas da c\u00e2mara alta tr\u00eas grandes ex-governadores da abertura, que representam tamb\u00e9m eles outros anteriores: Jo\u00e3o Durval, herdeiro de Luiz Viana e Lomanto Jr; Waldyr Pires, bra\u00e7o direito de Baobino e Mangabeira; Roberto Santos, hier\u00e1tico filho do Magn\u00edfico Ministro Edgar Santos.<\/p>\n<p style=\"text-align: justify; \">Levou 60 anos, quase tr\u00eas gera\u00e7\u00f5es, mas o juracizismo caiu. E <a href=\"http:\/\/www.bahianoticias.com.br\/noticias\/entrevistas\/2009\/03\/31\/85,wagner-a-politica-e-a-gestao-um-documento.html\" target=\"_blank\">como disse Wagner numa recente entrevista a Samuel Celestino<\/a>: &#8220;meu objetivo n\u00e3o era derrotar Antonio Carlos (Magalh\u00e3es), e sim o (General) Juracy, que ainda reinava como um fantasma&#8221;.<\/p>\n<p style=\"text-align: justify; \">Estadista, c\u00e1 entre n\u00f3s, \u00e9 eufemismo.<\/p>\n","protected":false},"excerpt":{"rendered":"<p>Do Bahia em Pauta, do excelente Victor Hugo Soares: Normalmente uma pessoa contida, o ex-governador Roberto Santos ontem desabafou sobre \u2018gelo\u2019 oficial que recebia no tempo em que o carlismo estava no apogeu.\u00a0Ap\u00f3s inaugurar, ao lado do governador Jaques Wagner e de Waldir Pires, 14 novos leitos de UTI pedi\u00e1trica [&hellip;]<\/p>\n","protected":false},"author":2,"featured_media":0,"comment_status":"closed","ping_status":"open","sticky":false,"template":"","format":"standard","meta":{"footnotes":""},"categories":[9],"tags":[1152,20,285,821,140,1151,1149,1154,15,1150,1153],"class_list":["post-1972","post","type-post","status-publish","format-standard","hentry","category-01viver","tag-antonio-balbino","tag-bahia","tag-brasil","tag-eleicoes-2010","tag-jaques-wagner","tag-octavio-mangabeira","tag-roberto-santos","tag-romulo-almeida","tag-salvador","tag-senado","tag-waldyr-pires"],"_links":{"self":[{"href":"https:\/\/www.ultimobaile.com\/index.php?rest_route=\/wp\/v2\/posts\/1972","targetHints":{"allow":["GET"]}}],"collection":[{"href":"https:\/\/www.ultimobaile.com\/index.php?rest_route=\/wp\/v2\/posts"}],"about":[{"href":"https:\/\/www.ultimobaile.com\/index.php?rest_route=\/wp\/v2\/types\/post"}],"author":[{"embeddable":true,"href":"https:\/\/www.ultimobaile.com\/index.php?rest_route=\/wp\/v2\/users\/2"}],"replies":[{"embeddable":true,"href":"https:\/\/www.ultimobaile.com\/index.php?rest_route=%2Fwp%2Fv2%2Fcomments&post=1972"}],"version-history":[{"count":6,"href":"https:\/\/www.ultimobaile.com\/index.php?rest_route=\/wp\/v2\/posts\/1972\/revisions"}],"predecessor-version":[{"id":4312,"href":"https:\/\/www.ultimobaile.com\/index.php?rest_route=\/wp\/v2\/posts\/1972\/revisions\/4312"}],"wp:attachment":[{"href":"https:\/\/www.ultimobaile.com\/index.php?rest_route=%2Fwp%2Fv2%2Fmedia&parent=1972"}],"wp:term":[{"taxonomy":"category","embeddable":true,"href":"https:\/\/www.ultimobaile.com\/index.php?rest_route=%2Fwp%2Fv2%2Fcategories&post=1972"},{"taxonomy":"post_tag","embeddable":true,"href":"https:\/\/www.ultimobaile.com\/index.php?rest_route=%2Fwp%2Fv2%2Ftags&post=1972"}],"curies":[{"name":"wp","href":"https:\/\/api.w.org\/{rel}","templated":true}]}}