{"id":1966,"date":"2009-11-06T07:59:51","date_gmt":"2009-11-06T10:59:51","guid":{"rendered":"http:\/\/www.ultimobaile.com\/?p=1966"},"modified":"2025-12-24T13:03:36","modified_gmt":"2025-12-24T16:03:36","slug":"o-som-das-sextas-ix","status":"publish","type":"post","link":"https:\/\/www.ultimobaile.com\/?p=1966","title":{"rendered":"O Som das Sextas &#8211; IX"},"content":{"rendered":"<p style=\"text-align: justify;\">\n<div id=\"attachment_1967\" style=\"width: 360px\" class=\"wp-caption aligncenter\"><img loading=\"lazy\" decoding=\"async\" aria-describedby=\"caption-attachment-1967\" class=\"size-full wp-image-1967\" title=\"paulsimon\" src=\"https:\/\/www.ultimobaile.com\/wp-content\/uploads\/2009\/11\/paulsimon.jpg\" alt=\"The un-Obvious Child\" width=\"350\" height=\"270\" srcset=\"https:\/\/www.ultimobaile.com\/wp-content\/uploads\/2009\/11\/paulsimon.jpg 350w, https:\/\/www.ultimobaile.com\/wp-content\/uploads\/2009\/11\/paulsimon-300x231.jpg 300w\" sizes=\"auto, (max-width: 350px) 100vw, 350px\" \/><p id=\"caption-attachment-1967\" class=\"wp-caption-text\">The un-Obvious Child<\/p><\/div>\n<p style=\"text-align: justify;\">Este \u00e9 um ano em que a Di\u00e1spora teve perdas sequenciais: morreu M\u00e3e Hilda do Il\u00ea Ax\u00e9 Jitolu, sede sagrada do Mais Belo dos Belos, o Vulc\u00e3o da Liberdade, Il\u00ea Ay\u00ea; <a href=\"https:\/\/www.ultimobaile.com\/?p=1802\" target=\"_blank\">morreu Ramiro Musoto<\/a>, uma das faces platinas da Di\u00e1spora que tanta rela\u00e7\u00e3o tem com o Prata, desde a Guerra do Paraguai at\u00e9 a ditadura de Gualtieri.<\/p>\n<p style=\"text-align: justify;\">E, s\u00e1bado passado, como se os eguns cobrassem um pre\u00e7o pelo estrondoso sucesso da <a href=\"http:\/\/www.rumpilezz.com\" target=\"_blank\">Orkestra Rumpilezz<\/a> em S\u00e3o Paulo, <strong>Nan\u00e3 Buruku leva Neguinho do Samba pelas m\u00e3os<\/strong>.<\/p>\n<p style=\"text-align: justify;\">Ah, se n\u00e3o nos desses seus tambores, o que seria de n\u00f3s &#8211; cidade a cantar, Salvador?! Ningu\u00e9m me vai negar que <em><strong>Rosa<\/strong><\/em> \u00e9 can\u00e7\u00e3o.<\/p>\n<p style=\"text-align: center;\"><object classid=\"clsid:d27cdb6e-ae6d-11cf-96b8-444553540000\" width=\"425\" height=\"344\" codebase=\"http:\/\/download.macromedia.com\/pub\/shockwave\/cabs\/flash\/swflash.cab#version=6,0,40,0\"><param name=\"allowFullScreen\" value=\"true\" \/><param name=\"allowscriptaccess\" value=\"always\" \/><param name=\"src\" value=\"http:\/\/www.youtube.com\/v\/Y9zbzEwieRU&amp;hl=pt-br&amp;fs=1&amp;\" \/><param name=\"allowfullscreen\" value=\"true\" \/><embed type=\"application\/x-shockwave-flash\" width=\"425\" height=\"344\" src=\"http:\/\/www.youtube.com\/v\/Y9zbzEwieRU&amp;hl=pt-br&amp;fs=1&amp;\" allowscriptaccess=\"always\" allowfullscreen=\"true\"><\/embed><\/object><\/p>\n<p style=\"text-align: justify;\">O samba-reggae, na raiz do ax\u00e9-music (antes de ser desvirtuado por este, como tamb\u00e9m foi desvirtuado o frevo el\u00e9trico), foi um grito de liberdade, uma afirma\u00e7\u00e3o racial e do povo bahiano em dimens\u00f5es trans-atl\u00e2nticas novamente. Um terceiro tempo desta resili\u00eancia cultural que vem do Afox\u00e9 Filhos de Gandhy, ganha dimens\u00e3o pol\u00edtica com os dito Blocos Afro (Mal\u00ea De Bal\u00ea, o extinto Badau\u00ea, etc.) &#8211; mas s\u00f3 com o Olodum sai do gueto, internacionaliza-se.<\/p>\n<p style=\"text-align: justify;\">N\u00e3o h\u00e1 muito mais o que dizer: <em><strong>We Miss Him<\/strong><\/em>.<\/p>\n<p style=\"text-align: center;\"><object classid=\"clsid:d27cdb6e-ae6d-11cf-96b8-444553540000\" width=\"425\" height=\"344\" codebase=\"http:\/\/download.macromedia.com\/pub\/shockwave\/cabs\/flash\/swflash.cab#version=6,0,40,0\"><param name=\"allowFullScreen\" value=\"true\" \/><param name=\"allowscriptaccess\" value=\"always\" \/><param name=\"src\" value=\"http:\/\/www.youtube.com\/v\/iBCR6IaisD8&amp;hl=pt-br&amp;fs=1&amp;\" \/><param name=\"allowfullscreen\" value=\"true\" \/><embed type=\"application\/x-shockwave-flash\" width=\"425\" height=\"344\" src=\"http:\/\/www.youtube.com\/v\/iBCR6IaisD8&amp;hl=pt-br&amp;fs=1&amp;\" allowscriptaccess=\"always\" allowfullscreen=\"true\"><\/embed><\/object><\/p>\n","protected":false},"excerpt":{"rendered":"<p>Este \u00e9 um ano em que a Di\u00e1spora teve perdas sequenciais: morreu M\u00e3e Hilda do Il\u00ea Ax\u00e9 Jitolu, sede sagrada do Mais Belo dos Belos, o Vulc\u00e3o da Liberdade, Il\u00ea Ay\u00ea; morreu Ramiro Musoto, uma das faces platinas da Di\u00e1spora que tanta rela\u00e7\u00e3o tem com o Prata, desde a Guerra [&hellip;]<\/p>\n","protected":false},"author":2,"featured_media":0,"comment_status":"closed","ping_status":"open","sticky":false,"template":"","format":"standard","meta":{"footnotes":""},"categories":[933],"tags":[20,285,883,66,1155,1156,1157,15,1135],"class_list":["post-1966","post","type-post","status-publish","format-standard","hentry","category-o-retorno-da-cancao","tag-bahia","tag-brasil","tag-cancao","tag-carnaval","tag-neguinho-do-samba","tag-olodum","tag-paul-simon","tag-salvador","tag-samba-reggae"],"_links":{"self":[{"href":"https:\/\/www.ultimobaile.com\/index.php?rest_route=\/wp\/v2\/posts\/1966","targetHints":{"allow":["GET"]}}],"collection":[{"href":"https:\/\/www.ultimobaile.com\/index.php?rest_route=\/wp\/v2\/posts"}],"about":[{"href":"https:\/\/www.ultimobaile.com\/index.php?rest_route=\/wp\/v2\/types\/post"}],"author":[{"embeddable":true,"href":"https:\/\/www.ultimobaile.com\/index.php?rest_route=\/wp\/v2\/users\/2"}],"replies":[{"embeddable":true,"href":"https:\/\/www.ultimobaile.com\/index.php?rest_route=%2Fwp%2Fv2%2Fcomments&post=1966"}],"version-history":[{"count":3,"href":"https:\/\/www.ultimobaile.com\/index.php?rest_route=\/wp\/v2\/posts\/1966\/revisions"}],"predecessor-version":[{"id":2000,"href":"https:\/\/www.ultimobaile.com\/index.php?rest_route=\/wp\/v2\/posts\/1966\/revisions\/2000"}],"wp:attachment":[{"href":"https:\/\/www.ultimobaile.com\/index.php?rest_route=%2Fwp%2Fv2%2Fmedia&parent=1966"}],"wp:term":[{"taxonomy":"category","embeddable":true,"href":"https:\/\/www.ultimobaile.com\/index.php?rest_route=%2Fwp%2Fv2%2Fcategories&post=1966"},{"taxonomy":"post_tag","embeddable":true,"href":"https:\/\/www.ultimobaile.com\/index.php?rest_route=%2Fwp%2Fv2%2Ftags&post=1966"}],"curies":[{"name":"wp","href":"https:\/\/api.w.org\/{rel}","templated":true}]}}