{"id":1946,"date":"2009-10-28T18:17:31","date_gmt":"2009-10-28T21:17:31","guid":{"rendered":"http:\/\/www.ultimobaile.com\/?p=1946"},"modified":"2025-12-24T13:03:36","modified_gmt":"2025-12-24T16:03:36","slug":"rodin-finalmente-ii","status":"publish","type":"post","link":"https:\/\/www.ultimobaile.com\/?p=1946","title":{"rendered":"Rodin, finalmente &#8211; II"},"content":{"rendered":"<p style=\"text-align: justify;\"><img loading=\"lazy\" decoding=\"async\" class=\"alignleft size-full wp-image-1947\" title=\"obra2\" src=\"https:\/\/www.ultimobaile.com\/wp-content\/uploads\/2009\/10\/obra2.jpg\" alt=\"obra2\" width=\"400\" height=\"700\" srcset=\"https:\/\/www.ultimobaile.com\/wp-content\/uploads\/2009\/10\/obra2.jpg 400w, https:\/\/www.ultimobaile.com\/wp-content\/uploads\/2009\/10\/obra2-171x300.jpg 171w\" sizes=\"auto, (max-width: 400px) 100vw, 400px\" \/>Fui segunda-feira desta semana na entrevista coletiva mega-internacional do Governador da Bahia, Jaques Wagner, diretor do Museu Rodin de Paris, Secret\u00e1rio Estadual de Cultura Marcio Meirelles, e outros, sobre a chegada (finalmente!) das pe\u00e7as em gesso de Rodin \u00e0 Bahia.<\/p>\n<p style=\"text-align: justify;\">\u00c9 fato hist\u00f3rico! Mas, vale lembrar: metade do m\u00e9rito \u00e9 de Paulo Souto, e um-d\u00e9cimo \u00e9 de C\u00e9sar Borges (que apesar do des-governo, reformou a Sala Walter da Silveira assim que se assentou nas poltronas do Pal\u00e1cio de Ondina &#8211; o que Seo Marcio ainda fica a nos dever).<\/p>\n<p style=\"text-align: justify;\">Contudo, na coletiva <a href=\"https:\/\/www.ultimobaile.com\/?p=1277\" target=\"_blank\">ficou claro porque n\u00e3o \u00e9 um retrocesso as pe\u00e7as terem chegado hoje<\/a> (ao contr\u00e1rio do que eu disse a poucos meses atr\u00e1s), ao inv\u00e9s de em 2007 (como Paulo Gaudenzi havia programado), e como \u00e9 um sinal de que <a href=\"https:\/\/www.ultimobaile.com\/?p=1083\" target=\"_blank\">agora, temos, sim, uma pol\u00edtica de museus<\/a>. Antes, no carlismo, tinhamos bons museus, sem pol\u00edtica sistem\u00e1tica. O diretor mudava de humor &#8211; o museu ia pro brejo. O que explica como Heitor Reis foi, at\u00e9 2001, o melhor diretor do Arte Moderna (MAM Solar do Unh\u00e3o), e at\u00e9 2006 o pior.<\/p>\n<p style=\"text-align: justify;\">As pe\u00e7as que chegariam em 2007 viriam compradas. Seriam, portanto, mais onerosas, e provavelmente, em menos quantidade. E seriam r\u00e9plicas. Autorizadas, mas r\u00e9plicas.<\/p>\n<p style=\"text-align: justify;\">Com o sistema desenvolvido na gest\u00e3o de Marcio, as pe\u00e7as vieram originais, com valor dez vezes mais baixo, e em comodato de tr\u00eas anos. Conseguir comodato de originais franceses de um dos tr\u00eas maiores escultores do mundo desde F\u00eddias (os outros s\u00e3o Michelangelo e Aleijadinho, claro) j\u00e1 \u00e9, em si, fato similar a trazer Olimp\u00edadas para o Rio de Janeiro &#8211; guardadas as devidas propor\u00e7\u00f5es.<\/p>\n<p style=\"text-align: justify;\">Mais do que isso: at\u00e9 2006, as aquisi\u00e7\u00f5es de obra de arte pelo estado eram aleat\u00f3rias, e sem manuten\u00e7\u00e3o posterior. Foi assim que por pouco o painel de Jenner Augusto no Restaurante Alto de Ondina n\u00e3o vai pro belel\u00e9u &#8211; salvo pelo gongo, por Jaques Wagner e por Frederico Mendon\u00e7a, atual (e excelente!) diretor do Instituto do Patrim\u00f4nio Art\u00edstico e Cultural do Estado da Bahia (IPAC).<\/p>\n<p style=\"text-align: justify;\">Isso explica tamb\u00e9m <a href=\"https:\/\/www.ultimobaile.com\/?p=931\" target=\"_blank\">a relut\u00e2ncia de Marcio Meirelles em abrir um Museu de Arte Contempor\u00e2nea da Bahia<\/a>, embora at\u00e9 Frederico Mendon\u00e7a ache urgente e ache que deve ser em algum forte militar da Cidade Baixa. N\u00e3o d\u00e1 pra abrir museus se n\u00e3o h\u00e1 sistema de museus ainda. N\u00e3o d\u00e1 pra adquirir pe\u00e7as como antes, ao gostismo do governante (e justi\u00e7a se fa\u00e7a: ACM tinha excelente gosto est\u00e9tico, como soem de ter os grandes s\u00e1dicos &amp; ditadores), sem uma pol\u00edtica clara de aquisi\u00e7\u00f5es.<\/p>\n<p style=\"text-align: justify;\">\u00c9 bom ressaltar que o Estado de S\u00e3o Paulo, governado pela direita h\u00e1 16 anos, segue pelo mesmo caminho: constituir pol\u00edticas claras de aquisi\u00e7\u00e3o e manuten\u00e7\u00e3o de acervo. Ali\u00e1s, o ausp\u00edcio l\u00e1 e c\u00e1 vem do mesmo homem, o neg\u00e3o bahiano, santo-amarense, que pegou o lix\u00e3o que era a Pinacoteca do Estado de S\u00e3o Paulo, e fez dela o melhor museu de artes visuais da Am\u00e9rica Latina: Emanoel Ara\u00fajo (autor que tem duas obras, prova-do-artista, a me ladear neste momento em minha resid\u00eancia, o que muito me apraz &amp; orgulha).<\/p>\n<p style=\"text-align: justify;\">Dito isto, que fique claro que o aparente atraso na inaugura\u00e7\u00e3o de facto do Rodin Bahia foi n\u00e3o apenas uma vit\u00f3ria deste museu, mas um <em>turning-point<\/em> na pol\u00edtica de museus do estado e da cidade que mais os tem concentrados, no pa\u00eds: a Bahia, e sua capital S\u00e3o Salvador.<\/p>\n<p style=\"text-align: center;\">* * *<\/p>\n<p style=\"text-align: justify;\">O que me assustou deveras na coletiva foi a frouxid\u00e3o cabrestina e a limita\u00e7\u00e3o intelectual do jornalismo bahiano. At\u00e9 o Governador admite, e disse, que trazer o Rodin pra Bahia \u00e9 um ganho que atravessa v\u00e1rias gest\u00f5es, numa continuidade de pol\u00edticas de estado (que se aprimoraram agora, mas que surgiram algumas at\u00e9 mesmo no deplor\u00e1vel Governo C\u00e9sar Borges). Tamb\u00e9m em outras \u00e1reas Wagner admite que foi Paulo Souto que abriu caminho para o fim do carlismo &#8211; e admitir isso foi uma das coisas que o levou a sua surpreendente elei\u00e7\u00e3o em 2006, contra todas as evid\u00eancias.<\/p>\n<p style=\"text-align: justify;\">Mas, leitor, voc\u00ea acha que o Correio da Bahia fez a singela pergunta, que deveria legitimamente constranger o governante, &#8220;O senhor est\u00e1 colhendo louros plantados por seu advers\u00e1rio hist\u00f3rico, n\u00e3o \u00e9?&#8221;? Necas! E a TV Bahia, claramente carlista? Tamb\u00e9m n\u00e3o.<\/p>\n<p style=\"text-align: justify;\">Com uma oposi\u00e7\u00e3o dessas, ningu\u00e9m precisa de m\u00e3e&#8230;<\/p>\n<p style=\"text-align: justify;\">E como sempre, <a href=\"https:\/\/www.ultimobaile.com\/?p=1826\" target=\"_blank\">o Jornal J\u00e1-Vai-Tarde (aquele que era anti-carlista, e hoje \u00e9 anti-carlista pras negas dele)<\/a> se superou. O jornaleiro l\u00e1 presente perguntou &#8220;Qual o retorno <strong><em>financeiro<\/em><\/strong> (sic!) esperado com a abertura do museu?&#8221;. Ora, nem Paulo Souto nem C\u00e9sar Borges o criaram para dar retorno <strong><em>financeiro <\/em><span style=\"font-weight: normal;\">&#8211; quanto mais agora que todos sabem que Turismo e Cultura s\u00e3o pastas desmembradas e independentes, embora trabalhem \u00e0s vezes em conjunto (e melhor do que quando formavam uma s\u00f3 pasta). <\/span><\/strong><\/p>\n<p style=\"text-align: justify;\"><strong><span style=\"font-weight: normal;\">Acometeu-me, admito, nesse instante, um acesso agudo de vergonha alheia.<\/span><\/strong><\/p>\n<p style=\"text-align: justify;\">O Governador foi taxativo, embora doce como sempre: &#8220;Olha, o retorno que se espera \u00e9 fundamentalmente cultural. Mas se voc\u00ea quer n\u00fameros, a expectativa \u00e9 de um aumento de 5% no turismo cultural do estado. Contudo, friso que o retorno \u00e9 social e cultural &#8211; n\u00e3o \u00e9 pra dar lucro&#8221;.<\/p>\n<p style=\"text-align: justify;\">E o Jornal J\u00e1-Vai-Tarde recolheu-se a insignific\u00e2ncia de onde n\u00e3o devia ter sa\u00eddo&#8230;<\/p>\n","protected":false},"excerpt":{"rendered":"<p>Fui segunda-feira desta semana na entrevista coletiva mega-internacional do Governador da Bahia, Jaques Wagner, diretor do Museu Rodin de Paris, Secret\u00e1rio Estadual de Cultura Marcio Meirelles, e outros, sobre a chegada (finalmente!) das pe\u00e7as em gesso de Rodin \u00e0 Bahia. \u00c9 fato hist\u00f3rico! Mas, vale lembrar: metade do m\u00e9rito \u00e9 [&hellip;]<\/p>\n","protected":false},"author":2,"featured_media":0,"comment_status":"closed","ping_status":"open","sticky":false,"template":"","format":"standard","meta":{"footnotes":""},"categories":[12,9],"tags":[1064,285,140,322,1065,152,979,661,1131,15,114],"class_list":["post-1946","post","type-post","status-publish","format-standard","hentry","category-01ver","category-01viver","tag-anti-jornalismo","tag-brasil","tag-jaques-wagner","tag-jornal-a-tarde","tag-jornalismo","tag-marcio-meirelles","tag-pig","tag-politica-de-museus","tag-rodin-bahia","tag-salvador","tag-secretaria-de-cultura-do-estado-da-bahia"],"_links":{"self":[{"href":"https:\/\/www.ultimobaile.com\/index.php?rest_route=\/wp\/v2\/posts\/1946","targetHints":{"allow":["GET"]}}],"collection":[{"href":"https:\/\/www.ultimobaile.com\/index.php?rest_route=\/wp\/v2\/posts"}],"about":[{"href":"https:\/\/www.ultimobaile.com\/index.php?rest_route=\/wp\/v2\/types\/post"}],"author":[{"embeddable":true,"href":"https:\/\/www.ultimobaile.com\/index.php?rest_route=\/wp\/v2\/users\/2"}],"replies":[{"embeddable":true,"href":"https:\/\/www.ultimobaile.com\/index.php?rest_route=%2Fwp%2Fv2%2Fcomments&post=1946"}],"version-history":[{"count":4,"href":"https:\/\/www.ultimobaile.com\/index.php?rest_route=\/wp\/v2\/posts\/1946\/revisions"}],"predecessor-version":[{"id":4315,"href":"https:\/\/www.ultimobaile.com\/index.php?rest_route=\/wp\/v2\/posts\/1946\/revisions\/4315"}],"wp:attachment":[{"href":"https:\/\/www.ultimobaile.com\/index.php?rest_route=%2Fwp%2Fv2%2Fmedia&parent=1946"}],"wp:term":[{"taxonomy":"category","embeddable":true,"href":"https:\/\/www.ultimobaile.com\/index.php?rest_route=%2Fwp%2Fv2%2Fcategories&post=1946"},{"taxonomy":"post_tag","embeddable":true,"href":"https:\/\/www.ultimobaile.com\/index.php?rest_route=%2Fwp%2Fv2%2Ftags&post=1946"}],"curies":[{"name":"wp","href":"https:\/\/api.w.org\/{rel}","templated":true}]}}