{"id":1943,"date":"2009-10-27T13:23:06","date_gmt":"2009-10-27T16:23:06","guid":{"rendered":"http:\/\/www.ultimobaile.com\/?p=1943"},"modified":"2025-12-24T13:03:36","modified_gmt":"2025-12-24T16:03:36","slug":"da-franca-da-africa-da-bahia","status":"publish","type":"post","link":"https:\/\/www.ultimobaile.com\/?p=1943","title":{"rendered":"Da Fran\u00e7a, da \u00c1frica, da Bahia"},"content":{"rendered":"<p style=\"text-align: justify;\"><img loading=\"lazy\" decoding=\"async\" class=\"aligncenter size-full wp-image-1944\" title=\"vues-dafrique\" src=\"https:\/\/www.ultimobaile.com\/wp-content\/uploads\/2009\/10\/vues-dafrique.jpg\" alt=\"vues-dafrique\" width=\"550\" height=\"285\" srcset=\"https:\/\/www.ultimobaile.com\/wp-content\/uploads\/2009\/10\/vues-dafrique.jpg 550w, https:\/\/www.ultimobaile.com\/wp-content\/uploads\/2009\/10\/vues-dafrique-300x155.jpg 300w\" sizes=\"auto, (max-width: 550px) 100vw, 550px\" \/><\/p>\n<p style=\"text-align: justify;\">A partir de hoje, at\u00e9 04 de novembro, as salas Walter da Silveira, de cinema do Museu de Arte Moderna da Bahia, e Cine-Teatro Moli\u00e8re da Alian\u00e7a Francesa da Ladeira da Barra (Corredor da Vit\u00f3ria), exibem <a href=\"http:\/\/cinemaafricafrancofona.blogspot.com\/\" target=\"_blank\"><strong>mostra sobre o cinema da \u00c1frica P\u00f3s-Colonial Francesa<\/strong><\/a>. Na mostra, filmes da \u00c1frica ainda Ocupada, feita por franceses em prol da liberta\u00e7\u00e3o da mesma, no per\u00edodo da Guerra da Arg\u00e9lia.<\/p>\n<p style=\"text-align: justify;\">A quest\u00e3o Argel influenciou toda a Nouvelle Vague, a Escola Existencialista (Albert Camus era argelino), e parte da transmiss\u00e3o da psican\u00e1lise por Jacques Lacan. Al\u00e9m do que o cinema africano produz h\u00e1 quase 3 d\u00e9cadas p\u00e9rolas pouco vistas. Ou seja: \u00e9 mostra pra n\u00e3o perder. E que s\u00f3 a <strong>Capital da Di\u00e1spora<\/strong>, e hoje <a href=\"http:\/\/www.atarde.com.br\/cultura\/noticia.jsf?id=1263045\" target=\"_blank\">\u00fanica sede do Museu Rodin do mundo que n\u00e3o fica na Europa<\/a>, poderia proporcionar.<\/p>\n","protected":false},"excerpt":{"rendered":"<p>A partir de hoje, at\u00e9 04 de novembro, as salas Walter da Silveira, de cinema do Museu de Arte Moderna da Bahia, e Cine-Teatro Moli\u00e8re da Alian\u00e7a Francesa da Ladeira da Barra (Corredor da Vit\u00f3ria), exibem mostra sobre o cinema da \u00c1frica P\u00f3s-Colonial Francesa. Na mostra, filmes da \u00c1frica ainda [&hellip;]<\/p>\n","protected":false},"author":2,"featured_media":0,"comment_status":"closed","ping_status":"open","sticky":false,"template":"","format":"standard","meta":{"footnotes":""},"categories":[938,919,12],"tags":[1125,1128,20,285,1129,26,993,1127,475,1130,1126,213,15,476],"class_list":["post-1943","post","type-post","status-publish","format-standard","hentry","category-bailes","category-01flanar","category-01ver","tag-africa","tag-alianca-francesa","tag-bahia","tag-brasil","tag-cine-teatro-moliere","tag-cinema","tag-franca","tag-francofonia","tag-mam","tag-museu-de-arte-moderna-da-bahia","tag-pos-colonial","tag-sala-walter-da-silveira","tag-salvador","tag-solar-do-unhao"],"_links":{"self":[{"href":"https:\/\/www.ultimobaile.com\/index.php?rest_route=\/wp\/v2\/posts\/1943","targetHints":{"allow":["GET"]}}],"collection":[{"href":"https:\/\/www.ultimobaile.com\/index.php?rest_route=\/wp\/v2\/posts"}],"about":[{"href":"https:\/\/www.ultimobaile.com\/index.php?rest_route=\/wp\/v2\/types\/post"}],"author":[{"embeddable":true,"href":"https:\/\/www.ultimobaile.com\/index.php?rest_route=\/wp\/v2\/users\/2"}],"replies":[{"embeddable":true,"href":"https:\/\/www.ultimobaile.com\/index.php?rest_route=%2Fwp%2Fv2%2Fcomments&post=1943"}],"version-history":[{"count":2,"href":"https:\/\/www.ultimobaile.com\/index.php?rest_route=\/wp\/v2\/posts\/1943\/revisions"}],"predecessor-version":[{"id":4316,"href":"https:\/\/www.ultimobaile.com\/index.php?rest_route=\/wp\/v2\/posts\/1943\/revisions\/4316"}],"wp:attachment":[{"href":"https:\/\/www.ultimobaile.com\/index.php?rest_route=%2Fwp%2Fv2%2Fmedia&parent=1943"}],"wp:term":[{"taxonomy":"category","embeddable":true,"href":"https:\/\/www.ultimobaile.com\/index.php?rest_route=%2Fwp%2Fv2%2Fcategories&post=1943"},{"taxonomy":"post_tag","embeddable":true,"href":"https:\/\/www.ultimobaile.com\/index.php?rest_route=%2Fwp%2Fv2%2Ftags&post=1943"}],"curies":[{"name":"wp","href":"https:\/\/api.w.org\/{rel}","templated":true}]}}