{"id":1925,"date":"2009-10-20T20:10:03","date_gmt":"2009-10-20T23:10:03","guid":{"rendered":"http:\/\/www.ultimobaile.com\/?p=1925"},"modified":"2025-12-24T13:03:36","modified_gmt":"2025-12-24T16:03:36","slug":"clarissima-osba-no-desterro","status":"publish","type":"post","link":"https:\/\/www.ultimobaile.com\/?p=1925","title":{"rendered":"Clar\u00edssima OSBA!, no Desterro"},"content":{"rendered":"<p style=\"text-align: justify;\">\n<p style=\"text-align: justify;\">\n<p style=\"text-align: justify;\">\n<p style=\"text-align: justify;\">\n<p style=\"text-align: justify;\">\n<p style=\"text-align: justify;\">\n<p style=\"text-align: justify;\">\n<p style=\"text-align: justify;\"><img loading=\"lazy\" decoding=\"async\" class=\"aligncenter size-full wp-image-1928\" title=\"desterro\" src=\"https:\/\/www.ultimobaile.com\/wp-content\/uploads\/2009\/10\/desterro1.jpg\" alt=\"desterro\" width=\"500\" height=\"358\" srcset=\"https:\/\/www.ultimobaile.com\/wp-content\/uploads\/2009\/10\/desterro1.jpg 500w, https:\/\/www.ultimobaile.com\/wp-content\/uploads\/2009\/10\/desterro1-300x214.jpg 300w\" sizes=\"auto, (max-width: 500px) 100vw, 500px\" \/><\/p>\n<p style=\"text-align: justify;\">Pela primeira vez a Orquestra Sinf\u00f4nica da Bahia (OSBA) executa uma edi\u00e7\u00e3o da s\u00e9rie <a href=\"https:\/\/www.ultimobaile.com\/?p=352\" target=\"_blank\">Mozart nas Igrejas<\/a> dentro de um claustro feminino em funcionamento: o Convento da Ordem Segunda de S\u00e3o Francisco (Irm\u00e3s Clarissas) de Salvador &#8211; ou simplesmente: Santa Clara do Desterro.<\/p>\n<p style=\"text-align: justify;\">A aproxima\u00e7\u00e3o j\u00e1 est\u00e1 ocorrendo desde que, meses atr\u00e1s, se optou pelo antigo <a href=\"https:\/\/www.ultimobaile.com\/?p=1233\" target=\"_blank\">convento da Ordem Segunda de S\u00e3o Bento<\/a> &#8211; ou Santa Teresa de \u00c1vila, atual <a href=\"http:\/\/www.mas.ufba.br\/\" target=\"_blank\">Museu de Arte Sacra da Universidade Federal da Bahia<\/a>.<\/p>\n<p style=\"text-align: justify;\">Se nas antigas Teresinas predomina aquele estilo de abadia renascentista s\u00f3bria, \u00e9 nos franciscanos que encontramos o barroco, ora maneirista, ora opulento, que \u00e9 a cara de Salvador. N\u00e3o o barroco da ilus\u00e3o l\u00f3gica dos jesuitas &#8211; mas das cari\u00e1tides nuas, anjos com p\u00eanis e plumagem de araras, no dizer de Pietro Maria Bardi.<\/p>\n<p style=\"text-align: justify;\">\u00c9 verdade que isto s\u00f3 fica expl\u00edcito no interior da Ordem Primeira de S\u00e3o Francisco, <a href=\"http:\/\/i.pbase.com\/v3\/86\/58886\/2\/51049248.IMG_3554.jpg\" target=\"_blank\">maior talha dourada do planeta<\/a> (e, diga-se de passagem, <a href=\"http:\/\/www.colonialvoyage.com\/viaggi\/brazil70.jpg\" target=\"_blank\">tamb\u00e9m maior conjunto de azulejaria portuguesa do mundo<\/a>); e na fachada hisp\u00e2nica da <a href=\"http:\/\/pmoraes.files.wordpress.com\/2009\/09\/img_0255.jpg\" target=\"_blank\">Ordem Terceira<\/a>, ao lado. As Ordens Segundas s\u00e3o usualmente mais discretas, com igrejas menores e menos ornadas. O que levar\u00e1 a OSBA inevitavelmente a um concerto mais intimista, em formato de c\u00e2mara, onde prevalece a interpreta\u00e7\u00e3o de suas cordas historicamente l\u00edricas. E significa tamb\u00e9m que quem n\u00e3o chegar pelo menos meia hora antes, n\u00e3o acha lugar. \u00c9 amanh\u00e3, dia 21 de outubro, \u00e0s 20h.<\/p>\n<p style=\"text-align: justify;\">Salvador \u00e9 a \u00fanica cidade do pa\u00eds a ter os tr\u00eas n\u00edveis de ordens para pelo menos tr\u00eas ordens &#8211; Beneditinos, Carmelitas e Franciscanos &#8211; seguindo sempre a mesma l\u00f3gica: a Ordem Primeira, ao lado da Terceira, lacra a Cidade Velha; a Ordem Segunda, de mulheres, fica na segunda cadeira de morros, em Nazar\u00e9, protegidas. Recife s\u00f3 tem ordens primeiras; Minas Gerais, apenas ordens terceiras; Olinda, segundas. Rio de Janeiro basicamente Igrejas C\u00edvicas, da Santa S\u00e9 ou do Bra\u00e7o Secular &#8211; a exce\u00e7\u00e3o do <a href=\"http:\/\/pt.wikipedia.org\/wiki\/Convento_de_Santo_Ant%C3%B4nio_(Rio_de_Janeiro)\" target=\"_blank\">Convento de Santo Ant\u00f4nio<\/a>, tamb\u00e9m franciscano, que tem o legend\u00e1rio Cristo Ser\u00e1fico.<\/p>\n<p style=\"text-align: justify;\">O rumo que a S\u00e9rie Mozart toma indica que ano que vem provavelmente se come\u00e7ar\u00e1 a ocupar as Igrejas de m\u00e9dio porte, do relegado mas genial per\u00edodo de talha neocl\u00e1ssica bahiana. Ligadas a regi\u00e3o da Cidade Baixa e do Pilar, est\u00e3o em fase conclusiva de restaura\u00e7\u00e3o as deslumbrantes\u00a0<a href=\"http:\/\/www.ipac.ba.gov.br\/site\/conteudo\/uploads\/image\/Noticias\/ObrasRestauracaoBoqueirao_IPAC_Foto_Berg_Angelo.JPG\" target=\"_blank\">Nossa Senhora do Boqueir\u00e3o<\/a> (no Ponto dos 15 Mist\u00e9rios), e <a href=\"http:\/\/www.atarde.com.br\/arquivos\/2007\/12\/18412.jpg\" target=\"_blank\">Nossa Senhora do Pilar<\/a> (Santa Luzia). Am\u00e9m!<\/p>\n<p style=\"text-align: justify;\">Ali\u00e1s, vale lembrar que a s\u00e9rie come\u00e7ou exatamente num convento jer\u00f4nimo da Cidade Baixa: a <a href=\"http:\/\/adrianelima.files.wordpress.com\/2009\/01\/dsc02955.jpg\" target=\"_blank\">Casa Pia dos \u00d3rf\u00e3os de S\u00e3o Joaquim<\/a>, h\u00e1 quase dois anos atr\u00e1s.<\/p>\n","protected":false},"excerpt":{"rendered":"<p>Pela primeira vez a Orquestra Sinf\u00f4nica da Bahia (OSBA) executa uma edi\u00e7\u00e3o da s\u00e9rie Mozart nas Igrejas dentro de um claustro feminino em funcionamento: o Convento da Ordem Segunda de S\u00e3o Francisco (Irm\u00e3s Clarissas) de Salvador &#8211; ou simplesmente: Santa Clara do Desterro. A aproxima\u00e7\u00e3o j\u00e1 est\u00e1 ocorrendo desde que, [&hellip;]<\/p>\n","protected":false},"author":2,"featured_media":0,"comment_status":"closed","ping_status":"open","sticky":false,"template":"","format":"standard","meta":{"footnotes":""},"categories":[938,919,12],"tags":[20,285,1122,929,1123,1121,162,15],"class_list":["post-1925","post","type-post","status-publish","format-standard","hentry","category-bailes","category-01flanar","category-01ver","tag-bahia","tag-brasil","tag-convento-de-santa-clara-do-desterro","tag-mozart-nas-igrejas","tag-ordem-segunda-de-sao-francisco","tag-orquestra-sinfonia-da-bahia","tag-osba","tag-salvador"],"_links":{"self":[{"href":"https:\/\/www.ultimobaile.com\/index.php?rest_route=\/wp\/v2\/posts\/1925","targetHints":{"allow":["GET"]}}],"collection":[{"href":"https:\/\/www.ultimobaile.com\/index.php?rest_route=\/wp\/v2\/posts"}],"about":[{"href":"https:\/\/www.ultimobaile.com\/index.php?rest_route=\/wp\/v2\/types\/post"}],"author":[{"embeddable":true,"href":"https:\/\/www.ultimobaile.com\/index.php?rest_route=\/wp\/v2\/users\/2"}],"replies":[{"embeddable":true,"href":"https:\/\/www.ultimobaile.com\/index.php?rest_route=%2Fwp%2Fv2%2Fcomments&post=1925"}],"version-history":[{"count":5,"href":"https:\/\/www.ultimobaile.com\/index.php?rest_route=\/wp\/v2\/posts\/1925\/revisions"}],"predecessor-version":[{"id":4318,"href":"https:\/\/www.ultimobaile.com\/index.php?rest_route=\/wp\/v2\/posts\/1925\/revisions\/4318"}],"wp:attachment":[{"href":"https:\/\/www.ultimobaile.com\/index.php?rest_route=%2Fwp%2Fv2%2Fmedia&parent=1925"}],"wp:term":[{"taxonomy":"category","embeddable":true,"href":"https:\/\/www.ultimobaile.com\/index.php?rest_route=%2Fwp%2Fv2%2Fcategories&post=1925"},{"taxonomy":"post_tag","embeddable":true,"href":"https:\/\/www.ultimobaile.com\/index.php?rest_route=%2Fwp%2Fv2%2Ftags&post=1925"}],"curies":[{"name":"wp","href":"https:\/\/api.w.org\/{rel}","templated":true}]}}