{"id":1916,"date":"2009-10-18T09:15:49","date_gmt":"2009-10-18T12:15:49","guid":{"rendered":"http:\/\/www.ultimobaile.com\/?p=1916"},"modified":"2025-12-24T13:03:36","modified_gmt":"2025-12-24T16:03:36","slug":"a-capital-do-teatro","status":"publish","type":"post","link":"https:\/\/www.ultimobaile.com\/?p=1916","title":{"rendered":"A Capital do Palco"},"content":{"rendered":"<p style=\"text-align: justify;\"><img loading=\"lazy\" decoding=\"async\" class=\"alignleft size-full wp-image-1917\" title=\"fiac\" src=\"https:\/\/www.ultimobaile.com\/wp-content\/uploads\/2009\/10\/fiac.jpg\" alt=\"fiac\" width=\"220\" height=\"321\" srcset=\"https:\/\/www.ultimobaile.com\/wp-content\/uploads\/2009\/10\/fiac.jpg 220w, https:\/\/www.ultimobaile.com\/wp-content\/uploads\/2009\/10\/fiac-205x300.jpg 205w\" sizes=\"auto, (max-width: 220px) 100vw, 220px\" \/>Esta semana, dia 23 (sexta-feira), come\u00e7a o <a href=\"http:\/\/www.fiacbahia.com.br\" target=\"_blank\"><strong><em>FIAC Bahia ano 2<\/em><\/strong><\/a> &#8211; Festival Internacional de Artes C\u00eanicas nunca assaz louvado que \u00e9 das grandes conquistas da Era M\u00e1rcios Meirelles.<\/p>\n<p style=\"text-align: justify;\">Gostaria de frisar, como sempre, que \u00e9 um festival de Artes C\u00eanicas &#8211; e n\u00e3o de teatro. Isto \u00e9: de qualquer arte cujo suporte seja um palco, pra\u00e7a, ou rua. Cabe show de rock; cabe circo; cabe dan\u00e7a; cabe teatro tamb\u00e9m. \u00c9 um evento, neste sentido, sobretudo dial\u00f3gico: h\u00e1 espet\u00e1culos mesmo dif\u00edceis de classificar em uma categoria art\u00edstica \u00fanica e clara. O que sabemos \u00e9 que s\u00e3o c\u00eanicos, apenas e seguramente.<\/p>\n<p style=\"text-align: justify;\">Como ano passado, o FIAC se desenvolve em tr\u00eas grandes eixos: as <a href=\"http:\/\/www.fiacbahia.com\/index.php?option=com_eventlist&amp;view=categoryevents&amp;id=8&amp;Itemid=11&amp;lang=br\" target=\"_blank\"><strong>Oficinas<\/strong><\/a>, gratuitas e cuja inscri\u00e7\u00e3o pode ser feita pela internet, n\u00facleo produtivo do festival; os <strong>Espet\u00e1culos<\/strong> <a href=\"http:\/\/www.fiacbahia.com\/index.php?option=com_eventlist&amp;view=categoryevents&amp;id=2&amp;Itemid=23&amp;lang=br\" target=\"_blank\"><strong>Nacionais<\/strong><\/a>, <a href=\"http:\/\/www.fiacbahia.com\/index.php?option=com_eventlist&amp;view=categoryevents&amp;id=3&amp;Itemid=24&amp;lang=br\" target=\"_blank\"><strong>Locais<\/strong><\/a> e <a href=\"http:\/\/www.fiacbahia.com\/index.php?option=com_eventlist&amp;view=categoryevents&amp;id=1&amp;Itemid=22&amp;lang=br\" target=\"_blank\"><strong>Internacionais<\/strong><\/a> (vale dizer que ano passado <a href=\"https:\/\/www.ultimobaile.com\/?p=561\" target=\"_blank\">at\u00e9 Peter Brook veio<\/a>); e o <strong><a href=\"http:\/\/www.fiacbahia.com\/index.php?option=com_eventlist&amp;view=categoryevents&amp;id=9&amp;Itemid=12&amp;lang=br\" target=\"_blank\">Ponto de Encontro<\/a><\/strong>, onde ao fim do dia (e dos trabalhos) rola shows no Pelourinho, de gra\u00e7a, com a fina-flor do p\u00f3s-axezismo. Este ano, ainda uma quarta se\u00e7\u00e3o: <a href=\"http:\/\/www.fiacbahia.com\/index.php?option=com_eventlist&amp;view=categoryevents&amp;id=10&amp;Itemid=13&amp;lang=br\" target=\"_blank\"><strong>Lounge Fiac Oi Futuro<\/strong><\/a>, lugar para manifesta\u00e7\u00f5es espont\u00e2neas de toda ordem, intencionalmente a-program\u00e1tico.<\/p>\n<p style=\"text-align: justify;\">Os ingressos dos espet\u00e1culos s\u00e3o ridiculamente baratos: at\u00e9 dia 22 de outubro, vendem-se nos <a href=\"http:\/\/www.sac.ba.gov.br\/\" target=\"_blank\">SAC<\/a> (Servi\u00e7o de Atendimento ao Cidad\u00e3o) e nas bilheterias do Teatro Castro Alves e do Vila Velha, a R$6,00 a inteira e R$3,00 a meia. A partir da\u00ed, R$10,00 e R$5,00, respectivamente. Todos os outros eventos do festival, fora os espet\u00e1culos, repito: s\u00e3o gratuitos!<\/p>\n","protected":false},"excerpt":{"rendered":"<p>Esta semana, dia 23 (sexta-feira), come\u00e7a o FIAC Bahia ano 2 &#8211; Festival Internacional de Artes C\u00eanicas nunca assaz louvado que \u00e9 das grandes conquistas da Era M\u00e1rcios Meirelles. Gostaria de frisar, como sempre, que \u00e9 um festival de Artes C\u00eanicas &#8211; e n\u00e3o de teatro. Isto \u00e9: de qualquer [&hellip;]<\/p>\n","protected":false},"author":2,"featured_media":0,"comment_status":"closed","ping_status":"open","sticky":false,"template":"","format":"standard","meta":{"footnotes":""},"categories":[938,11,919,12,9],"tags":[20,285,1118,172,1068,217,94,1117,15,57],"class_list":["post-1916","post","type-post","status-publish","format-standard","hentry","category-bailes","category-01beber","category-01flanar","category-01ver","category-01viver","tag-bahia","tag-brasil","tag-circo","tag-danca","tag-festival-internacional-de-artes-cenicas","tag-fiac","tag-musica","tag-sac","tag-salvador","tag-teatro"],"_links":{"self":[{"href":"https:\/\/www.ultimobaile.com\/index.php?rest_route=\/wp\/v2\/posts\/1916","targetHints":{"allow":["GET"]}}],"collection":[{"href":"https:\/\/www.ultimobaile.com\/index.php?rest_route=\/wp\/v2\/posts"}],"about":[{"href":"https:\/\/www.ultimobaile.com\/index.php?rest_route=\/wp\/v2\/types\/post"}],"author":[{"embeddable":true,"href":"https:\/\/www.ultimobaile.com\/index.php?rest_route=\/wp\/v2\/users\/2"}],"replies":[{"embeddable":true,"href":"https:\/\/www.ultimobaile.com\/index.php?rest_route=%2Fwp%2Fv2%2Fcomments&post=1916"}],"version-history":[{"count":4,"href":"https:\/\/www.ultimobaile.com\/index.php?rest_route=\/wp\/v2\/posts\/1916\/revisions"}],"predecessor-version":[{"id":4320,"href":"https:\/\/www.ultimobaile.com\/index.php?rest_route=\/wp\/v2\/posts\/1916\/revisions\/4320"}],"wp:attachment":[{"href":"https:\/\/www.ultimobaile.com\/index.php?rest_route=%2Fwp%2Fv2%2Fmedia&parent=1916"}],"wp:term":[{"taxonomy":"category","embeddable":true,"href":"https:\/\/www.ultimobaile.com\/index.php?rest_route=%2Fwp%2Fv2%2Fcategories&post=1916"},{"taxonomy":"post_tag","embeddable":true,"href":"https:\/\/www.ultimobaile.com\/index.php?rest_route=%2Fwp%2Fv2%2Ftags&post=1916"}],"curies":[{"name":"wp","href":"https:\/\/api.w.org\/{rel}","templated":true}]}}