{"id":1897,"date":"2009-10-13T13:37:47","date_gmt":"2009-10-13T16:37:47","guid":{"rendered":"http:\/\/www.ultimobaile.com\/?p=1897"},"modified":"2025-12-24T13:03:37","modified_gmt":"2025-12-24T16:03:37","slug":"o-trambolho-nosso-de-cada-dia","status":"publish","type":"post","link":"https:\/\/www.ultimobaile.com\/?p=1897","title":{"rendered":"O trambolho nosso de cada dia"},"content":{"rendered":"<p>Do blog do <a href=\"http:\/\/colunistas.ig.com.br\/luisnassif\/2009\/10\/02\/a-ineficiencia-energetica-dos-carros\/?allcomments#comments\" target=\"_blank\">Lu\u00eds Nassif<\/a>:<\/p>\n<blockquote>\n<p style=\"margin-top: 0px; margin-right: 0px; margin-bottom: 20px; margin-left: 0px; outline-width: 0px; outline-style: initial; outline-color: initial; list-style-type: none; list-style-position: initial; list-style-image: initial; text-decoration: none; font: normal normal normal 14px\/20px arial; color: #000000; text-align: justify; padding: 0px;\">Agora, na v\u00e9spera da COP-15, me chama muito a aten\u00e7\u00e3o como n\u00e3o se fala na incr\u00edvel inefici\u00eancia dos carros. Parece que ficamos alienados com a beleza dos carros de hoje e esquecemos de fazer as perguntas \u00f3bvias.<\/p>\n<p style=\"margin-top: 0px; margin-right: 0px; margin-bottom: 20px; margin-left: 0px; outline-width: 0px; outline-style: initial; outline-color: initial; list-style-type: none; list-style-position: initial; list-style-image: initial; text-decoration: none; font: normal normal normal 14px\/20px arial; color: #000000; text-align: justify; padding: 0px;\">Se procurarmos no Google as palavras INEFICI\u00caNCIA, CARROS, MOTOR A COMBUST\u00c3O INTERNA, pouca coisa relevante aparecer\u00e1. Por que escondem a incr\u00edvel inefici\u00eancia dos autom\u00f3veis?<\/p>\n<p style=\"margin-top: 0px; margin-right: 0px; margin-bottom: 20px; margin-left: 0px; outline-width: 0px; outline-style: initial; outline-color: initial; list-style-type: none; list-style-position: initial; list-style-image: initial; text-decoration: none; font: normal normal normal 14px\/20px arial; color: #000000; text-align: justify; padding: 0px;\">O grande f\u00edsico Amory Lovins, fundador da ONG Rocky Mountain Institute e chamado de Guru da Efici\u00eancia Energ\u00e9tica, h\u00e1 tempo vem chamando \u00e0 aten\u00e7\u00e3o para a inefici\u00eancia dos autom\u00f3veis de hoje.<\/p>\n<p style=\"margin-top: 0px; margin-right: 0px; margin-bottom: 20px; margin-left: 0px; outline-width: 0px; outline-style: initial; outline-color: initial; list-style-type: none; list-style-position: initial; list-style-image: initial; text-decoration: none; font: normal normal normal 14px\/20px arial; color: #000000; text-align: justify; padding: 0px;\">Apesar de toda evolu\u00e7\u00e3o no que se refere ao conforto e \u00e0 eletr\u00f4nica embarcada, a efici\u00eancia energ\u00e9tica permaneceu praticamente a mesma desde que o autom\u00f3vel foi inventado na d\u00e9cada de 1880. Na verdade o autom\u00f3vel \u00e9 um dos equipamentos mais ineficientes que existem e pouca gente fala disso, ou por desconhecimento ou por n\u00e3o ter interesse em falar do assunto. Amory Lovins \u00e9 exce\u00e7\u00e3o.<\/p>\n<p style=\"margin-top: 0px; margin-right: 0px; margin-bottom: 20px; margin-left: 0px; outline-width: 0px; outline-style: initial; outline-color: initial; list-style-type: none; list-style-position: initial; list-style-image: initial; text-decoration: none; font: normal normal normal 14px\/20px arial; color: #000000; text-align: justify; padding: 0px;\">Ele diz que, considerando-se um carro m\u00e9dio nos EUA (o que logo logo n\u00e3o estar\u00e1 t\u00e3o longe do Brasil, visto o crescimento das vendas de SUV\u2019s e similares por aqui), cerca de 87% da energia do combust\u00edvel nem chega \u00e0s rodas do ve\u00edculo, sendo perdida em:<\/p>\n<p style=\"margin-top: 0px; margin-right: 0px; margin-bottom: 20px; margin-left: 0px; outline-width: 0px; outline-style: initial; outline-color: initial; list-style-type: none; list-style-position: initial; list-style-image: initial; text-decoration: none; font: normal normal normal 14px\/20px arial; color: #000000; text-align: justify; padding: 0px;\">&#8211; perdas do motor \u00e0 combust\u00e3o interna<\/p>\n<p style=\"margin-top: 0px; margin-right: 0px; margin-bottom: 20px; margin-left: 0px; outline-width: 0px; outline-style: initial; outline-color: initial; list-style-type: none; list-style-position: initial; list-style-image: initial; text-decoration: none; font: normal normal normal 14px\/20px arial; color: #000000; text-align: justify; padding: 0px;\">&#8211; transmiss\u00e3o mec\u00e2nica<\/p>\n<p style=\"margin-top: 0px; margin-right: 0px; margin-bottom: 20px; margin-left: 0px; outline-width: 0px; outline-style: initial; outline-color: initial; list-style-type: none; list-style-position: initial; list-style-image: initial; text-decoration: none; font: normal normal normal 14px\/20px arial; color: #000000; text-align: justify; padding: 0px;\">&#8211; paradas do ve\u00edculo<\/p>\n<p style=\"margin-top: 0px; margin-right: 0px; margin-bottom: 20px; margin-left: 0px; outline-width: 0px; outline-style: initial; outline-color: initial; list-style-type: none; list-style-position: initial; list-style-image: initial; text-decoration: none; font: normal normal normal 14px\/20px arial; color: #000000; text-align: justify; padding: 0px;\">&#8211; acess\u00f3rios (ar condicionado, etc.)<\/p>\n<\/blockquote>\n<blockquote>\n<p style=\"margin-top: 0px; margin-right: 0px; margin-bottom: 20px; margin-left: 0px; outline-width: 0px; outline-style: initial; outline-color: initial; list-style-type: none; list-style-position: initial; list-style-image: initial; text-decoration: none; font: normal normal normal 14px\/20px arial; color: #000000; text-align: justify; padding: 0px;\">Dos 13% que chegam \u00e0s rodas, metade \u00e9 perdida na resist\u00eancia do ar e no atrito dos pneus.<\/p>\n<p style=\"margin-top: 0px; margin-right: 0px; margin-bottom: 20px; margin-left: 0px; outline-width: 0px; outline-style: initial; outline-color: initial; list-style-type: none; list-style-position: initial; list-style-image: initial; text-decoration: none; font: normal normal normal 14px\/20px arial; color: #000000; text-align: justify; padding: 0px;\">Portanto, apenas 6,5 % de toda a energia do combust\u00edvel move o carro. Por\u00e9m, como os carros s\u00e3o pesados demais, a energia acaba sendo usada para movimentar o autom\u00f3vel e n\u00e3o o passageiro. Assim, chega-se \u00e0 conclus\u00e3o final:<\/p>\n<p style=\"margin-top: 0px; margin-right: 0px; margin-bottom: 20px; margin-left: 0px; outline-width: 0px; outline-style: initial; outline-color: initial; list-style-type: none; list-style-position: initial; list-style-image: initial; text-decoration: none; font: normal normal normal 14px\/20px arial; color: #000000; text-align: justify; padding: 0px;\">Considerando-se apenas um passageiro no carro, somente 0,3% da energia do combust\u00edvel \u00e9 usada para mover essa pessoa. \u00c9 como se, de cada R$ 100,00 que colocamos de combust\u00edvel apenas R$ 0,30 fosse usado para aquilo que desejamos, ou seja, nos locomovermos. Inacredit\u00e1vel. O produto de uma das maiores ind\u00fastrias do mundo tem uma efici\u00eancia de 0,3%.<\/p>\n<p style=\"margin-top: 0px; margin-right: 0px; margin-bottom: 20px; margin-left: 0px; outline-width: 0px; outline-style: initial; outline-color: initial; list-style-type: none; list-style-position: initial; list-style-image: initial; text-decoration: none; font: normal normal normal 14px\/20px arial; color: #000000; text-align: justify; padding: 0px;\">E o que \u00e9 preciso fazer? Obviamente, atacar as principais inefici\u00eancias do carro, ou seja, motor, peso e aerodin\u00e2mica. Alguns exemplos mostram o caminho.<\/p>\n<\/blockquote>\n<p style=\"margin-top: 0px; margin-right: 0px; margin-bottom: 20px; margin-left: 0px; outline-width: 0px; outline-style: initial; outline-color: initial; list-style-type: none; list-style-position: initial; list-style-image: initial; text-decoration: none; font: normal normal normal 14px\/20px arial; color: #000000; text-align: justify; padding: 0px;\">\u00c9 aqui que come\u00e7o a discordar: n\u00e3o h\u00e1 solu\u00e7\u00e3o para o carro (a n\u00e3o ser, talvez, alguma pol\u00edtica de car-sharing que v\u00e1 al\u00e9m da &#8220;carona solid\u00e1ria&#8221;) &#8211; e sim sem o carro.<\/p>\n<p style=\"margin-top: 0px; margin-right: 0px; margin-bottom: 20px; margin-left: 0px; outline-width: 0px; outline-style: initial; outline-color: initial; list-style-type: none; list-style-position: initial; list-style-image: initial; text-decoration: none; font: normal normal normal 14px\/20px arial; color: #000000; text-align: justify; padding: 0px;\">Solu\u00e7\u00e3o que \u00e9 poss\u00edvel mesmo numa cidade com um transporte coletivo t\u00e3o ruim quanto o de Salvador. Desde o \u00faltimo Dia Mundial Sem Carro, passei a fazer meus percursos em dias \u00fateis de \u00f4nibus, com uso do bilhete \u00fanico. O bilhete \u00fanico de Salvador \u00e9 uma fal\u00e1cia: a segunda perna, tom\u00e1vel em at\u00e9 no m\u00e1ximo uma hora, n\u00e3o \u00e9 gratuita, e sim apenas tem valor de metade do pre\u00e7o normal. E mesmo assim s\u00f3 se voc\u00ea pegar uma linha de outro setor (que s\u00e3o quatro: A, B, C e D). Se por exemplo, voc\u00ea emenda um \u00f4nibus setor B com outro setor B, ter\u00e1 de pagar inteira novamente.<\/p>\n<p style=\"margin-top: 0px; margin-right: 0px; margin-bottom: 20px; margin-left: 0px; outline-width: 0px; outline-style: initial; outline-color: initial; list-style-type: none; list-style-position: initial; list-style-image: initial; text-decoration: none; font: normal normal normal 14px\/20px arial; color: #000000; text-align: justify; padding: 0px;\">Ou seja: considere-se que meu uso de bilhete \u00fanico implica em pagar quantas passagens forem necess\u00e1rias para integra\u00e7\u00f5es suficientes que n\u00e3o me deixem esperar no ponto mais do que cinco minutos.<\/p>\n<p style=\"margin-top: 0px; margin-right: 0px; margin-bottom: 20px; margin-left: 0px; outline-width: 0px; outline-style: initial; outline-color: initial; list-style-type: none; list-style-position: initial; list-style-image: initial; text-decoration: none; font: normal normal normal 14px\/20px arial; color: #000000; text-align: justify; padding: 0px;\"><img loading=\"lazy\" decoding=\"async\" class=\"aligncenter size-full wp-image-1898\" title=\"tabela de consumo energetico\" src=\"https:\/\/www.ultimobaile.com\/wp-content\/uploads\/2009\/10\/tabela-de-consumo-energetico.jpg\" alt=\"tabela de consumo energetico\" width=\"2000\" height=\"1298\" srcset=\"https:\/\/www.ultimobaile.com\/wp-content\/uploads\/2009\/10\/tabela-de-consumo-energetico.jpg 2000w, https:\/\/www.ultimobaile.com\/wp-content\/uploads\/2009\/10\/tabela-de-consumo-energetico-300x194.jpg 300w, https:\/\/www.ultimobaile.com\/wp-content\/uploads\/2009\/10\/tabela-de-consumo-energetico-1024x664.jpg 1024w\" sizes=\"auto, (max-width: 2000px) 100vw, 2000px\" \/><\/p>\n<p style=\"margin-top: 0px; margin-right: 0px; margin-bottom: 20px; margin-left: 0px; outline-width: 0px; outline-style: initial; outline-color: initial; list-style-type: none; list-style-position: initial; list-style-image: initial; text-decoration: none; font: normal normal normal 14px\/20px arial; color: #000000; text-align: justify; padding: 0px;\">Ainda assim, \u00e9 mais r\u00e1pido &#8211; e confort\u00e1vel! &#8211; do que usar carro. Vou lendo no percurso, sentado, e vendo a cidade; eventualmente, paquerando (h\u00e1bito urbano que depende inevitavelmente do andar a p\u00e9: desde esse mesmo per\u00edodo j\u00e1 me bati tr\u00eas vezes com um carinha aqui da rua que sempre, sempre, me olha e sorri. De carro, isso n\u00e3o ocorreria). O tempo total \u00e9, no m\u00e1ximo, 10 minutos a mais do que de carro, \u00e0s vezes \u00e9 menos.<\/p>\n<p style=\"margin-top: 0px; margin-right: 0px; margin-bottom: 20px; margin-left: 0px; outline-width: 0px; outline-style: initial; outline-color: initial; list-style-type: none; list-style-position: initial; list-style-image: initial; text-decoration: none; font: normal normal normal 14px\/20px arial; color: #000000; text-align: justify; padding: 0px;\">Note: pagando duas passagens, e ainda assim \u00e9 menos do que eu gastaria de combust\u00edvel. E eu n\u00e3o estou a\u00ed contabilizando os custos de IPVA, seguro de autom\u00f3vel, revis\u00f5es e manuten\u00e7\u00f5es, estacionamentos.<\/p>\n<p style=\"margin-top: 0px; margin-right: 0px; margin-bottom: 20px; margin-left: 0px; outline-width: 0px; outline-style: initial; outline-color: initial; list-style-type: none; list-style-position: initial; list-style-image: initial; text-decoration: none; font: normal normal normal 14px\/20px arial; color: #000000; text-align: justify; padding: 0px;\">Donde se pode concluir duas coisas: 1) a classe m\u00e9dia de Salvador, que tanto pragueja contra o (p\u00e9ssimo!) transporte coletivo da capital bahiana, \u00e9 quem menos pode reclamar. Poucos bairros s\u00e3o t\u00e3o bem servidos de linhas de \u00f4nibus como a Barra, de um lado, e o Itaigara, do outro; 2) o uso de bicicleta \u00e9 pedag\u00f3gico at\u00e9 mesmo para ades\u00e3o a outros meios de transporte.<\/p>\n<p style=\"margin-top: 0px; margin-right: 0px; margin-bottom: 20px; margin-left: 0px; outline-width: 0px; outline-style: initial; outline-color: initial; list-style-type: none; list-style-position: initial; list-style-image: initial; text-decoration: none; font: normal normal normal 14px\/20px arial; color: #000000; text-align: justify; padding: 0px;\">Quero dizer que n\u00e3o mais usarei autom\u00f3vel individual? N\u00e3o. Na verdade, sou a favor ainda da id\u00e9ia de que todo cidad\u00e3o tem direito a ter seu pr\u00f3prio autom\u00f3vel &#8211; bem fordista. O que n\u00e3o pode \u00e9 ele limitar seu l\u00e9xico e sua sintaxe de deslocamento a ele. Ciclistas que s\u00f3 usam bicicleta usam pior do que quem usa v\u00e1rios meios, porque n\u00e3o compreendem a &#8220;linguagem&#8221; e o &#8220;ponto de vista&#8221; de quem est\u00e1 ao volante, a p\u00e9, ou de \u00f4nibus por exemplo. Como na nutri\u00e7\u00e3o e no ensino da l\u00edngua materna, o importante \u00e9 incentivar a variabilidade lexical, os m\u00faltiplos n\u00edveis de linguagem. E fazer o sujeito se perguntar sobre qual \u00e9, para aquele percurso, o melhor meio de transporte. Se for o carro pessoal, \u00f3timo. Se n\u00e3o for, por que us\u00e1-lo? \u00c9 pura <a href=\"http:\/\/www.autoholics.org\/\" target=\"_blank\">carrodepend\u00eancia<\/a>!<\/p>\n<p style=\"margin-top: 0px; margin-right: 0px; margin-bottom: 20px; margin-left: 0px; outline-width: 0px; outline-style: initial; outline-color: initial; list-style-type: none; list-style-position: initial; list-style-image: initial; text-decoration: none; font: normal normal normal 14px\/20px arial; color: #000000; text-align: justify; padding: 0px;\">E, sobre bilhete \u00fanico, vai abaixo a proposta radical do ex-Secret\u00e1rio de Transportes do Governo Erundina, em S\u00e3o Paulo capital, L\u00facio Gregori: o passe livre permanente, e a extin\u00e7\u00e3o da figura do &#8220;cobrador de \u00f4nibus&#8221; da &#8220;passagem&#8221; e da &#8220;catraca&#8221;. Parece ut\u00f3pico? Na Austr\u00e1lia \u00e9 assim&#8230;<\/p>\n<p style=\"text-align: center;\"><object classid=\"clsid:d27cdb6e-ae6d-11cf-96b8-444553540000\" width=\"425\" height=\"344\" codebase=\"http:\/\/download.macromedia.com\/pub\/shockwave\/cabs\/flash\/swflash.cab#version=6,0,40,0\"><param name=\"allowFullScreen\" value=\"true\" \/><param name=\"allowscriptaccess\" value=\"always\" \/><param name=\"src\" value=\"http:\/\/www.youtube.com\/v\/j2HwTLA439g&amp;hl=pt-br&amp;fs=1&amp;\" \/><param name=\"allowfullscreen\" value=\"true\" \/><embed type=\"application\/x-shockwave-flash\" width=\"425\" height=\"344\" src=\"http:\/\/www.youtube.com\/v\/j2HwTLA439g&amp;hl=pt-br&amp;fs=1&amp;\" allowscriptaccess=\"always\" allowfullscreen=\"true\"><\/embed><\/object><\/p>\n","protected":false},"excerpt":{"rendered":"<p>Do blog do Lu\u00eds Nassif: Agora, na v\u00e9spera da COP-15, me chama muito a aten\u00e7\u00e3o como n\u00e3o se fala na incr\u00edvel inefici\u00eancia dos carros. Parece que ficamos alienados com a beleza dos carros de hoje e esquecemos de fazer as perguntas \u00f3bvias. Se procurarmos no Google as palavras INEFICI\u00caNCIA, CARROS, [&hellip;]<\/p>\n","protected":false},"author":2,"featured_media":0,"comment_status":"closed","ping_status":"open","sticky":false,"template":"","format":"standard","meta":{"footnotes":""},"categories":[919],"tags":[1104,889,1084,1105,888,1106,1107],"class_list":["post-1897","post","type-post","status-publish","format-standard","hentry","category-01flanar","tag-automovel","tag-bicicleta","tag-carrodependencia","tag-eficiencia-energetica","tag-mobilidade-urbana","tag-onibus","tag-passe-livre"],"_links":{"self":[{"href":"https:\/\/www.ultimobaile.com\/index.php?rest_route=\/wp\/v2\/posts\/1897","targetHints":{"allow":["GET"]}}],"collection":[{"href":"https:\/\/www.ultimobaile.com\/index.php?rest_route=\/wp\/v2\/posts"}],"about":[{"href":"https:\/\/www.ultimobaile.com\/index.php?rest_route=\/wp\/v2\/types\/post"}],"author":[{"embeddable":true,"href":"https:\/\/www.ultimobaile.com\/index.php?rest_route=\/wp\/v2\/users\/2"}],"replies":[{"embeddable":true,"href":"https:\/\/www.ultimobaile.com\/index.php?rest_route=%2Fwp%2Fv2%2Fcomments&post=1897"}],"version-history":[{"count":7,"href":"https:\/\/www.ultimobaile.com\/index.php?rest_route=\/wp\/v2\/posts\/1897\/revisions"}],"predecessor-version":[{"id":4322,"href":"https:\/\/www.ultimobaile.com\/index.php?rest_route=\/wp\/v2\/posts\/1897\/revisions\/4322"}],"wp:attachment":[{"href":"https:\/\/www.ultimobaile.com\/index.php?rest_route=%2Fwp%2Fv2%2Fmedia&parent=1897"}],"wp:term":[{"taxonomy":"category","embeddable":true,"href":"https:\/\/www.ultimobaile.com\/index.php?rest_route=%2Fwp%2Fv2%2Fcategories&post=1897"},{"taxonomy":"post_tag","embeddable":true,"href":"https:\/\/www.ultimobaile.com\/index.php?rest_route=%2Fwp%2Fv2%2Ftags&post=1897"}],"curies":[{"name":"wp","href":"https:\/\/api.w.org\/{rel}","templated":true}]}}