{"id":1893,"date":"2009-10-09T05:18:46","date_gmt":"2009-10-09T08:18:46","guid":{"rendered":"http:\/\/www.ultimobaile.com\/?p=1893"},"modified":"2025-12-24T13:03:37","modified_gmt":"2025-12-24T16:03:37","slug":"o-som-das-sextas-vi","status":"publish","type":"post","link":"https:\/\/www.ultimobaile.com\/?p=1893","title":{"rendered":"O Som das Sextas &#8211; VI"},"content":{"rendered":"<p style=\"text-align: justify;\"><img loading=\"lazy\" decoding=\"async\" class=\"aligncenter size-full wp-image-1894\" title=\"ocio\" src=\"https:\/\/www.ultimobaile.com\/wp-content\/uploads\/2009\/10\/ocio.jpg\" alt=\"ocio\" width=\"718\" height=\"534\" srcset=\"https:\/\/www.ultimobaile.com\/wp-content\/uploads\/2009\/10\/ocio.jpg 718w, https:\/\/www.ultimobaile.com\/wp-content\/uploads\/2009\/10\/ocio-300x223.jpg 300w\" sizes=\"auto, (max-width: 718px) 100vw, 718px\" \/><\/p>\n<p style=\"text-align: justify;\">Num mundo empestiado de bandas Emos, de cabelinhos lisos e bem-cortados, sotaques paulistano-paranaense, melodias \u00f3bvias, batidas idem, e letras de dor-de-corno de homens que se humilham por mulheres, eles vieram pra pelo menos contrabalancear.<\/p>\n<p style=\"text-align: justify;\">A Salva\u00e7\u00e3o veio de Salvador da Bahia: terra santa e puta, como eles lembram que devem ser as mulheres.<\/p>\n<p style=\"text-align: justify;\">Com pele mesti\u00e7a. Cabelo desgrenhado, um tanto sarar\u00e1, com \u00f3bvio p\u00e9 na senzala. Cal\u00e7a suja e roupa velha, de quem encara o buz\u00fa\u00a0<em>Daniel Lisboa &#8211; Barra 1<\/em>, todo santo dia, no Acupe de Brotas. Xibietaram o rock, e enrockaram a xibietagem.<\/p>\n<p style=\"text-align: justify;\">E deixaram de se humilhar. Xingam nas m\u00fasicas, como s\u00f3 bahiano sabe xingar. E, embora um tanto feios, n\u00e3o se queixam de n\u00e3o estarem comendo ningu\u00e9m.<\/p>\n<p style=\"text-align: justify;\">No lugar das bandas hiper-produzidinhas com &#8220;m\u00fasica de trabalho pra tocar no jab\u00e1 da r\u00e1dio&#8221;, eles preferem ficar <strong><a href=\"http:\/\/www.myspace.com\/vivendodoocio\" target=\"_blank\">Vivendo do \u00d3cio<\/a><\/strong>.<\/p>\n<p style=\"text-align: justify;\">A mais j\u00f3vem (e virulenta) flor do p\u00f3s-axezismo ganhou o Video Music Brasil na categoria <a href=\"http:\/\/vmb.mtv.uol.com.br\/cat_apostamtv.html\" target=\"_blank\">Aposta MTV<\/a> &#8211; a MTV t\u00e1 atrasada: a gente aposta neles tem um temp\u00e3o! D\u00e1 at\u00e9 pra compensar a injusti\u00e7a de n\u00e3o premiarem o Retrofoguetes na categoria <a href=\"http:\/\/vmb.mtv.uol.com.br\/cat_instrumental.html\" target=\"_blank\">Instrumental<\/a>.<\/p>\n<p style=\"text-align: justify;\">(Quem a\u00ed diria, h\u00e1 4 ou 5 anos atr\u00e1s, que ter\u00edamos duas bandas de Salvador concorrendo com for\u00e7a no Video Music Brasil?! P\u00f3s-axezismo \u00e9 isso. N\u00e3o v\u00ea quem n\u00e3o quer).<\/p>\n<p style=\"text-align: justify;\">Pra arruinar com essa melosidade sulestina, uma bomba nessa sexta-feira em que se inicia o Festival de Len\u00e7\u00f3is (BA): escuta aqui sua maluca!, t\u00e1 pensando que eu sou o qu\u00ea? &#8211; \u00a0<strong><em>Fora, M\u00f4nica! <\/em><\/strong><\/p>\n<p style=\"text-align: center;\"><object classid=\"clsid:d27cdb6e-ae6d-11cf-96b8-444553540000\" width=\"425\" height=\"344\" codebase=\"http:\/\/download.macromedia.com\/pub\/shockwave\/cabs\/flash\/swflash.cab#version=6,0,40,0\"><param name=\"allowFullScreen\" value=\"true\" \/><param name=\"allowscriptaccess\" value=\"always\" \/><param name=\"src\" value=\"http:\/\/www.youtube.com\/v\/ZSakko4Vlm4&amp;hl=pt-br&amp;fs=1&amp;\" \/><param name=\"allowfullscreen\" value=\"true\" \/><embed type=\"application\/x-shockwave-flash\" width=\"425\" height=\"344\" src=\"http:\/\/www.youtube.com\/v\/ZSakko4Vlm4&amp;hl=pt-br&amp;fs=1&amp;\" allowscriptaccess=\"always\" allowfullscreen=\"true\"><\/embed><\/object><\/p>\n","protected":false},"excerpt":{"rendered":"<p>Num mundo empestiado de bandas Emos, de cabelinhos lisos e bem-cortados, sotaques paulistano-paranaense, melodias \u00f3bvias, batidas idem, e letras de dor-de-corno de homens que se humilham por mulheres, eles vieram pra pelo menos contrabalancear. A Salva\u00e7\u00e3o veio de Salvador da Bahia: terra santa e puta, como eles lembram que devem [&hellip;]<\/p>\n","protected":false},"author":2,"featured_media":0,"comment_status":"closed","ping_status":"open","sticky":false,"template":"","format":"standard","meta":{"footnotes":""},"categories":[933],"tags":[79,20,285,1103,1102,136,749,15,1101,682,1100],"class_list":["post-1893","post","type-post","status-publish","format-standard","hentry","category-o-retorno-da-cancao","tag-anti-axezismo","tag-bahia","tag-brasil","tag-emo","tag-mtv-pos-axezismo","tag-rock","tag-rockn-roll","tag-salvador","tag-video-music-brasil","tag-vivendo-do-ocio","tag-vmb"],"_links":{"self":[{"href":"https:\/\/www.ultimobaile.com\/index.php?rest_route=\/wp\/v2\/posts\/1893","targetHints":{"allow":["GET"]}}],"collection":[{"href":"https:\/\/www.ultimobaile.com\/index.php?rest_route=\/wp\/v2\/posts"}],"about":[{"href":"https:\/\/www.ultimobaile.com\/index.php?rest_route=\/wp\/v2\/types\/post"}],"author":[{"embeddable":true,"href":"https:\/\/www.ultimobaile.com\/index.php?rest_route=\/wp\/v2\/users\/2"}],"replies":[{"embeddable":true,"href":"https:\/\/www.ultimobaile.com\/index.php?rest_route=%2Fwp%2Fv2%2Fcomments&post=1893"}],"version-history":[{"count":3,"href":"https:\/\/www.ultimobaile.com\/index.php?rest_route=\/wp\/v2\/posts\/1893\/revisions"}],"predecessor-version":[{"id":2186,"href":"https:\/\/www.ultimobaile.com\/index.php?rest_route=\/wp\/v2\/posts\/1893\/revisions\/2186"}],"wp:attachment":[{"href":"https:\/\/www.ultimobaile.com\/index.php?rest_route=%2Fwp%2Fv2%2Fmedia&parent=1893"}],"wp:term":[{"taxonomy":"category","embeddable":true,"href":"https:\/\/www.ultimobaile.com\/index.php?rest_route=%2Fwp%2Fv2%2Fcategories&post=1893"},{"taxonomy":"post_tag","embeddable":true,"href":"https:\/\/www.ultimobaile.com\/index.php?rest_route=%2Fwp%2Fv2%2Ftags&post=1893"}],"curies":[{"name":"wp","href":"https:\/\/api.w.org\/{rel}","templated":true}]}}