{"id":1888,"date":"2009-10-08T16:35:18","date_gmt":"2009-10-08T19:35:18","guid":{"rendered":"http:\/\/www.ultimobaile.com\/?p=1888"},"modified":"2025-12-24T13:03:37","modified_gmt":"2025-12-24T16:03:37","slug":"6%c2%ba-festival-internacional-de-cinema-de-salvador","status":"publish","type":"post","link":"https:\/\/www.ultimobaile.com\/?p=1888","title":{"rendered":"6\u00ba Festival Internacional de Cinema de Salvador"},"content":{"rendered":"<p style=\"text-align: justify;\"><img loading=\"lazy\" decoding=\"async\" class=\"alignleft size-full wp-image-1889\" title=\"marcafestival\" src=\"https:\/\/www.ultimobaile.com\/wp-content\/uploads\/2009\/10\/marcafestival.jpg\" alt=\"marcafestival\" width=\"300\" height=\"173\" \/>O que era a Mostra SalaDeArte de Cinema virou o 6\u00ba Festival Internacional de Cinema de Salvador. <a href=\"http:\/\/circuitosaladearte.files.wordpress.com\/2009\/10\/programacao-07-10-2009.pdf\" target=\"_blank\">75 filmes<\/a> e mais <a href=\"http:\/\/circuitosaladearte.files.wordpress.com\/2009\/10\/cine-papo-07-10-2009.pdf\" target=\"_blank\">os debates da mostra paralela<\/a>, dessa vez turbinado pelo <a href=\"http:\/\/circuitosaladearte.wordpress.com\/2009\/10\/01\/vivo-arte-mov-oferece-workshop-de-cinema-em-midias-moveis-na-programacao-do-festival-internacional-de-cinema\/\" target=\"_blank\">Vivo art.mov<\/a>. E esse ano n\u00e3o tem desculpa: tem duas salas at\u00e9 no Itaigara. N\u00e3o deixe de ir!<\/p>\n","protected":false},"excerpt":{"rendered":"<p>O que era a Mostra SalaDeArte de Cinema virou o 6\u00ba Festival Internacional de Cinema de Salvador. 75 filmes e mais os debates da mostra paralela, dessa vez turbinado pelo Vivo art.mov. E esse ano n\u00e3o tem desculpa: tem duas salas at\u00e9 no Itaigara. N\u00e3o deixe de ir!<\/p>\n","protected":false},"author":2,"featured_media":0,"comment_status":"closed","ping_status":"open","sticky":false,"template":"","format":"standard","meta":{"footnotes":""},"categories":[938,919,12],"tags":[20,285,26,58,1012,654,1099,185,15],"class_list":["post-1888","post","type-post","status-publish","format-standard","hentry","category-bailes","category-01flanar","category-01ver","tag-bahia","tag-brasil","tag-cinema","tag-festival","tag-internacional","tag-itaigara","tag-mostra","tag-sala-de-arte","tag-salvador"],"_links":{"self":[{"href":"https:\/\/www.ultimobaile.com\/index.php?rest_route=\/wp\/v2\/posts\/1888","targetHints":{"allow":["GET"]}}],"collection":[{"href":"https:\/\/www.ultimobaile.com\/index.php?rest_route=\/wp\/v2\/posts"}],"about":[{"href":"https:\/\/www.ultimobaile.com\/index.php?rest_route=\/wp\/v2\/types\/post"}],"author":[{"embeddable":true,"href":"https:\/\/www.ultimobaile.com\/index.php?rest_route=\/wp\/v2\/users\/2"}],"replies":[{"embeddable":true,"href":"https:\/\/www.ultimobaile.com\/index.php?rest_route=%2Fwp%2Fv2%2Fcomments&post=1888"}],"version-history":[{"count":1,"href":"https:\/\/www.ultimobaile.com\/index.php?rest_route=\/wp\/v2\/posts\/1888\/revisions"}],"predecessor-version":[{"id":1890,"href":"https:\/\/www.ultimobaile.com\/index.php?rest_route=\/wp\/v2\/posts\/1888\/revisions\/1890"}],"wp:attachment":[{"href":"https:\/\/www.ultimobaile.com\/index.php?rest_route=%2Fwp%2Fv2%2Fmedia&parent=1888"}],"wp:term":[{"taxonomy":"category","embeddable":true,"href":"https:\/\/www.ultimobaile.com\/index.php?rest_route=%2Fwp%2Fv2%2Fcategories&post=1888"},{"taxonomy":"post_tag","embeddable":true,"href":"https:\/\/www.ultimobaile.com\/index.php?rest_route=%2Fwp%2Fv2%2Ftags&post=1888"}],"curies":[{"name":"wp","href":"https:\/\/api.w.org\/{rel}","templated":true}]}}