{"id":1882,"date":"2009-10-08T16:05:12","date_gmt":"2009-10-08T19:05:12","guid":{"rendered":"http:\/\/www.ultimobaile.com\/?p=1882"},"modified":"2025-12-24T13:03:37","modified_gmt":"2025-12-24T16:03:37","slug":"7%c2%ba-concurso-de-contos-luis-jardim","status":"publish","type":"post","link":"https:\/\/www.ultimobaile.com\/?p=1882","title":{"rendered":"7\u00ba Concurso de Contos Lu\u00eds Jardim"},"content":{"rendered":"<p style=\"margin-top: 15px; margin-right: 0px; margin-bottom: 15px; margin-left: 0px; outline-style: none; outline-width: initial; outline-color: initial; line-height: 19px; text-align: justify; padding: 0px;\"><strong>Porqu\u00ea participar: <\/strong><span style=\"outline-style: none; outline-width: initial; outline-color: initial; padding: 0px; margin: 0px;\">A premia\u00e7\u00e3o em dinheiro n\u00e3o \u00e9 pequena, e \u00e9 igualit\u00e1ria para os tr\u00eas primeiros colocados. Al\u00e9m disso, no <a href=\"http:\/\/www.meiotom.art.br\/conlite9jardim.htm\" target=\"_blank\">Edital<\/a> j\u00e1 ficam conhecidos e divulgados os nomes que compor\u00e3o a banca examinadora, bem como a quantidade legal de men\u00e7\u00f5es honrosas. <\/span><\/p>\n<p style=\"margin-top: 15px; margin-right: 0px; margin-bottom: 15px; margin-left: 0px; outline-style: none; outline-width: initial; outline-color: initial; line-height: 19px; padding: 0px;\"><strong>Inscri\u00e7\u00f5es:<\/strong> at\u00e9 16 de outubro 2009.<\/p>\n","protected":false},"excerpt":{"rendered":"<p>Porqu\u00ea participar: A premia\u00e7\u00e3o em dinheiro n\u00e3o \u00e9 pequena, e \u00e9 igualit\u00e1ria para os tr\u00eas primeiros colocados. Al\u00e9m disso, no Edital j\u00e1 ficam conhecidos e divulgados os nomes que compor\u00e3o a banca examinadora, bem como a quantidade legal de men\u00e7\u00f5es honrosas. Inscri\u00e7\u00f5es: at\u00e9 16 de outubro 2009.<\/p>\n","protected":false},"author":2,"featured_media":0,"comment_status":"closed","ping_status":"open","sticky":false,"template":"","format":"standard","meta":{"footnotes":""},"categories":[938,890],"tags":[1096,884,995,1095,1094,206,1001,133],"class_list":["post-1882","post","type-post","status-publish","format-standard","hentry","category-bailes","category-concursos-premios-literarios","tag-casa-amarela","tag-concurso-literario","tag-contos","tag-fundacao-de-cultura","tag-luis-jardim","tag-pernambuco","tag-premio","tag-recife"],"_links":{"self":[{"href":"https:\/\/www.ultimobaile.com\/index.php?rest_route=\/wp\/v2\/posts\/1882","targetHints":{"allow":["GET"]}}],"collection":[{"href":"https:\/\/www.ultimobaile.com\/index.php?rest_route=\/wp\/v2\/posts"}],"about":[{"href":"https:\/\/www.ultimobaile.com\/index.php?rest_route=\/wp\/v2\/types\/post"}],"author":[{"embeddable":true,"href":"https:\/\/www.ultimobaile.com\/index.php?rest_route=\/wp\/v2\/users\/2"}],"replies":[{"embeddable":true,"href":"https:\/\/www.ultimobaile.com\/index.php?rest_route=%2Fwp%2Fv2%2Fcomments&post=1882"}],"version-history":[{"count":5,"href":"https:\/\/www.ultimobaile.com\/index.php?rest_route=\/wp\/v2\/posts\/1882\/revisions"}],"predecessor-version":[{"id":4324,"href":"https:\/\/www.ultimobaile.com\/index.php?rest_route=\/wp\/v2\/posts\/1882\/revisions\/4324"}],"wp:attachment":[{"href":"https:\/\/www.ultimobaile.com\/index.php?rest_route=%2Fwp%2Fv2%2Fmedia&parent=1882"}],"wp:term":[{"taxonomy":"category","embeddable":true,"href":"https:\/\/www.ultimobaile.com\/index.php?rest_route=%2Fwp%2Fv2%2Fcategories&post=1882"},{"taxonomy":"post_tag","embeddable":true,"href":"https:\/\/www.ultimobaile.com\/index.php?rest_route=%2Fwp%2Fv2%2Ftags&post=1882"}],"curies":[{"name":"wp","href":"https:\/\/api.w.org\/{rel}","templated":true}]}}