{"id":1854,"date":"2009-10-02T00:28:15","date_gmt":"2009-10-02T03:28:15","guid":{"rendered":"http:\/\/www.ultimobaile.com\/?p=1854"},"modified":"2025-12-24T13:03:37","modified_gmt":"2025-12-24T16:03:37","slug":"o-som-das-sextas-v","status":"publish","type":"post","link":"https:\/\/www.ultimobaile.com\/?p=1854","title":{"rendered":"O Som das Sextas &#8211; V"},"content":{"rendered":"<h1 style=\"text-align: center;\">Para uma Olimp\u00edada Imperial<\/h1>\n<p>.<\/p>\n<p>.<\/p>\n<p>.<\/p>\n<p style=\"text-align: justify;\"><img loading=\"lazy\" decoding=\"async\" class=\"aligncenter size-full wp-image-1855\" title=\"logo-rio-2016\" src=\"https:\/\/www.ultimobaile.com\/wp-content\/uploads\/2009\/10\/logo-rio-2016.jpg\" alt=\"logo-rio-2016\" width=\"800\" height=\"603\" srcset=\"https:\/\/www.ultimobaile.com\/wp-content\/uploads\/2009\/10\/logo-rio-2016.jpg 800w, https:\/\/www.ultimobaile.com\/wp-content\/uploads\/2009\/10\/logo-rio-2016-300x226.jpg 300w\" sizes=\"auto, (max-width: 800px) 100vw, 800px\" \/><\/p>\n<p style=\"text-align: justify;\">.<\/p>\n<p style=\"text-align: justify;\">Hoje, talvez (eu diria, provavelmente), o mundo vai passar a ter uma Olimp\u00edada Imperial. Imperial pelo tamanho. Pela nobreza &#8211; de Pedro II a Cartola. Pelo requinte &#8211; do Leblon a Laranjeiras de Machado de Assis. Numa cidade que n\u00e3o cessa de se exceder &#8211; que n\u00e3o cabe em si de tanto sim. <a href=\"https:\/\/www.ultimobaile.com\/?p=845\" target=\"_blank\">Tudo no Rio de Janeiro \u00e9 excessivo, sem ser em excesso<\/a>.<\/p>\n<p style=\"text-align: justify;\">O Rio que sabe ser a cara diplom\u00e1tica da na\u00e7\u00e3o, interna e externamente. Eu poderia, por isso, hoje, escolher <a href=\"http:\/\/www.youtube.com\/watch?v=2cDIskswtV4\" target=\"_blank\"><em><strong>Xote Guanabara<\/strong><\/em><\/a>, do paraibano, cosmopolita de Campina Grande (ent\u00e3o a maior e mais industrializada cidade do interior do pa\u00eds), Jackson do Pandeiro. <em>Eu vou embora; eu n\u00e3o aguento: o Rio de Janeiro n\u00e3o me sai do pensamento<\/em>.<\/p>\n<p style=\"text-align: justify;\">Dizem que h\u00e1 quem seja &#8220;contra o Rio&#8221; ou &#8220;a favor do Rio&#8221;. <a href=\"http:\/\/www1.folha.uol.com.br\/folha\/pensata\/kennedyalencar\/ult511u631379.shtml\" target=\"_blank\">Como se o Rio de Janeiro fosse uma quest\u00e3o ideol\u00f3gica nacional<\/a>, program\u00e1tica, central. E \u00e9.<\/p>\n<p style=\"text-align: justify;\">Poderia, se a propria campanha do <a href=\"http:\/\/www.rio2016.org.br\/pt\/Default.aspx\" target=\"_blank\">Rio Cidade Candidata 2016<\/a> n\u00e3o fosse uma profus\u00e3o de belas can\u00e7\u00f5es com bel\u00edssimas imagens. Ao contr\u00e1rio do que sup\u00f5em os incautos, n\u00e3o do Rio tur\u00edstico &#8211; mas do Rio real, aquele que como a Salvador franca, n\u00e3o se abre f\u00e1cil. E \u00e9 muito melhor do que sua superf\u00edcie.<\/p>\n<p style=\"text-align: justify;\">Isto \u00e9 fruto da recupera\u00e7\u00e3o da import\u00e2ncia do Rio de Janeiro para o pa\u00eds e para o mundo &#8211; que n\u00e3o por acaso se d\u00e1 na \u00e9poca em que Salvador faz o mesmo. O Rio de Janeiro, a cidade irm\u00e3-mais-velha da Bahia.<\/p>\n<p style=\"text-align: justify;\">Vai ter gente dizendo que ao fim e ao cabo traz mais preju\u00edzo que vantagem. E que ao fim e ao cabo \u00e9 bom para as elites, o pov\u00e3o nem v\u00ea a festa. Quem diz isso n\u00e3o \u00e9 bahiano, nem carioca, nem pernambucano. Quem diz isso n\u00e3o sabe o que \u00e9 Carnaval. E n\u00e3o entende que na fome, um frevo de Armandinho ou a Furiosa Bateria da Salgueiro pode ter mais efeito que um naco de p\u00e3o.<\/p>\n<p style=\"text-align: justify;\">Talvez a gente perca. Mas e da\u00ed? A Floresta da Tijuca continua l\u00e1; a quadra da Portela e da Mangueira; a Confeitaria Colombo, e todo o bairro da Urca. Vai continuar lindo, e cada vez mais sendo.<\/p>\n<p style=\"text-align: center;\"><object classid=\"clsid:d27cdb6e-ae6d-11cf-96b8-444553540000\" width=\"560\" height=\"340\" codebase=\"http:\/\/download.macromedia.com\/pub\/shockwave\/cabs\/flash\/swflash.cab#version=6,0,40,0\"><param name=\"allowFullScreen\" value=\"true\" \/><param name=\"allowscriptaccess\" value=\"always\" \/><param name=\"src\" value=\"http:\/\/www.youtube.com\/v\/Z00jjc-WtZI&amp;hl=pt-br&amp;fs=1&amp;\" \/><param name=\"allowfullscreen\" value=\"true\" \/><embed type=\"application\/x-shockwave-flash\" width=\"560\" height=\"340\" src=\"http:\/\/www.youtube.com\/v\/Z00jjc-WtZI&amp;hl=pt-br&amp;fs=1&amp;\" allowscriptaccess=\"always\" allowfullscreen=\"true\"><\/embed><\/object><\/p>\n","protected":false},"excerpt":{"rendered":"<p>Para uma Olimp\u00edada Imperial . . . . Hoje, talvez (eu diria, provavelmente), o mundo vai passar a ter uma Olimp\u00edada Imperial. Imperial pelo tamanho. Pela nobreza &#8211; de Pedro II a Cartola. Pelo requinte &#8211; do Leblon a Laranjeiras de Machado de Assis. Numa cidade que n\u00e3o cessa de [&hellip;]<\/p>\n","protected":false},"author":2,"featured_media":0,"comment_status":"closed","ping_status":"open","sticky":false,"template":"","format":"standard","meta":{"footnotes":""},"categories":[11,10,919,933,12],"tags":[285,1078,1077,1079,518],"class_list":["post-1854","post","type-post","status-publish","format-standard","hentry","category-01beber","category-01comer","category-01flanar","category-o-retorno-da-cancao","category-01ver","tag-brasil","tag-capital-imperial","tag-cidade-maravilhosa","tag-olimpiadas-2016","tag-rio-de-janeiro"],"_links":{"self":[{"href":"https:\/\/www.ultimobaile.com\/index.php?rest_route=\/wp\/v2\/posts\/1854","targetHints":{"allow":["GET"]}}],"collection":[{"href":"https:\/\/www.ultimobaile.com\/index.php?rest_route=\/wp\/v2\/posts"}],"about":[{"href":"https:\/\/www.ultimobaile.com\/index.php?rest_route=\/wp\/v2\/types\/post"}],"author":[{"embeddable":true,"href":"https:\/\/www.ultimobaile.com\/index.php?rest_route=\/wp\/v2\/users\/2"}],"replies":[{"embeddable":true,"href":"https:\/\/www.ultimobaile.com\/index.php?rest_route=%2Fwp%2Fv2%2Fcomments&post=1854"}],"version-history":[{"count":6,"href":"https:\/\/www.ultimobaile.com\/index.php?rest_route=\/wp\/v2\/posts\/1854\/revisions"}],"predecessor-version":[{"id":4326,"href":"https:\/\/www.ultimobaile.com\/index.php?rest_route=\/wp\/v2\/posts\/1854\/revisions\/4326"}],"wp:attachment":[{"href":"https:\/\/www.ultimobaile.com\/index.php?rest_route=%2Fwp%2Fv2%2Fmedia&parent=1854"}],"wp:term":[{"taxonomy":"category","embeddable":true,"href":"https:\/\/www.ultimobaile.com\/index.php?rest_route=%2Fwp%2Fv2%2Fcategories&post=1854"},{"taxonomy":"post_tag","embeddable":true,"href":"https:\/\/www.ultimobaile.com\/index.php?rest_route=%2Fwp%2Fv2%2Ftags&post=1854"}],"curies":[{"name":"wp","href":"https:\/\/api.w.org\/{rel}","templated":true}]}}