{"id":1848,"date":"2009-09-29T15:37:59","date_gmt":"2009-09-29T18:37:59","guid":{"rendered":"http:\/\/www.ultimobaile.com\/?p=1848"},"modified":"2025-12-24T13:03:37","modified_gmt":"2025-12-24T16:03:37","slug":"falta-ritmo","status":"publish","type":"post","link":"https:\/\/www.ultimobaile.com\/?p=1848","title":{"rendered":"Falta ritmo"},"content":{"rendered":"<p style=\"text-align: justify;\"><img loading=\"lazy\" decoding=\"async\" class=\"alignleft size-full wp-image-1807\" title=\"festival-instrumental\" src=\"https:\/\/www.ultimobaile.com\/wp-content\/uploads\/2009\/09\/festival-instrumental.JPG\" alt=\"festival-instrumental\" width=\"191\" height=\"130\" \/>O <a href=\"https:\/\/www.ultimobaile.com\/?p=1806\" target=\"_blank\"><strong>Festival de M\u00fasica Instrumental da Bahia<\/strong><\/a> acabou por se tornar um belo exemplo de anacronismo. Ele segue exatamente o mesmo padr\u00e3o t\u00edmido e algo colonialista dos festivais da longa Era Paulo Gaudenzi &#8211; per\u00edodo em que nasceu.<\/p>\n<p style=\"text-align: justify;\">Claro que n\u00e3o se diz, com isso, que seus idealizadores s\u00e3o carlistas em aspecto algum. Muito ao contr\u00e1rio: o Festival, por n\u00e3o ser montado pelo Estado (diferentemente do <a href=\"http:\/\/idanca.net\/2007\/08\/23\/atelie-de-coreografos-brasileiros-fora-da-cena-nacional-em-2007\/\" target=\"_blank\">Atlier do Core\u00f3grafo Brasileiro<\/a>, sempre p\u00e9ssimo), foi um foco de resist\u00eancia, e trampolim para alguns dos atuais baluartes do p\u00f3s-axezismo: <a href=\"http:\/\/www.rumpilezz.com\" target=\"_blank\">Orkestra Rumpilezz<\/a> e <a href=\"http:\/\/www.myspace.com\/retrofoguetes\" target=\"_blank\">Retrofoguetes<\/a> (ambos juntos o \u00e1pice que \u00e9 <em>Maldito Mambo<\/em>, do disco <em>ChaChaCha<\/em> &#8211; que n\u00e3o aconteceria se Morot\u00f3 Slim n\u00e3o tivesse conhecido Letieres Leite nos corredores do XV Festival de M\u00fasica Instrumental).<\/p>\n<p style=\"text-align: justify;\">O que h\u00e1 \u00e9 que, como o pessoal do <a href=\"http:\/\/culturanauti.blogspot.com\" target=\"_blank\">Cultura na U.T.I<\/a>., eles n\u00e3o pegaram o novo ritmo, mais arrojado e din\u00e2mico, atual. Claro, o Festival de Instrumental n\u00e3o fica na ranhetice do UTI, at\u00e9 por ser capitaneado pelo <a href=\"https:\/\/www.ultimobaile.com\/?p=1236\" target=\"_blank\">excelente Fernando Marinho<\/a>.<\/p>\n<p style=\"text-align: justify;\">Sen\u00e3o vejamos: o Festival ocupa noites longu\u00edssimas apenas na sala principal do Teatro Castro Alves. S\u00e3o noites cansativas, com 3 ou 4 apresenta\u00e7\u00f5es d\u00edspares. O encerramento, com a <a href=\"http:\/\/www.spokfrevo.com.br\" target=\"_blank\">Spok Frevo Orquestra<\/a>, acabou mais de meia-noite de domingo para segunda-feira!<\/p>\n<p style=\"text-align: justify;\">\u00c9 t\u00e3o exaustivo que se chega ao fim da noite sem vontade. Mais: sem ter trocado nada com ningu\u00e9m. A plateia recebe, e ponto final. Baix\u00edssima intera\u00e7\u00e3o, numa l\u00f3gica (para usar um termo de Paulo Freire) totalmente banc\u00e1ria.<\/p>\n<p style=\"text-align: justify;\">Quando me refiro a timidez, \u00e9 que um tal festival deveria j\u00e1 ter al\u00e7ado dimens\u00f5es mundiais. Marcio Meirelles fez isso com o <a href=\"https:\/\/www.ultimobaile.com\/?p=561\" target=\"_blank\">FIAC<\/a> e o <a href=\"https:\/\/www.ultimobaile.com\/?p=1754\" target=\"_blank\">FILTE<\/a>, e mesmo o <a href=\"https:\/\/www.ultimobaile.com\/?p=849\" target=\"_blank\">Carnaval ganhou uma dimens\u00e3o mais ampla<\/a>.<\/p>\n<p style=\"text-align: justify;\">Digo: o Festival de M\u00fasica Instrumental poderia ser, hoje, uma Bienal Internacional de M\u00fasica Instrumental <strong>na<\/strong> (e n\u00e3o <strong>da<\/strong>) Bahia. Poderia durar 2, e n\u00e3o 4 dias. Mas dois dias mais male\u00e1veis: ocupando, da manh\u00e3 \u00e0 madrugada, o espa\u00e7o de todo o complexo do TCA: Concha Ac\u00fastica, foyer, sala principal e sala do coro, salas de ensaio, jardim suspenso. Ao inv\u00e9s de ingresso, pulseira. Dois ou tr\u00eas shows simult\u00e2neos &#8211; um em cada palco. Bancas com venda de material, inclusive de artistas n\u00e3o-selecionados pelo Festival. Oficinas, debates, banca de neg\u00f3cios.<\/p>\n<p style=\"text-align: justify;\">N\u00e3o \u00e9 novidade: o <a href=\"https:\/\/www.ultimobaile.com\/?p=698\" target=\"_blank\">Mercado Cultural Mundial<\/a> dos bons tempos era assim. Acontece que, na \u00e9poca, o Mercado Cultura era exce\u00e7\u00e3o. Hoje, \u00e9 regra &#8211; e exce\u00e7\u00e3o \u00e9 o modelo conservador do <strong>Festival de M\u00fasica Instrumental (FMI)<\/strong>.<\/p>\n<p style=\"text-align: justify;\">Os organizadores podem dizer que mal teve verba pra 3 dias num palco s\u00f3, que dir\u00e1 algo maior e mais arrojado. Replico desde j\u00e1 que projetos arrojados naturalmente captam mais verba, de origens mais variadas &#8211; e sendo num formato Bienal Internacional, poder-se-ia conseguir patroc\u00ednio robusto inclusive estrangeiro. Como o Mercado Cultural conseguia da Funda\u00e7\u00e3o Ford.<\/p>\n<p style=\"text-align: justify;\">N\u00e3o tem pra onde correr: falta arrojo. O <strong>FMI<\/strong> precisa ficar <em>up-to-date<\/em> com o <em>modus faciendi<\/em> atual. \u00c9 melhor do que apenas reclamar.<\/p>\n","protected":false},"excerpt":{"rendered":"<p>O Festival de M\u00fasica Instrumental da Bahia acabou por se tornar um belo exemplo de anacronismo. Ele segue exatamente o mesmo padr\u00e3o t\u00edmido e algo colonialista dos festivais da longa Era Paulo Gaudenzi &#8211; per\u00edodo em que nasceu. Claro que n\u00e3o se diz, com isso, que seus idealizadores s\u00e3o carlistas [&hellip;]<\/p>\n","protected":false},"author":2,"featured_media":0,"comment_status":"closed","ping_status":"open","sticky":false,"template":"","format":"standard","meta":{"footnotes":""},"categories":[919,12],"tags":[20,486,1071,85,927,656,1067,1070,1068,217,1069,152,527,77,15,108,171,200],"class_list":["post-1848","post","type-post","status-publish","format-standard","hentry","category-01flanar","category-01ver","tag-bahia","tag-bienal","tag-bienal-internacional","tag-carlismo","tag-cultura-na-uti","tag-fernando-marinho","tag-festival-de-musica-instrumental","tag-festival-ibero-latino-americano-de-teatro","tag-festival-internacional-de-artes-cenicas","tag-fiac","tag-filte","tag-marcio-meirelles","tag-paulo-gaudenzi","tag-pos-axezismo","tag-salvador","tag-secretaria-de-cultura","tag-tca","tag-teatro-castro-alves"],"_links":{"self":[{"href":"https:\/\/www.ultimobaile.com\/index.php?rest_route=\/wp\/v2\/posts\/1848","targetHints":{"allow":["GET"]}}],"collection":[{"href":"https:\/\/www.ultimobaile.com\/index.php?rest_route=\/wp\/v2\/posts"}],"about":[{"href":"https:\/\/www.ultimobaile.com\/index.php?rest_route=\/wp\/v2\/types\/post"}],"author":[{"embeddable":true,"href":"https:\/\/www.ultimobaile.com\/index.php?rest_route=\/wp\/v2\/users\/2"}],"replies":[{"embeddable":true,"href":"https:\/\/www.ultimobaile.com\/index.php?rest_route=%2Fwp%2Fv2%2Fcomments&post=1848"}],"version-history":[{"count":2,"href":"https:\/\/www.ultimobaile.com\/index.php?rest_route=\/wp\/v2\/posts\/1848\/revisions"}],"predecessor-version":[{"id":1850,"href":"https:\/\/www.ultimobaile.com\/index.php?rest_route=\/wp\/v2\/posts\/1848\/revisions\/1850"}],"wp:attachment":[{"href":"https:\/\/www.ultimobaile.com\/index.php?rest_route=%2Fwp%2Fv2%2Fmedia&parent=1848"}],"wp:term":[{"taxonomy":"category","embeddable":true,"href":"https:\/\/www.ultimobaile.com\/index.php?rest_route=%2Fwp%2Fv2%2Fcategories&post=1848"},{"taxonomy":"post_tag","embeddable":true,"href":"https:\/\/www.ultimobaile.com\/index.php?rest_route=%2Fwp%2Fv2%2Ftags&post=1848"}],"curies":[{"name":"wp","href":"https:\/\/api.w.org\/{rel}","templated":true}]}}