{"id":1833,"date":"2009-09-27T08:35:44","date_gmt":"2009-09-27T11:35:44","guid":{"rendered":"http:\/\/www.ultimobaile.com\/?p=1833"},"modified":"2025-12-24T13:03:37","modified_gmt":"2025-12-24T16:03:37","slug":"um-requiem-para-o-bar-marques","status":"publish","type":"post","link":"https:\/\/www.ultimobaile.com\/?p=1833","title":{"rendered":"Um R\u00e9quiem para o Bar Marqu\u00eas"},"content":{"rendered":"<div id=\"attachment_1834\" style=\"width: 586px\" class=\"wp-caption aligncenter\"><img loading=\"lazy\" decoding=\"async\" aria-describedby=\"caption-attachment-1834\" class=\"size-full wp-image-1834\" title=\"marqu\u00eas-despedida\" src=\"https:\/\/www.ultimobaile.com\/wp-content\/uploads\/2009\/09\/marqu\u00eas-despedida.jpg\" alt=\"O Bar\u00e3o e seu Ninfeto n\u00e3o estar\u00e3o mais na Barra-Avenida\" width=\"576\" height=\"576\" srcset=\"https:\/\/www.ultimobaile.com\/wp-content\/uploads\/2009\/09\/marqu\u00eas-despedida.jpg 576w, https:\/\/www.ultimobaile.com\/wp-content\/uploads\/2009\/09\/marqu\u00eas-despedida-150x150.jpg 150w, https:\/\/www.ultimobaile.com\/wp-content\/uploads\/2009\/09\/marqu\u00eas-despedida-300x300.jpg 300w\" sizes=\"auto, (max-width: 576px) 100vw, 576px\" \/><p id=\"caption-attachment-1834\" class=\"wp-caption-text\">O Bar\u00e3o e seu Ninfeto n\u00e3o estar\u00e3o mais na Barra-Avenida<\/p><\/div>\n<p style=\"text-align: justify;\">Para os que frequentaram em algum momento o j\u00e1 legend\u00e1rio <a href=\"https:\/\/www.ultimobaile.com\/?p=117\" target=\"_blank\"><strong>Bar Marqu\u00eas<\/strong><\/a>, na Barra, esta foto deve ser cruel como uma amputa\u00e7\u00e3o. No lugar onde aparece a presen\u00e7a-da-aus\u00eancia em tijolos de parede, havia uma foto pra l\u00e1 de amb\u00edgua do fim do s\u00e9culo XIX, em que um aristocrata do Segundo Imp\u00e9rio aliciava um menino que comia banana. Nada poderia ser mais c\u00ednico, inteligente e arrojado.<\/p>\n<p style=\"text-align: justify;\">Por ora, a Avenida Marqu\u00eas de Caravelas n\u00e3o ter\u00e1 mais esta deliciosa auto-ironia. O <strong>Marqu\u00eas<\/strong> vai fechar. Marcou \u00e9poca, embora s\u00f3 tenha durado dois anos. N\u00e3o apenas implodia o conceito de gueto-gay, como elevou seu patamar de qualidade; foi, sediando o <a href=\"https:\/\/www.ultimobaile.com\/?p=163\" target=\"_blank\">Trilha Sonora<\/a>, um dos melhores palcos da cidade. Mais do que uma casa noturna: era um conceito, um estilo, uma assinatura. Algo como foi o Quixabeira nos anos de resist\u00eancia ao axezismo, mas de modo distinto.<\/p>\n<p style=\"text-align: justify;\">O Quixa (carinhosamente apelidado, de forma espont\u00e2nea, pelos \u00edntimos) ficava nos Barris, em frente a outro bunker: a Sala Walter da Silveira de cinema. Com gradil de Caryb\u00e9, card\u00e1pio do agreste bahiano (Feira de Santana, como caldo de banana verde com carne de bode), caf\u00e9-da-noite aos domingos com cuscuz de tapioca cozido, aca\u00e7\u00e1, e outros quitutes. Um cobi\u00e7ad\u00edssimo chorinho \u00e0s quintas-feiras. Apesar de enorme, lotava todo santo dia &#8211; j\u00e1 que os Barris, central e acima da Esta\u00e7\u00e3o da Lapa, \u00e9 de acesso relativamente f\u00e1cil. Fechou porque seu dono foi assassinado por um mich\u00ea, em casa, no Carnaval. E at\u00e9 que o Beco da Ros\u00e1lia e o Marqu\u00eas abrissem, Salvador levou um par de anos \u00f3rf\u00e3.<\/p>\n<p style=\"text-align: justify;\">Se a Ros\u00e1lia cumpre a fun\u00e7\u00e3o de ser barato, ecl\u00e9tico, e &#8220;nos Barris&#8221;, o <strong>Marqu\u00eas<\/strong> herdou o legado de luxo e sofistica\u00e7\u00e3o despojada do velho Quixa. S\u00e3o filhos diletos, e opostos, de uma era. \u00c9 comum na noite n\u00e3o-\u00f3bvia (n\u00e3o gosto do termo <em>alternativo<\/em>) de Salvador ainda hoje se ouvir &#8220;no tempo do Quixabeira era assim&#8230;&#8221; &#8211; mesmo por gente que \u00e9 jovem demais para o ter frequentado.<\/p>\n<p style=\"text-align: justify;\">O Marqu\u00eas fecha por outro motivos. Beto, um dos donos, me dizia que a casa s\u00f3 enchia de quinta-feira a s\u00e1bado. Nos outros dias, era preciso haver programa\u00e7\u00e3o espec\u00edfica &#8211; de teatro, por exemplo. O que n\u00e3o era problema. O problema \u00e9 que, n\u00e3o sendo no centr\u00e3o (como o Quixa e a Ros\u00e1lia, nos Barris), as pessoas n\u00e3o saem a noite dia de semana.<\/p>\n<p style=\"text-align: justify;\">H\u00e1 quem diga que por conta de uma mentalidade provinciana. Eu concordaria, h\u00e1 alguns anos. Hoje, creio que por um motivo material e pr\u00e1tico: a tenebrosa mobilidade urbana de Salvador. A pessoa mora na Pituba. Leva mais de uma hora pra chegar do trabalho, num percurso de menos de 12km. Chega e at\u00e9 quer sair pra tomar uma num lugar transado &#8211; o Marqu\u00eas! &#8211; mas fica relativamente longe, e o cansa\u00e7o aliado ao temor de outro engarrafamento a faz desistir. \u00d4nibus para a Barra \u00e9 relativamente f\u00e1cil e frequente a partir de qualquer bairro &#8211; mas deixam de existir \u00e0s 23h.<\/p>\n<p style=\"text-align: justify;\">Da\u00ed minha milit\u00e2ncia recente pela mobilidade urbana, e em solu\u00e7\u00f5es individuais (e ali\u00e1s t\u00e3o <em>neo-ArtNouveau<\/em> quanto o <strong>Marqu\u00eas<\/strong>: bicicletas), inclusive usando uma aba desta p\u00e1gina toda segunda-feira. Sem uma mobilidade decente, o p\u00f3s-ax\u00e9 estancar\u00e1 (j\u00e1 estancou?), ou pode mesmo retroagir. Percebi isso quando fui inquirido a respeito do futuro do p\u00f3s-ax\u00e9 numa entrevista que dei para uma monografia de gradua\u00e7\u00e3o recentemente.<\/p>\n<p style=\"text-align: justify;\">A Beto e a Moreno, infinitos parab\u00e9ns pela aud\u00e1cia e compet\u00eancia. A Uzias, neg\u00e3o lindo e t\u00edmido que trabalhava na entrada (e ali\u00e1s, ia trabalhar de bike), saudades imensas. E a todos, esperan\u00e7as infind\u00e1veis de um retorno &#8211; j\u00e1 que, a princ\u00edpio, o fechamento \u00e9 apenas para reformar o casar\u00e3o (cujo dono \u00e9 arquiteto e promete preservar a l\u00f3gica <em>Art-Nouveau<\/em> que lhe \u00e9 toda pr\u00f3pria).<\/p>\n<p style=\"text-align: justify;\"><strong><em> <\/em><\/strong><\/p>\n<p><strong><em><\/p>\n<div id=\"attachment_1835\" style=\"width: 580px\" class=\"wp-caption aligncenter\"><img loading=\"lazy\" decoding=\"async\" aria-describedby=\"caption-attachment-1835\" class=\"size-full wp-image-1835\" title=\"marqu\u00eas\" src=\"https:\/\/www.ultimobaile.com\/wp-content\/uploads\/2009\/09\/marqu\u00eas.jpg\" alt=\"Au-revoir, Milord.\" width=\"570\" height=\"570\" srcset=\"https:\/\/www.ultimobaile.com\/wp-content\/uploads\/2009\/09\/marqu\u00eas.jpg 570w, https:\/\/www.ultimobaile.com\/wp-content\/uploads\/2009\/09\/marqu\u00eas-150x150.jpg 150w, https:\/\/www.ultimobaile.com\/wp-content\/uploads\/2009\/09\/marqu\u00eas-300x300.jpg 300w\" sizes=\"auto, (max-width: 570px) 100vw, 570px\" \/><p id=\"caption-attachment-1835\" class=\"wp-caption-text\">Au-revoir, Milord.<\/p><\/div>\n<p><\/em><\/strong><\/p>\n<p style=\"text-align: justify;\">\n","protected":false},"excerpt":{"rendered":"<p>Para os que frequentaram em algum momento o j\u00e1 legend\u00e1rio Bar Marqu\u00eas, na Barra, esta foto deve ser cruel como uma amputa\u00e7\u00e3o. No lugar onde aparece a presen\u00e7a-da-aus\u00eancia em tijolos de parede, havia uma foto pra l\u00e1 de amb\u00edgua do fim do s\u00e9culo XIX, em que um aristocrata do Segundo [&hellip;]<\/p>\n","protected":false},"author":2,"featured_media":0,"comment_status":"closed","ping_status":"open","sticky":false,"template":"","format":"standard","meta":{"footnotes":""},"categories":[11,10,919,12,9],"tags":[20,306,73,285,1058,478,1059,479,888,326,77,15,846,307],"class_list":["post-1833","post","type-post","status-publish","format-standard","hentry","category-01beber","category-01comer","category-01flanar","category-01ver","category-01viver","tag-bahia","tag-bar-marques","tag-barra-avenida","tag-brasil","tag-cinicamente-gay","tag-espetaculo","tag-gueto","tag-marques-de-caravelas","tag-mobilidade-urbana","tag-porto-da-barra","tag-pos-axezismo","tag-salvador","tag-stand-up-comedy","tag-trilha-sonora"],"_links":{"self":[{"href":"https:\/\/www.ultimobaile.com\/index.php?rest_route=\/wp\/v2\/posts\/1833","targetHints":{"allow":["GET"]}}],"collection":[{"href":"https:\/\/www.ultimobaile.com\/index.php?rest_route=\/wp\/v2\/posts"}],"about":[{"href":"https:\/\/www.ultimobaile.com\/index.php?rest_route=\/wp\/v2\/types\/post"}],"author":[{"embeddable":true,"href":"https:\/\/www.ultimobaile.com\/index.php?rest_route=\/wp\/v2\/users\/2"}],"replies":[{"embeddable":true,"href":"https:\/\/www.ultimobaile.com\/index.php?rest_route=%2Fwp%2Fv2%2Fcomments&post=1833"}],"version-history":[{"count":1,"href":"https:\/\/www.ultimobaile.com\/index.php?rest_route=\/wp\/v2\/posts\/1833\/revisions"}],"predecessor-version":[{"id":1836,"href":"https:\/\/www.ultimobaile.com\/index.php?rest_route=\/wp\/v2\/posts\/1833\/revisions\/1836"}],"wp:attachment":[{"href":"https:\/\/www.ultimobaile.com\/index.php?rest_route=%2Fwp%2Fv2%2Fmedia&parent=1833"}],"wp:term":[{"taxonomy":"category","embeddable":true,"href":"https:\/\/www.ultimobaile.com\/index.php?rest_route=%2Fwp%2Fv2%2Fcategories&post=1833"},{"taxonomy":"post_tag","embeddable":true,"href":"https:\/\/www.ultimobaile.com\/index.php?rest_route=%2Fwp%2Fv2%2Ftags&post=1833"}],"curies":[{"name":"wp","href":"https:\/\/api.w.org\/{rel}","templated":true}]}}