{"id":1822,"date":"2009-09-25T08:47:35","date_gmt":"2009-09-25T11:47:35","guid":{"rendered":"http:\/\/www.ultimobaile.com\/?p=1822"},"modified":"2025-12-24T13:03:37","modified_gmt":"2025-12-24T16:03:37","slug":"o-som-das-sextas-iv","status":"publish","type":"post","link":"https:\/\/www.ultimobaile.com\/?p=1822","title":{"rendered":"O Som das Sextas &#8211; IV"},"content":{"rendered":"<p style=\"text-align: justify;\"><img loading=\"lazy\" decoding=\"async\" class=\"aligncenter size-full wp-image-1828\" title=\"spok\" src=\"https:\/\/www.ultimobaile.com\/wp-content\/uploads\/2009\/09\/spok.jpg\" alt=\"spok\" width=\"400\" height=\"359\" srcset=\"https:\/\/www.ultimobaile.com\/wp-content\/uploads\/2009\/09\/spok.jpg 400w, https:\/\/www.ultimobaile.com\/wp-content\/uploads\/2009\/09\/spok-300x269.jpg 300w\" sizes=\"auto, (max-width: 400px) 100vw, 400px\" \/><\/p>\n<p style=\"text-align: justify;\">Como ontem abriu o <a href=\"https:\/\/www.ultimobaile.com\/?p=1806\" target=\"_blank\">Festival de M\u00fasica Instrumental<\/a>, e este m\u00eas a entrevista do <a href=\"https:\/\/www.ultimobaile.com\/?p=1497\" target=\"_blank\">Cartel sobre a Can\u00e7\u00e3o<\/a> foi da <a href=\"https:\/\/www.ultimobaile.com\/?p=1773\" target=\"_blank\">can\u00e7\u00e3o sem voz do Retrofoguetes<\/a>, hoje \u00e9 s\u00f3 instrumental.<\/p>\n<p style=\"text-align: justify;\">Ainda mais porque, tantas vezes se usou o termo &#8220;can\u00e7\u00e3o&#8221; ontem para se referir a m\u00fasica instrumental (especialmente na luminosa apresenta\u00e7\u00e3o de <a href=\"http:\/\/www.myspace.com\/biramarques\" target=\"_blank\">Bira Marques<\/a>) que ficou claro pra mim que <em><strong>h\u00e1, sim,<\/strong><\/em> <em><strong>can\u00e7\u00e3o sem cantar<\/strong><\/em>. Ainda\u00a0por cima\u00a0que a <a href=\"http:\/\/www.rumpilezz.com\/\" target=\"_blank\">Orkestra Rumpilezz<\/a> lan\u00e7ou ontem a imag\u00e9tica e in\u00e9dita\u00a0<em>Feira das Sete Portas<\/em>: \u00e9 ouvir a su\u00edte, e ver a Barroquinha lotada de gente vendendo, em bom bahian\u00eas, de um-tudo.<\/p>\n<p style=\"text-align: justify;\">Ent\u00e3o, fiquem com a bela can\u00e7\u00e3o de frevo de palco, longe de ser frevo-can\u00e7\u00e3o e perto do jazz, de <strong>Maestro Spok<\/strong> &#8211; que ora nos visita para encerrar esta d\u00e9cima-sexta edi\u00e7\u00e3o em quase 30 anos. <strong>Spok Frevo Orquestra &#8211; Passo de Anjo:<\/strong><\/p>\n<p style=\"text-align: center;\"><object classid=\"clsid:d27cdb6e-ae6d-11cf-96b8-444553540000\" width=\"425\" height=\"344\" codebase=\"http:\/\/download.macromedia.com\/pub\/shockwave\/cabs\/flash\/swflash.cab#version=6,0,40,0\"><param name=\"allowFullScreen\" value=\"true\" \/><param name=\"allowscriptaccess\" value=\"always\" \/><param name=\"src\" value=\"http:\/\/www.youtube.com\/v\/iSdFTTxwAoM&amp;hl=pt-br&amp;fs=1&amp;\" \/><param name=\"allowfullscreen\" value=\"true\" \/><embed type=\"application\/x-shockwave-flash\" width=\"425\" height=\"344\" src=\"http:\/\/www.youtube.com\/v\/iSdFTTxwAoM&amp;hl=pt-br&amp;fs=1&amp;\" allowfullscreen=\"true\" allowscriptaccess=\"always\"><\/embed><\/object><\/p>\n","protected":false},"excerpt":{"rendered":"<p>Como ontem abriu o Festival de M\u00fasica Instrumental, e este m\u00eas a entrevista do Cartel sobre a Can\u00e7\u00e3o foi da can\u00e7\u00e3o sem voz do Retrofoguetes, hoje \u00e9 s\u00f3 instrumental. Ainda mais porque, tantas vezes se usou o termo &#8220;can\u00e7\u00e3o&#8221; ontem para se referir a m\u00fasica instrumental (especialmente na luminosa apresenta\u00e7\u00e3o [&hellip;]<\/p>\n","protected":false},"author":2,"featured_media":0,"comment_status":"closed","ping_status":"open","sticky":false,"template":"","format":"standard","meta":{"footnotes":""},"categories":[933],"tags":[20,285,883,1057,1056,206,133,15,337],"class_list":["post-1822","post","type-post","status-publish","format-standard","hentry","category-o-retorno-da-cancao","tag-bahia","tag-brasil","tag-cancao","tag-instrumental","tag-passo-de-anjo","tag-pernambuco","tag-recife","tag-salvador","tag-spok-frevo-orquestra"],"_links":{"self":[{"href":"https:\/\/www.ultimobaile.com\/index.php?rest_route=\/wp\/v2\/posts\/1822","targetHints":{"allow":["GET"]}}],"collection":[{"href":"https:\/\/www.ultimobaile.com\/index.php?rest_route=\/wp\/v2\/posts"}],"about":[{"href":"https:\/\/www.ultimobaile.com\/index.php?rest_route=\/wp\/v2\/types\/post"}],"author":[{"embeddable":true,"href":"https:\/\/www.ultimobaile.com\/index.php?rest_route=\/wp\/v2\/users\/2"}],"replies":[{"embeddable":true,"href":"https:\/\/www.ultimobaile.com\/index.php?rest_route=%2Fwp%2Fv2%2Fcomments&post=1822"}],"version-history":[{"count":5,"href":"https:\/\/www.ultimobaile.com\/index.php?rest_route=\/wp\/v2\/posts\/1822\/revisions"}],"predecessor-version":[{"id":4328,"href":"https:\/\/www.ultimobaile.com\/index.php?rest_route=\/wp\/v2\/posts\/1822\/revisions\/4328"}],"wp:attachment":[{"href":"https:\/\/www.ultimobaile.com\/index.php?rest_route=%2Fwp%2Fv2%2Fmedia&parent=1822"}],"wp:term":[{"taxonomy":"category","embeddable":true,"href":"https:\/\/www.ultimobaile.com\/index.php?rest_route=%2Fwp%2Fv2%2Fcategories&post=1822"},{"taxonomy":"post_tag","embeddable":true,"href":"https:\/\/www.ultimobaile.com\/index.php?rest_route=%2Fwp%2Fv2%2Ftags&post=1822"}],"curies":[{"name":"wp","href":"https:\/\/api.w.org\/{rel}","templated":true}]}}