{"id":1812,"date":"2009-09-21T04:32:17","date_gmt":"2009-09-21T07:32:17","guid":{"rendered":"http:\/\/www.ultimobaile.com\/?p=1812"},"modified":"2025-12-24T13:03:37","modified_gmt":"2025-12-24T16:03:37","slug":"a-se-de-wagner-pode-nao-cheirar-bem","status":"publish","type":"post","link":"https:\/\/www.ultimobaile.com\/?p=1812","title":{"rendered":"A S\u00e9 de Wagner pode n\u00e3o cheirar bem"},"content":{"rendered":"<p style=\"text-align: justify;\">\n<div id=\"attachment_1813\" style=\"width: 320px\" class=\"wp-caption alignleft\"><img loading=\"lazy\" decoding=\"async\" aria-describedby=\"caption-attachment-1813\" class=\"size-full wp-image-1813\" title=\"fonte nova - reforma\" src=\"https:\/\/www.ultimobaile.com\/wp-content\/uploads\/2009\/09\/fonte-nova-reforma.jpg\" alt=\"Se apenas reformada, a Fonte Nova continuaria assim.\" width=\"310\" height=\"232\" srcset=\"https:\/\/www.ultimobaile.com\/wp-content\/uploads\/2009\/09\/fonte-nova-reforma.jpg 310w, https:\/\/www.ultimobaile.com\/wp-content\/uploads\/2009\/09\/fonte-nova-reforma-300x224.jpg 300w\" sizes=\"auto, (max-width: 310px) 100vw, 310px\" \/><p id=\"caption-attachment-1813\" class=\"wp-caption-text\">Se apenas reformada, a Fonte Nova continuaria assim.<\/p><\/div>\n<p style=\"text-align: justify;\">\n<p style=\"text-align: justify;\">Tem me consternado a id\u00e9ia completamente idiota do Governo Estadual de demolir o Est\u00e1dio Oct\u00e1vio Mangabeira (Fonte Nova), para construir outro no lugar nos moldes em que a Federa\u00e7\u00e3o Internacional de Futebol (FIFA) exige.<\/p>\n<p style=\"text-align: justify;\">A id\u00e9ia soa especialmente imbecil porque ela vem no bojo e dois mares de inteligentes acertos: o levantamento e tombamento do patrim\u00f4nio modernista da Bahia, pelo Instituto do Patrim\u00f4nio Art\u00edstico e Cultural (IPAC); e pela agilidade, e pre\u00e7os progressivamente menores, que se tem conseguido nas grandes obras de infraestrutura estadual, como por exemplo o Complexo Vi\u00e1rio 2 de Julho &#8211; terminado quase um m\u00eas antes do previsto, e com um gasto 10% menor do que o or\u00e7ado.<\/p>\n<p style=\"text-align: justify;\">Primeiramente, h\u00e1 o discurso de que a estrutura da Fonte Nova est\u00e1 condenada. Mentira: n\u00e3o est\u00e1. Se diz isso desde o tr\u00e1gico acidente, em 2007 &#8211; cr\u00f4nica ali\u00e1s de uma morte anunciada: n\u00e3o se dava manuten\u00e7\u00e3o predial no est\u00e1dio desde o Governo Waldyr Pires. O desabamento se deu pela fragilidade dos assoalhos &#8211; hoje com 5cm de espessura, quando deveriam ter no m\u00ednimo 10cm. As colunas, vigas, e funda\u00e7\u00f5es est\u00e3o, segundo consta, em perfeito estado de seguran\u00e7a. Isto \u00e9: com uma reforma relativamente barata, se pode deixar a Fonte Nova, em bom bahian\u00eas, nos trinques.<\/p>\n<p style=\"text-align: justify;\">Ocorre que, derrubando, vai-se descobrir o \u00f3bvio: que embaixo dela \u00e9 brejo. O que n\u00e3o vai estar previsto no projeto de reconstru\u00e7\u00e3o. E a\u00ed, tome-lhe dinheiro e concess\u00f5es a especula\u00e7\u00e3o imobili\u00e1ria para se fazer funda\u00e7\u00f5es em ferro por dentro do p\u00e2ntano. O que pode atrasar a obra infinitamente, e vira um po\u00e7o sem fundo de dinheiro &#8211; algo como o eterno metr\u00f4 de Salvador.<\/p>\n<div id=\"attachment_1814\" style=\"width: 434px\" class=\"wp-caption alignright\"><img loading=\"lazy\" decoding=\"async\" aria-describedby=\"caption-attachment-1814\" class=\"size-full wp-image-1814\" title=\"fontenova22\" src=\"https:\/\/www.ultimobaile.com\/wp-content\/uploads\/2009\/09\/fontenova22.jpg\" alt=\"Vista interna, pela abertura em frente ao Dique, onde entra brisa.\" width=\"424\" height=\"278\" srcset=\"https:\/\/www.ultimobaile.com\/wp-content\/uploads\/2009\/09\/fontenova22.jpg 424w, https:\/\/www.ultimobaile.com\/wp-content\/uploads\/2009\/09\/fontenova22-300x196.jpg 300w\" sizes=\"auto, (max-width: 424px) 100vw, 424px\" \/><p id=\"caption-attachment-1814\" class=\"wp-caption-text\">Vista interna, pela abertura em frente ao Dique, onde entra brisa.<\/p><\/div>\n<p style=\"text-align: justify;\">Por fim, a Fonte Nova \u00e9 um dos mais belos est\u00e1dios do mundo. \u00danico cuja arquibancada n\u00e3o forma 360\u00ba fechados, tendo uma brecha de 30\u00ba de vista para o Dique do Toror\u00f3 e para o Vale dos Barris, e por onde entra a brisa que segue, pelo Chame-Chame, desde a Ba\u00eda de Todos os Santos. Quem pensou isso foi um dos pais fundadores da arquitetura modernista no Brasil: o baiano Di\u00f3genes Rebou\u00e7as.<\/p>\n<p style=\"text-align: justify;\">Num di\u00e1logo com Get\u00falio Vargas, relatado em um livro seu, Oscar Niemeyer diz ao ex-presidente que ainda bem n\u00e3o ter sido ele a fazer o Maracan\u00e3 &#8211; e sim Alfonso Eduardo Reidi. A concep\u00e7\u00e3o de Niemeyer preconizava um est\u00e1dio aberto e vazado (como a Fonte), o que levaria \u00e0s torcidas n\u00e3o se olharem &#8211; o que seria est\u00fapido.<\/p>\n<p style=\"text-align: justify;\">Pois bem: Di\u00f3genes contraria esse preceito. Faz um est\u00e1dio que, vazado, n\u00e3o impede que as torcidas se olhem; que em belos pilotis em V, permite que a brisa entre e que se tenha uma vis\u00e3o panor\u00e2mica, est\u00e9tica, e barroca dos ent\u00e3o novos bairros de Nazar\u00e9 e Barra. E que, de enorme volumetria, &#8220;suma&#8221; nas encostas das colinas do Campo da P\u00f3lvora, como mais tarde Jo\u00e3o Filgueiras Lima, o Lel\u00e9, faria nas encostas do Toror\u00f3 com a genial (e mal-cuidada) Esta\u00e7\u00e3o da Lapa.<\/p>\n<p style=\"text-align: justify;\">Di\u00f3genes \u00e9 o mestre da rela\u00e7\u00e3o est\u00e9tico-funcional pr\u00e9dio-cidade. No Rio, o prefeito (PFLista! &#8211; mas h\u00e1 PFListas que compreendam cidades e se op\u00f5e a especula\u00e7\u00e3o imobili\u00e1ria: Jaime Lerner, por exemplo) C\u00e9sar Maia, se negou a demolir o Maracan\u00e3, como pedia a FIFA, e fez outro est\u00e1dio &#8211; o Engenh\u00e3o. O Rio de Janeiro s\u00f3 ganhou com isso. Em Belo Horizonte, o tombado Mineir\u00e3o, do vencedor do Pr\u00eamio Pritzker, Paulo Mendes da Rocha, ser\u00e1 modernizado &#8211; mas mantendo a estrutura brutalista do seu autor. A Bahia corre o risco de perder um dos mais belos est\u00e1dios do mundo &#8211; quando tem a grande chance de relembrar a si e ao Brasil os grandes arquitetos autorais (como Di\u00f3genes) que produziu, e que vivem no ostracismo da mem\u00f3ria.<\/p>\n<p style=\"text-align: justify;\">\n<div id=\"attachment_1815\" style=\"width: 430px\" class=\"wp-caption alignleft\"><img loading=\"lazy\" decoding=\"async\" aria-describedby=\"caption-attachment-1815\" class=\"size-full wp-image-1815\" title=\"fonte-nova\" src=\"https:\/\/www.ultimobaile.com\/wp-content\/uploads\/2009\/09\/fonte-nova.jpg\" alt=\"Observe o volume, e como ela se encaixa no bordo da montanha.\" width=\"420\" height=\"280\" srcset=\"https:\/\/www.ultimobaile.com\/wp-content\/uploads\/2009\/09\/fonte-nova.jpg 420w, https:\/\/www.ultimobaile.com\/wp-content\/uploads\/2009\/09\/fonte-nova-300x200.jpg 300w\" sizes=\"auto, (max-width: 420px) 100vw, 420px\" \/><p id=\"caption-attachment-1815\" class=\"wp-caption-text\">Observe o volume, e como ela se encaixa no bordo da montanha.<\/p><\/div>\n<p style=\"text-align: justify;\">Por fim, uma arena como a FIFA quer seria uni-funcional. A Fonte Nova \u00e9 multi. Fica no centro do centro de Salvador. Imagine-se uma arena uni-funcional al\u00ed: seria um monumento a unutilidade e ao n\u00e3o-uso urbano. E mais: a mem\u00f3ria do Esporte Clube Bahia est\u00e1 viceralmente ligada ao Est\u00e1dio Oct\u00e1vio Mangabeira. Como todos sabem, <a href=\"https:\/\/www.ultimobaile.com\/?p=1125\" target=\"_blank\">n\u00e3o gosto de futebol<\/a> &#8211; mas \u00e9 ineg\u00e1vel at\u00e9 para tocerdores do Vit\u00f3ria o patrim\u00f4nio imaterial que o E.C.Bahia representa pra na\u00e7\u00e3o: n\u00e3o h\u00e1 torcida mais fiel, e \u00e9 uma das maiores do pa\u00eds. Vale lembrar tamb\u00e9m, como <a href=\"http:\/\/www.copa2014.org.br\/noticias\/1157\/JUCA+KFOURI+E+AS+EXIGENCIAS+DA+FIFA.html\" target=\"_blank\">diz Juca Kfouri, que os paises de primeiro mundo (ou centrais) n\u00e3o se acorrem t\u00e3o assodadamente para cumprir as exig\u00eancias da FIFA<\/a>: os Estados Unidos sediaram uma Copa, por exemplo, com grama sint\u00e9tica; e que o Brasil \u00e9 hoje a 6\u00aa economia do mundo, e o mais importante ente diplom\u00e1tico do hemisf\u00e9rio sul. Ou seja: devia dar-se ao respeito, e ficar menos subserviente a um duvidoso \u00f3rg\u00e3o internacional.<\/p>\n<p style=\"text-align: justify;\">Wagner, que se identifica tanto com Balbino, o pr\u00f3prio Mangabeira e Lu\u00eds Viana Filho, pode com isso parecer muito o J. J. Seabra que demole a \u00fanica catedral renascentista fora da Europa &#8211; a S\u00e9 Velha &#8211; pra passar bonde; e hoje, nem bonde nem S\u00e9, a pra\u00e7a de mesmo nome \u00e9 um trambolho urbano. Seabra foi o \u00faltimo estertor da Rep\u00fablica Velha em Salvador.<\/p>\n<p style=\"text-align: justify;\">Tal medida, se levada a cabo, me cheira, em tudo e por tudo, a caixa dois de campanha. O que \u00e9 incongruente com <a href=\"http:\/\/www.redetv.com.br\/portal\/getVideo.aspx?cdVideo=5853&amp;autostart=1\" target=\"_blank\">o \u00fanico PTista a se opor abertamente a esta pr\u00e1tica, e a falar com clareza sobre (e contra!) o mensal\u00e3o<\/a>.<\/p>\n","protected":false},"excerpt":{"rendered":"<p>Tem me consternado a id\u00e9ia completamente idiota do Governo Estadual de demolir o Est\u00e1dio Oct\u00e1vio Mangabeira (Fonte Nova), para construir outro no lugar nos moldes em que a Federa\u00e7\u00e3o Internacional de Futebol (FIFA) exige. A id\u00e9ia soa especialmente imbecil porque ela vem no bojo e dois mares de inteligentes acertos: [&hellip;]<\/p>\n","protected":false},"author":2,"featured_media":0,"comment_status":"closed","ping_status":"open","sticky":false,"template":"","format":"standard","meta":{"footnotes":""},"categories":[919,9],"tags":[1054,1055,1052,1053,1049,68,1051,1050],"class_list":["post-1812","post","type-post","status-publish","format-standard","hentry","category-01flanar","category-01viver","tag-baea-minha-porra","tag-bamor","tag-chame-chame","tag-esporte-clube-bahia","tag-estacao-da-lapa","tag-joao-filgueiras-lima-lele","tag-nazare","tag-vale-dos-barris"],"_links":{"self":[{"href":"https:\/\/www.ultimobaile.com\/index.php?rest_route=\/wp\/v2\/posts\/1812","targetHints":{"allow":["GET"]}}],"collection":[{"href":"https:\/\/www.ultimobaile.com\/index.php?rest_route=\/wp\/v2\/posts"}],"about":[{"href":"https:\/\/www.ultimobaile.com\/index.php?rest_route=\/wp\/v2\/types\/post"}],"author":[{"embeddable":true,"href":"https:\/\/www.ultimobaile.com\/index.php?rest_route=\/wp\/v2\/users\/2"}],"replies":[{"embeddable":true,"href":"https:\/\/www.ultimobaile.com\/index.php?rest_route=%2Fwp%2Fv2%2Fcomments&post=1812"}],"version-history":[{"count":6,"href":"https:\/\/www.ultimobaile.com\/index.php?rest_route=\/wp\/v2\/posts\/1812\/revisions"}],"predecessor-version":[{"id":4329,"href":"https:\/\/www.ultimobaile.com\/index.php?rest_route=\/wp\/v2\/posts\/1812\/revisions\/4329"}],"wp:attachment":[{"href":"https:\/\/www.ultimobaile.com\/index.php?rest_route=%2Fwp%2Fv2%2Fmedia&parent=1812"}],"wp:term":[{"taxonomy":"category","embeddable":true,"href":"https:\/\/www.ultimobaile.com\/index.php?rest_route=%2Fwp%2Fv2%2Fcategories&post=1812"},{"taxonomy":"post_tag","embeddable":true,"href":"https:\/\/www.ultimobaile.com\/index.php?rest_route=%2Fwp%2Fv2%2Ftags&post=1812"}],"curies":[{"name":"wp","href":"https:\/\/api.w.org\/{rel}","templated":true}]}}