{"id":1802,"date":"2009-09-18T12:42:06","date_gmt":"2009-09-18T15:42:06","guid":{"rendered":"http:\/\/www.ultimobaile.com\/?p=1802"},"modified":"2025-12-24T13:03:37","modified_gmt":"2025-12-24T16:03:37","slug":"o-som-das-sextas-iii","status":"publish","type":"post","link":"https:\/\/www.ultimobaile.com\/?p=1802","title":{"rendered":"O Som das Sextas &#8211; III"},"content":{"rendered":"<p style=\"text-align: center;\"><object classid=\"clsid:d27cdb6e-ae6d-11cf-96b8-444553540000\" width=\"425\" height=\"344\" codebase=\"http:\/\/download.macromedia.com\/pub\/shockwave\/cabs\/flash\/swflash.cab#version=6,0,40,0\"><param name=\"allowFullScreen\" value=\"true\" \/><param name=\"allowscriptaccess\" value=\"always\" \/><param name=\"src\" value=\"http:\/\/www.youtube.com\/v\/qeCQ5D2133s&amp;hl=pt-br&amp;fs=1&amp;\" \/><param name=\"allowfullscreen\" value=\"true\" \/><embed type=\"application\/x-shockwave-flash\" width=\"425\" height=\"344\" src=\"http:\/\/www.youtube.com\/v\/qeCQ5D2133s&amp;hl=pt-br&amp;fs=1&amp;\" allowscriptaccess=\"always\" allowfullscreen=\"true\"><\/embed><\/object><\/p>\n<p style=\"text-align: center;\">\n<p style=\"text-align: justify;\">Hoje, esse \u00e9 um post de luto &#8211; \u00e9 uma sexta-feira em que na Bahia n\u00e3o se veste branco. Morreu o argentino mais bahiano do mundo, desde Caryb\u00e9: <strong>Ramiro Musoto<\/strong>.<\/p>\n<p style=\"text-align: center;\"><object classid=\"clsid:d27cdb6e-ae6d-11cf-96b8-444553540000\" width=\"425\" height=\"344\" codebase=\"http:\/\/download.macromedia.com\/pub\/shockwave\/cabs\/flash\/swflash.cab#version=6,0,40,0\"><param name=\"allowFullScreen\" value=\"true\" \/><param name=\"allowscriptaccess\" value=\"always\" \/><param name=\"src\" value=\"http:\/\/www.youtube.com\/v\/si__fZ5rZPE&amp;hl=pt-br&amp;fs=1&amp;\" \/><param name=\"allowfullscreen\" value=\"true\" \/><embed type=\"application\/x-shockwave-flash\" width=\"425\" height=\"344\" src=\"http:\/\/www.youtube.com\/v\/si__fZ5rZPE&amp;hl=pt-br&amp;fs=1&amp;\" allowscriptaccess=\"always\" allowfullscreen=\"true\"><\/embed><\/object><\/p>\n<p style=\"text-align: center;\">\n<p style=\"text-align: justify;\">Como se sabe, a Bahia n\u00e3o \u00e9 um lugar geogr\u00e1fico &#8211; \u00e9 um estado de esp\u00edrito, um topos l\u00f3gico (sem trocadilhos). Com isso, os franceses Pierre Verger e Roger Bastide, do Alto do Corrupio, podem ser mais bahianos do que toda a popula\u00e7\u00e3o da Pituba, junta. Em\u00edlio Rodrigu\u00e9, argentino tamb\u00e9m t\u00e3o bahiano, morador apaixonado de Ondina, pode fazer uma biografia de Freud (segundo o Le Monde, a melhor do mundo at\u00e9 agora) que tem no pref\u00e1cio a lenda de <em>Ox\u00f3ssi e o P\u00e1ssaro Rocca<\/em>; p\u00f4de desenvolver uma psican\u00e1lise que at\u00e9 em sua metodologia cheira a dend\u00ea, aca\u00e7\u00e1 e ef\u00f3. &#8220;A Europa quer ser at\u00e9ia porque n\u00e3o conhece o Candombl\u00e9&#8221;, dizia.<\/p>\n<p style=\"text-align: justify;\">\n<p style=\"text-align: center;\"><object classid=\"clsid:d27cdb6e-ae6d-11cf-96b8-444553540000\" width=\"425\" height=\"344\" codebase=\"http:\/\/download.macromedia.com\/pub\/shockwave\/cabs\/flash\/swflash.cab#version=6,0,40,0\"><param name=\"allowFullScreen\" value=\"true\" \/><param name=\"allowscriptaccess\" value=\"always\" \/><param name=\"src\" value=\"http:\/\/www.youtube.com\/v\/EOaUK49F5nc&amp;hl=pt-br&amp;fs=1&amp;\" \/><param name=\"allowfullscreen\" value=\"true\" \/><embed type=\"application\/x-shockwave-flash\" width=\"425\" height=\"344\" src=\"http:\/\/www.youtube.com\/v\/EOaUK49F5nc&amp;hl=pt-br&amp;fs=1&amp;\" allowscriptaccess=\"always\" allowfullscreen=\"true\"><\/embed><\/object><\/p>\n<p style=\"text-align: justify;\">\n<p style=\"text-align: justify;\">Vinicius de Moraes, diplomata carioca de nascen\u00e7a, fez-se bahiano de Itapo\u00e3, quase como um filho pr\u00f3digo de Dorival Caimmy, voltando a casa.<\/p>\n<p style=\"text-align: justify;\"><strong>Ramiro Musoto<\/strong> estava entre estes. Talvez o \u00faltimo dessa tradi\u00e7\u00e3o de &#8220;Bahia, ber\u00e7o do mundo&#8221; &#8211; talvez o primeiro de uma nova tradi\u00e7\u00e3o.<\/p>\n<p style=\"text-align: justify;\">O Som das Sextas que hoje n\u00e3o traz can\u00e7\u00f5es. Traz a m\u00fasica, t\u00e3o p\u00f3s-africana, lusa-americana, deste portenho &#8211; a quem os eguns levaram cedo demais.<\/p>\n<p style=\"text-align: center;\"><object classid=\"clsid:d27cdb6e-ae6d-11cf-96b8-444553540000\" width=\"425\" height=\"344\" codebase=\"http:\/\/download.macromedia.com\/pub\/shockwave\/cabs\/flash\/swflash.cab#version=6,0,40,0\"><param name=\"allowFullScreen\" value=\"true\" \/><param name=\"allowscriptaccess\" value=\"always\" \/><param name=\"src\" value=\"http:\/\/www.youtube.com\/v\/iY9wafSzzQQ&amp;hl=pt-br&amp;fs=1&amp;\" \/><param name=\"allowfullscreen\" value=\"true\" \/><embed type=\"application\/x-shockwave-flash\" width=\"425\" height=\"344\" src=\"http:\/\/www.youtube.com\/v\/iY9wafSzzQQ&amp;hl=pt-br&amp;fs=1&amp;\" allowscriptaccess=\"always\" allowfullscreen=\"true\"><\/embed><\/object><\/p>\n","protected":false},"excerpt":{"rendered":"<p>Hoje, esse \u00e9 um post de luto &#8211; \u00e9 uma sexta-feira em que na Bahia n\u00e3o se veste branco. Morreu o argentino mais bahiano do mundo, desde Caryb\u00e9: Ramiro Musoto. Como se sabe, a Bahia n\u00e3o \u00e9 um lugar geogr\u00e1fico &#8211; \u00e9 um estado de esp\u00edrito, um topos l\u00f3gico (sem [&hellip;]<\/p>\n","protected":false},"author":2,"featured_media":0,"comment_status":"closed","ping_status":"open","sticky":false,"template":"","format":"standard","meta":{"footnotes":""},"categories":[933],"tags":[20,1040,285,106,1039,77,1038,15],"class_list":["post-1802","post","type-post","status-publish","format-standard","hentry","category-o-retorno-da-cancao","tag-bahia","tag-berimbau","tag-brasil","tag-jazz","tag-orquestra-sudaka","tag-pos-axezismo","tag-ramiro-musoto","tag-salvador"],"_links":{"self":[{"href":"https:\/\/www.ultimobaile.com\/index.php?rest_route=\/wp\/v2\/posts\/1802","targetHints":{"allow":["GET"]}}],"collection":[{"href":"https:\/\/www.ultimobaile.com\/index.php?rest_route=\/wp\/v2\/posts"}],"about":[{"href":"https:\/\/www.ultimobaile.com\/index.php?rest_route=\/wp\/v2\/types\/post"}],"author":[{"embeddable":true,"href":"https:\/\/www.ultimobaile.com\/index.php?rest_route=\/wp\/v2\/users\/2"}],"replies":[{"embeddable":true,"href":"https:\/\/www.ultimobaile.com\/index.php?rest_route=%2Fwp%2Fv2%2Fcomments&post=1802"}],"version-history":[{"count":3,"href":"https:\/\/www.ultimobaile.com\/index.php?rest_route=\/wp\/v2\/posts\/1802\/revisions"}],"predecessor-version":[{"id":1805,"href":"https:\/\/www.ultimobaile.com\/index.php?rest_route=\/wp\/v2\/posts\/1802\/revisions\/1805"}],"wp:attachment":[{"href":"https:\/\/www.ultimobaile.com\/index.php?rest_route=%2Fwp%2Fv2%2Fmedia&parent=1802"}],"wp:term":[{"taxonomy":"category","embeddable":true,"href":"https:\/\/www.ultimobaile.com\/index.php?rest_route=%2Fwp%2Fv2%2Fcategories&post=1802"},{"taxonomy":"post_tag","embeddable":true,"href":"https:\/\/www.ultimobaile.com\/index.php?rest_route=%2Fwp%2Fv2%2Ftags&post=1802"}],"curies":[{"name":"wp","href":"https:\/\/api.w.org\/{rel}","templated":true}]}}