{"id":1782,"date":"2009-09-15T00:28:00","date_gmt":"2009-09-15T03:28:00","guid":{"rendered":"http:\/\/www.ultimobaile.com\/?p=1782"},"modified":"2025-12-24T13:03:37","modified_gmt":"2025-12-24T16:03:37","slug":"tuas-ladeiras-e-montes-tal-qual-um-postal","status":"publish","type":"post","link":"https:\/\/www.ultimobaile.com\/?p=1782","title":{"rendered":"Tuas ladeiras e montes, tal-qual um postal"},"content":{"rendered":"<p><span style=\"font-family: arial; line-height: normal; border-collapse: collapse;\"> <\/span><\/p>\n<div style=\"color: #500050;\">\n<h2><img loading=\"lazy\" decoding=\"async\" class=\"aligncenter size-full wp-image-1783\" title=\"elevador_lacerda_salvador\" src=\"https:\/\/www.ultimobaile.com\/wp-content\/uploads\/2009\/09\/elevador_lacerda_salvador.jpg\" alt=\"elevador_lacerda_salvador\" width=\"1024\" height=\"768\" srcset=\"https:\/\/www.ultimobaile.com\/wp-content\/uploads\/2009\/09\/elevador_lacerda_salvador.jpg 1024w, https:\/\/www.ultimobaile.com\/wp-content\/uploads\/2009\/09\/elevador_lacerda_salvador-300x225.jpg 300w\" sizes=\"auto, (max-width: 1024px) 100vw, 1024px\" \/><\/h2>\n<h3><span style=\"color: #000000;\"><span style=\"color: #500050;\"><span style=\"font-weight: normal;\">Rela\u00e7\u00f5es poss\u00edveis &amp; imposs\u00edveis entre um plano ciclovi\u00e1rio e a barroqu\u00edssima Capital da Di\u00e1spora*<\/span><\/span><\/span><\/h3>\n<\/div>\n<p><strong> <\/strong> <strong> <\/strong> <strong> <\/strong> <strong> <\/strong><\/p>\n<p><strong> <\/strong><\/p>\n<blockquote style=\"text-align: justify;\">\n<p style=\"text-align: justify;\"><span style=\"font-weight: normal;\">A primeira fantasia de que Salvador n\u00e3o serve para andar de bicicleta \u00e9 sua topografia. \u00c9 uma cidade completamente barroca, pendurada no topo de cadeias de montanhas que n\u00e3o se comunicam naturalmente entre si. Foi assim pensada para ser uma fortaleza natural, quando era capital do Imp\u00e9rio Ultramarino Portugu\u00eas. Pra quem nunca veio em Salvador, uma boa maneira de imagin\u00e1-la \u00e9 como um Rio de Janeiro \u00e0s avessas: um Rio que s\u00f3 ocupa o topo dos montes, que n\u00e3o s\u00e3o redondos e de pedra, mas de barro e em escarpa. Uma enorme Santa Tereza, cercada de mar por quase todos os lados (\u00e9 uma pen\u00ednsula).<\/span><\/p>\n<\/blockquote>\n<blockquote style=\"text-align: justify;\"><p><span style=\"font-weight: normal;\"> Suas ladeiras s\u00e3o de fato \u00edngrimes demais para subir a p\u00e9 (por vezes, at\u00e9 para os carros, que n\u00e3o conseguem passar da segunda marcha mesmo a tr\u00e2nsito livre), que dir\u00e1 de bici. N\u00e3o a toa, seu mais famoso cart\u00e3o postal \u00e9 um elevador urbano de 70m de altura. Elevadores urbanos seriam a grande solu\u00e7\u00e3o de transporte para Salvador: no topo dos morros anda-se com prazer, por vezes em bairros arborizados como <\/span><a href=\"http:\/\/media.photobucket.com\/image\/gra%2525C3%2525A7a%20salvador\/Tourniquet_metal\/019salvador000.jpg\" target=\"_blank\"><span style=\"font-weight: normal;\">Gra\u00e7a<\/span><\/a><span style=\"font-weight: normal;\">, <\/span><a href=\"http:\/\/farm1.static.flickr.com\/179\/412834483_01600fe5b8.jpg?v=0\" target=\"_blank\"><span style=\"font-weight: normal;\">Vit\u00f3ria<\/span><\/a><span style=\"font-weight: normal;\">, <\/span><a href=\"http:\/\/www.culturatododia.salvador.ba.gov.br\/polo%5Cnazare0209.jpg\" target=\"_blank\"><span style=\"font-weight: normal;\">Nazar\u00e9<\/span><\/a><span style=\"font-weight: normal;\">; nos vales, grandes vias expressas sem sem\u00e1foros (os bairros se ligam, para os pedestres, topo a topo de morro, por <\/span><a href=\"http:\/\/www.vitruvius.com.br\/arquitextos\/arq064\/arq064_03.asp\" target=\"_blank\"><span style=\"font-weight: normal;\">belas passarelas de Jo\u00e3o Filgueiras Lima<\/span><\/a><span style=\"font-weight: normal;\">) permitem transporte de massa ou individual c\u00e9lere.<\/span><\/p><\/blockquote>\n<blockquote style=\"text-align: justify;\"><p><span style=\"font-weight: normal;\"> Com o calor \u00famido daqui, subir ladeira pedalando implica em chegar ao topo empapado de suor. <\/span><\/p><\/blockquote>\n<blockquote style=\"text-align: justify;\"><p><span style=\"font-weight: normal;\">Eis que a\u00ed est\u00e1 o mito: a bicicleta serve sim como meio de transporte dentro dos bairros e nas avenidas de vale. A quest\u00e3o \u00e9 que se precisa de dispositivos para guard\u00e1-las nos sop\u00e9s de ladeira e nas duas entradas dos quatro (Planos Inclinados do Gon\u00e7alves, Pilar, Liberdade, e o legend\u00e1rio Elevador Lacerda &#8211; ainda poucos) elevadores urbanos existentes no Centro Hist\u00f3rico &#8211; de modo que o ciclista possa guardar sua bicicleta e migrar para o \u00f4nibus, bonde, trem, etc. Ou ent\u00e3o entrar nos elevadores urbanos (o problema \u00e9 que s\u00e3o s\u00f3 quatro, respondendo por uma \u00e1rea que hoje \u00e9 1\/10 da cidade&#8230;) portando a magrela &#8211; que voltaria a ser pedalada no cume ou no vale, conforme o caso. <\/span><\/p><\/blockquote>\n<blockquote style=\"text-align: justify;\"><p><span style=\"font-weight: normal;\">Para tal, caberia ao poder p\u00fablico municipal resolver a quest\u00e3o. Isto \u00e9: caberia aos ciclistas cobrar da Prefeitura a constru\u00e7\u00e3o de biciclet\u00e1rios em terminais de trem e \u00f4nibus, e em certas institui\u00e7\u00f5es (universidades, shoppings centers). Planejamento ciclovi\u00e1rio que v\u00e1 al\u00e9m de local de estacionamento e de tr\u00e1fego, mas que tenha em mente as peculiaridades barrocas de Salvador.<\/span><\/p><\/blockquote>\n<div>\n<h4><span style=\"outline-style: none; outline-width: initial; outline-color: initial; font-weight: normal; padding: 0px; margin: 0px;\">* S\u00e9rie de tr\u00eas artigos feitos a pedido do blog da ONG <\/span><span style=\"outline-style: none; outline-width: initial; outline-color: initial; color: #ff9900; padding: 0px; margin: 0px;\"><span style=\"outline-style: none; outline-width: initial; outline-color: initial; font-weight: normal; padding: 0px; margin: 0px;\"><a href=\"http:\/\/blog.transporteativo.org.br\/2009\/09\/14\/ladeiras-e-montes-cartao-postal\/\" target=\"_blank\"><span style=\"color: #ffcc00;\"><span style=\"text-decoration: none;\"><span style=\"color: #ff9900;\">Transporte Ativo<\/span><\/span><\/span><\/a><\/span><\/span><span style=\"outline-style: none; outline-width: initial; outline-color: initial; font-weight: normal; padding: 0px; margin: 0px;\">, conforme <\/span><a style=\"outline-style: none; outline-width: initial; outline-color: initial; color: #383838; text-decoration: none; padding: 0px; margin: 0px;\" href=\"https:\/\/www.ultimobaile.com\/?p=1400\" target=\"_blank\"><span style=\"outline-style: none; outline-width: initial; outline-color: initial; color: #ff9900; padding: 0px; margin: 0px;\"><span style=\"outline-style: none; outline-width: initial; outline-color: initial; font-weight: normal; padding: 0px; margin: 0px;\">divulgamos<\/span><\/span><\/a><span style=\"outline-style: none; outline-width: initial; outline-color: initial; font-weight: normal; padding: 0px; margin: 0px;\">, a sair um por m\u00eas, at\u00e9 outubro.<\/span><\/h4>\n<\/div>\n","protected":false},"excerpt":{"rendered":"<p>Rela\u00e7\u00f5es poss\u00edveis &amp; imposs\u00edveis entre um plano ciclovi\u00e1rio e a barroqu\u00edssima Capital da Di\u00e1spora* A primeira fantasia de que Salvador n\u00e3o serve para andar de bicicleta \u00e9 sua topografia. \u00c9 uma cidade completamente barroca, pendurada no topo de cadeias de montanhas que n\u00e3o se comunicam naturalmente entre si. Foi assim [&hellip;]<\/p>\n","protected":false},"author":2,"featured_media":0,"comment_status":"closed","ping_status":"open","sticky":false,"template":"","format":"standard","meta":{"footnotes":""},"categories":[919],"tags":[20,889,285,991,946,1035,888,15],"class_list":["post-1782","post","type-post","status-publish","format-standard","hentry","category-01flanar","tag-bahia","tag-bicicleta","tag-brasil","tag-cicloativismo","tag-cidades","tag-elevadores-urbanos","tag-mobilidade-urbana","tag-salvador"],"_links":{"self":[{"href":"https:\/\/www.ultimobaile.com\/index.php?rest_route=\/wp\/v2\/posts\/1782","targetHints":{"allow":["GET"]}}],"collection":[{"href":"https:\/\/www.ultimobaile.com\/index.php?rest_route=\/wp\/v2\/posts"}],"about":[{"href":"https:\/\/www.ultimobaile.com\/index.php?rest_route=\/wp\/v2\/types\/post"}],"author":[{"embeddable":true,"href":"https:\/\/www.ultimobaile.com\/index.php?rest_route=\/wp\/v2\/users\/2"}],"replies":[{"embeddable":true,"href":"https:\/\/www.ultimobaile.com\/index.php?rest_route=%2Fwp%2Fv2%2Fcomments&post=1782"}],"version-history":[{"count":11,"href":"https:\/\/www.ultimobaile.com\/index.php?rest_route=\/wp\/v2\/posts\/1782\/revisions"}],"predecessor-version":[{"id":4331,"href":"https:\/\/www.ultimobaile.com\/index.php?rest_route=\/wp\/v2\/posts\/1782\/revisions\/4331"}],"wp:attachment":[{"href":"https:\/\/www.ultimobaile.com\/index.php?rest_route=%2Fwp%2Fv2%2Fmedia&parent=1782"}],"wp:term":[{"taxonomy":"category","embeddable":true,"href":"https:\/\/www.ultimobaile.com\/index.php?rest_route=%2Fwp%2Fv2%2Fcategories&post=1782"},{"taxonomy":"post_tag","embeddable":true,"href":"https:\/\/www.ultimobaile.com\/index.php?rest_route=%2Fwp%2Fv2%2Ftags&post=1782"}],"curies":[{"name":"wp","href":"https:\/\/api.w.org\/{rel}","templated":true}]}}