{"id":1760,"date":"2009-09-07T09:58:38","date_gmt":"2009-09-07T12:58:38","guid":{"rendered":"http:\/\/www.ultimobaile.com\/?p=1760"},"modified":"2025-12-24T13:03:37","modified_gmt":"2025-12-24T16:03:37","slug":"a-culpa-e-do-ciclista","status":"publish","type":"post","link":"https:\/\/www.ultimobaile.com\/?p=1760","title":{"rendered":"A culpa \u00e9 do ciclista"},"content":{"rendered":"<div id=\"attachment_1761\" style=\"width: 410px\" class=\"wp-caption aligncenter\"><img loading=\"lazy\" decoding=\"async\" aria-describedby=\"caption-attachment-1761\" class=\"size-full wp-image-1761\" title=\"bike2\" src=\"https:\/\/www.ultimobaile.com\/wp-content\/uploads\/2009\/09\/bike2.jpg\" alt=\"Cicloativistas se responsabilizam pelas suas quedas\" width=\"400\" height=\"304\" srcset=\"https:\/\/www.ultimobaile.com\/wp-content\/uploads\/2009\/09\/bike2.jpg 400w, https:\/\/www.ultimobaile.com\/wp-content\/uploads\/2009\/09\/bike2-300x228.jpg 300w\" sizes=\"auto, (max-width: 400px) 100vw, 400px\" \/><p id=\"caption-attachment-1761\" class=\"wp-caption-text\">Cicloativistas se responsabilizam pelas suas quedas<\/p><\/div>\n<p>Do <a href=\"http:\/\/blogdoriovermelho.blogspot.com\/2009\/09\/acidente-no-lucaia.html\" target=\"_blank\">Blog do Rio Vermelho<\/a>:<\/p>\n<blockquote>\n<h3><a href=\"http:\/\/blogdoriovermelho.blogspot.com\/2009\/09\/acidente-no-lucaia.html\">Acidente no Lucaia<\/a><\/h3>\n<div>\n<div style=\"text-align: justify;\">Hoje pela manh\u00e3, logo cedo um grave acidente na Avenida Lucaia, causou um grande engarrafamento, na \u00e1rea. Segundo testemunhas uma mulher gr\u00e1vida foi arremessada na vala, depois de perder o controle da dire\u00e7\u00e3o do ve\u00edculo, ap\u00f3s quase atropelar um ciclista na pista..Ela foi socorrida pelo Corpo de Bombeiros e uma unidade do SAMU e levada para um hospital particular na Barra. Esse problema de ciclistas disputando espa\u00e7o com os carros nas pistas de velocidade \u00e9 muito mais grave do que se pensa.<\/div>\n<\/div>\n<\/blockquote>\n<div style=\"text-align: justify;\">Como cicloativista novato, quando leio essas coisas temo que haja generaliza\u00e7\u00f5es da parte pelo todo.<\/div>\n<p style=\"text-align: justify;\">N\u00e3o sei mais detalhes deste acidente, mas ao que tudo indica como sempre a culpa \u00e9 do ciclista. A rea\u00e7\u00e3o da mo\u00e7a foi brusca demais para que se possa supor que o ciclista estava, corretamente, na m\u00e3o da via. Provavelmente estava na contram\u00e3o, o que torna a velocidade de rea\u00e7\u00e3o de ambos acrescida.<\/p>\n<p style=\"text-align: justify;\">Muitos ciclistas desinformados andam na contram\u00e3o achando que assim est\u00e3o &#8220;mais seguros, porque v\u00eaem os carros&#8221;. Errado! Isso n\u00e3o torna os carros mais vis\u00edvel &#8211; e seguramente impede que os carros vejam o ciclista a tempo.<\/p>\n<p style=\"text-align: justify;\">Mais do que isso, h\u00e1 uma quest\u00e3o pol\u00edtica: <strong>bicicletas s\u00e3o ve\u00edculo<\/strong>, e como tal devem se comportar. Andar de bike nas avenidas n\u00e3o \u00e9 uma concess\u00e3o ou uma invas\u00e3o, mas um direito tanto quanto o de andar de carro ou de \u00f4nibus. Para tal, o ciclista tem de se comportar exatamente como se comportaria um autom\u00f3vel ou motocicleta para a maioria das situa\u00e7\u00f5es.<\/p>\n<p style=\"text-align: justify;\">Venho de ter tido hoje pela manh\u00e3 minha primeira queda como cicloativista (o que ali\u00e1s me deixa orgulhoso como quem acaba de perder o caba\u00e7o num puteiro aos 15 anos de idade). Relativamente grave, daquelas de ralar o rosto no ch\u00e3o. Normal, <a href=\"https:\/\/www.ultimobaile.com\/?p=1679\" target=\"_blank\">apocal\u00edpticos<\/a> caem! (e n\u00f3s caimos para deixar voc\u00eas, <a href=\"https:\/\/www.ultimobaile.com\/?p=1679\" target=\"_blank\">integrados<\/a>, mais protegidos &#8211; ent\u00e3o n\u00e3o reclamem. A gente n\u00e3o reclama).<\/p>\n<p style=\"text-align: justify;\">De quem foi a culpa? Minha! Estava na m\u00e3o, na Avenida ACM, em velocidade, me destrai e n\u00e3o vi um buraco (velho conhecido&#8230;), quando freei j\u00e1 estava dentro.<\/p>\n<p style=\"text-align: justify;\">Quer dizer que andar de bicicletas em cidade \u00e9 arriscado? N\u00e3o! Foi um acidente que se quer me impediu de vir trabalhar no hospital hoje, ou mais tarde ir paquerar no <em>Marqu\u00eas<\/em>.\u00a0 E ele poderia nem sequer ter acontecido &#8211; bastava um cadinho mais de aten\u00e7\u00e3o (e um cadinho menos de <em>h\u00ffbri<\/em>s &#8211; apocal\u00edpticos s\u00e3o profetas, e entr\u00e3o em <em>h\u00fcbris<\/em> tal qual Cassandras) de minha parte.<\/p>\n<p style=\"text-align: justify;\">Vale lembrar que ser apocal\u00edptico n\u00e3o \u00e9 ser irrespons\u00e1vel. Apocal\u00edpticos se protegem mais, se responsabilizam mais, e seguem mais rigorosamente as leis. N\u00e3o \u00e9 uma pr\u00e1tica anarco-punk, ao meu ver, e sim uma desobedi\u00eancia civil pac\u00edfica e organizada.<\/p>\n<p style=\"text-align: justify;\">Anarco-punk mesmo s\u00e3o as <a href=\"http:\/\/fixasampa.wordpress.com\/tag\/roda-fixa\/\" target=\"_blank\">bicicletas de roda fixa<\/a> &#8211; estas fazem de n\u00f3s, apocal\u00edpticos, mo\u00e7os bem-comportados. Como voc\u00eas podem ver neste v\u00eddeo aqui:<\/p>\n<p style=\"text-align: center;\"><object classid=\"clsid:d27cdb6e-ae6d-11cf-96b8-444553540000\" width=\"400\" height=\"300\" codebase=\"http:\/\/download.macromedia.com\/pub\/shockwave\/cabs\/flash\/swflash.cab#version=6,0,40,0\"><param name=\"allowfullscreen\" value=\"true\" \/><param name=\"allowscriptaccess\" value=\"always\" \/><param name=\"src\" value=\"http:\/\/vimeo.com\/moogaloop.swf?clip_id=5862934&amp;server=vimeo.com&amp;show_title=1&amp;show_byline=1&amp;show_portrait=0&amp;color=&amp;fullscreen=1\" \/><embed type=\"application\/x-shockwave-flash\" width=\"400\" height=\"300\" src=\"http:\/\/vimeo.com\/moogaloop.swf?clip_id=5862934&amp;server=vimeo.com&amp;show_title=1&amp;show_byline=1&amp;show_portrait=0&amp;color=&amp;fullscreen=1\" allowscriptaccess=\"always\" allowfullscreen=\"true\"><\/embed><\/object><\/p>\n<p><a href=\"http:\/\/vimeo.com\/5862934\">Massan<\/a> from <a href=\"http:\/\/vimeo.com\/user191015\">MACAFRAMA<\/a> on <a href=\"http:\/\/vimeo.com\">Vimeo<\/a>.<\/p>\n","protected":false},"excerpt":{"rendered":"<p>Do Blog do Rio Vermelho: Acidente no Lucaia Hoje pela manh\u00e3, logo cedo um grave acidente na Avenida Lucaia, causou um grande engarrafamento, na \u00e1rea. Segundo testemunhas uma mulher gr\u00e1vida foi arremessada na vala, depois de perder o controle da dire\u00e7\u00e3o do ve\u00edculo, ap\u00f3s quase atropelar um ciclista na pista..Ela [&hellip;]<\/p>\n","protected":false},"author":2,"featured_media":0,"comment_status":"closed","ping_status":"open","sticky":false,"template":"","format":"standard","meta":{"footnotes":""},"categories":[919],"tags":[1027,1030,20,889,1029,285,991,946,1031,1028,15],"class_list":["post-1760","post","type-post","status-publish","format-standard","hentry","category-01flanar","tag-acidente","tag-apocalipticos","tag-bahia","tag-bicicleta","tag-blog-do-rio-vermelho","tag-brasil","tag-cicloativismo","tag-cidades","tag-integrados","tag-lucaia","tag-salvador"],"_links":{"self":[{"href":"https:\/\/www.ultimobaile.com\/index.php?rest_route=\/wp\/v2\/posts\/1760","targetHints":{"allow":["GET"]}}],"collection":[{"href":"https:\/\/www.ultimobaile.com\/index.php?rest_route=\/wp\/v2\/posts"}],"about":[{"href":"https:\/\/www.ultimobaile.com\/index.php?rest_route=\/wp\/v2\/types\/post"}],"author":[{"embeddable":true,"href":"https:\/\/www.ultimobaile.com\/index.php?rest_route=\/wp\/v2\/users\/2"}],"replies":[{"embeddable":true,"href":"https:\/\/www.ultimobaile.com\/index.php?rest_route=%2Fwp%2Fv2%2Fcomments&post=1760"}],"version-history":[{"count":6,"href":"https:\/\/www.ultimobaile.com\/index.php?rest_route=\/wp\/v2\/posts\/1760\/revisions"}],"predecessor-version":[{"id":4334,"href":"https:\/\/www.ultimobaile.com\/index.php?rest_route=\/wp\/v2\/posts\/1760\/revisions\/4334"}],"wp:attachment":[{"href":"https:\/\/www.ultimobaile.com\/index.php?rest_route=%2Fwp%2Fv2%2Fmedia&parent=1760"}],"wp:term":[{"taxonomy":"category","embeddable":true,"href":"https:\/\/www.ultimobaile.com\/index.php?rest_route=%2Fwp%2Fv2%2Fcategories&post=1760"},{"taxonomy":"post_tag","embeddable":true,"href":"https:\/\/www.ultimobaile.com\/index.php?rest_route=%2Fwp%2Fv2%2Ftags&post=1760"}],"curies":[{"name":"wp","href":"https:\/\/api.w.org\/{rel}","templated":true}]}}