{"id":1754,"date":"2009-09-05T13:55:54","date_gmt":"2009-09-05T16:55:54","guid":{"rendered":"http:\/\/www.ultimobaile.com\/?p=1754"},"modified":"2025-12-24T13:03:37","modified_gmt":"2025-12-24T16:03:37","slug":"festival-ibero-americano-de-teatro-na-bahia","status":"publish","type":"post","link":"https:\/\/www.ultimobaile.com\/?p=1754","title":{"rendered":"Festival Ibero-Americano de Teatro, na Bahia"},"content":{"rendered":"<p style=\"text-align: justify;\"><img loading=\"lazy\" decoding=\"async\" class=\"alignleft size-full wp-image-1755\" title=\"POSTER 4\" src=\"https:\/\/www.ultimobaile.com\/wp-content\/uploads\/2009\/09\/POSTER-4.png\" alt=\"POSTER 4\" width=\"151\" height=\"265\" \/><\/p>\n<p style=\"text-align: justify;\">Setembro pode j\u00e1 ser considerado o &#8220;m\u00eas de abertura&#8221; dos grandes ciclos culturais de Salvador &#8211; que ora <a href=\"https:\/\/www.ultimobaile.com\/?p=849\" target=\"_blank\">t\u00eam no Carnaval seu \u00e1pice, j\u00e1 que com a atual retomada da pluralidade<\/a> e o <a href=\"https:\/\/www.ultimobaile.com\/?p=1747\" target=\"_blank\">debacle da plutocracia axezeira<\/a>, voltou a ser um epis\u00f3dio cultural e est\u00e9tico. Este ciclo n\u00e3o se extingue, como at\u00e9 2005, no Carnaval. Acaba em Mar\u00e7o, com o <a href=\"https:\/\/www.ultimobaile.com\/?p=898\" target=\"_blank\">Praia 24h<\/a> e o <a href=\"https:\/\/www.ultimobaile.com\/?p=937\" target=\"_blank\">Panorama Internacional Coisa de Cinema<\/a>. E n\u00e3o se &#8220;inicia&#8221; em Setembro: h\u00e1 epis\u00f3dios importantes no interior: Boa Morte em Cachoeira, Festival de Inverno em Conquista, e de M\u00fasica Independente em Feira de Santana, que preparam o caminho.<\/p>\n<p style=\"text-align: justify;\">Fique claro portanto que a l\u00f3gica \u00e9 outra.<\/p>\n<p style=\"text-align: justify;\">Mas Setembro marca, porque sedia, de uma vez, dois grandes festivais internacionais: o <strong><a href=\"http:\/\/correio24horas.globo.com\/noticias\/noticia.asp?codigo=34972&amp;mdl=49\" target=\"_blank\">PercPan<\/a><\/strong>, que come\u00e7ou ontem, e o <strong><a href=\"http:\/\/www.filte.com.br\/Programacao.html\" target=\"_blank\"><em>Festival Latino Americano de Teatro<\/em><\/a><\/strong>, que hoje virou Ib\u00e9rico porque inclui grupos de Espanha. Cada um s\u00e3o &#8220;ensaios gerais&#8221; de festivais maiores, de Outubro e Novembro: o Latino-Americano de Teatro \u00e9 o &#8220;esquente&#8221; para o <a href=\"https:\/\/www.ultimobaile.com\/?p=561\" target=\"_blank\">Festival Internacional de Artes C\u00eanicas<\/a>; o PercPan, que depois segue para o Rio de Janeiro, antecede o <a href=\"https:\/\/www.ultimobaile.com\/?p=660\" target=\"_blank\">M\u00fasica em Todos os Ouvidos<\/a> e, claro, todo o ciclo carnavalesco que vai da <a href=\"https:\/\/www.ultimobaile.com\/?p=5\" target=\"_blank\">Embolo d&#8217;Ajuda (Cachoeira)<\/a> e Lavagem da Concei\u00e7\u00e3o da Praia, at\u00e9 o arrast\u00e3o de Carlinhos Brown na contram\u00e3o do circuito Barra-Ondina, na Quarta-feira de Cinzas.<\/p>\n<p style=\"text-align: justify;\">O Ibero-Latino-Americano de Teatro come\u00e7ou ontem. Vai at\u00e9 domingo que vem. 10 dias de espet\u00e1culos em tr\u00eas teatros: Sala do Coro, Martins Gon\u00e7alves e Vila Velha. Pe\u00e7as infantis a tarde, inclusive em dias \u00fateis. Debates. Oficinas. O caralho de asa.<\/p>\n<p style=\"text-align: justify;\">Cad\u00ea a Cultura na U.T.I., e Aninha Franco dizendo que este tipo de festival n\u00e3o representa nenhum interesse para a cidade e para o estado?<\/p>\n<p style=\"text-align: justify;\"><strong>Em Tempo:<\/strong> A \u00a0Secretaria de Cultura do Estado da Bahia (SECULT) insiste em divulgar mal, ou n\u00e3o divulgar, seus atos. O Latino Americano de Teatro requereria pelo menos um m\u00eas de propagandas televisivas e chamada em r\u00e1dio. Tem? N\u00e3o. Ali\u00e1s, nem primeira-entrada na busca do Google d\u00e1. Nem mesmo press-release para blogs (este aqui, que a SECULT l\u00ea diariamente), ou links patrocinados em sites (aqui, por exemplo, tem espa\u00e7o). Nada! A pessoa descobre o Festival por raz\u00e3o apof\u00e2ntica, ilumina\u00e7\u00e3o zen, sorte no If\u00e1, ou milagre de Irm\u00e3 Dulce.<\/p>\n<p style=\"text-align: justify;\">Fica a\u00ed o pux\u00e3o de orelha &#8211; que venho repetindo desde 2007, e que n\u00e3o \u00e9 falha apenas da SECULT mas de todo o Governo Wagner: fazem muito, mas comunicam pouco o que fazem. Melhorou nisso, mas ainda claudica.<\/p>\n","protected":false},"excerpt":{"rendered":"<p>Setembro pode j\u00e1 ser considerado o &#8220;m\u00eas de abertura&#8221; dos grandes ciclos culturais de Salvador &#8211; que ora t\u00eam no Carnaval seu \u00e1pice, j\u00e1 que com a atual retomada da pluralidade e o debacle da plutocracia axezeira, voltou a ser um epis\u00f3dio cultural e est\u00e9tico. Este ciclo n\u00e3o se extingue, [&hellip;]<\/p>\n","protected":false},"author":2,"featured_media":0,"comment_status":"closed","ping_status":"open","sticky":false,"template":"","format":"standard","meta":{"footnotes":""},"categories":[938,12,9],"tags":[109,20,285,1026,1022,58,217,1023,59,1025,653,15,114,155,1024,57,70,272],"class_list":["post-1754","post","type-post","status-publish","format-standard","hentry","category-bailes","category-01ver","category-01viver","tag-artes-cenicas","tag-bahia","tag-brasil","tag-escola-de-teatro","tag-espanha","tag-festival","tag-fiac","tag-iberico","tag-latino-americano","tag-martin-goncalves","tag-sala-do-coro","tag-salvador","tag-secretaria-de-cultura-do-estado-da-bahia","tag-secult","tag-setembro","tag-teatro","tag-ufba","tag-vila-velha"],"_links":{"self":[{"href":"https:\/\/www.ultimobaile.com\/index.php?rest_route=\/wp\/v2\/posts\/1754","targetHints":{"allow":["GET"]}}],"collection":[{"href":"https:\/\/www.ultimobaile.com\/index.php?rest_route=\/wp\/v2\/posts"}],"about":[{"href":"https:\/\/www.ultimobaile.com\/index.php?rest_route=\/wp\/v2\/types\/post"}],"author":[{"embeddable":true,"href":"https:\/\/www.ultimobaile.com\/index.php?rest_route=\/wp\/v2\/users\/2"}],"replies":[{"embeddable":true,"href":"https:\/\/www.ultimobaile.com\/index.php?rest_route=%2Fwp%2Fv2%2Fcomments&post=1754"}],"version-history":[{"count":4,"href":"https:\/\/www.ultimobaile.com\/index.php?rest_route=\/wp\/v2\/posts\/1754\/revisions"}],"predecessor-version":[{"id":1878,"href":"https:\/\/www.ultimobaile.com\/index.php?rest_route=\/wp\/v2\/posts\/1754\/revisions\/1878"}],"wp:attachment":[{"href":"https:\/\/www.ultimobaile.com\/index.php?rest_route=%2Fwp%2Fv2%2Fmedia&parent=1754"}],"wp:term":[{"taxonomy":"category","embeddable":true,"href":"https:\/\/www.ultimobaile.com\/index.php?rest_route=%2Fwp%2Fv2%2Fcategories&post=1754"},{"taxonomy":"post_tag","embeddable":true,"href":"https:\/\/www.ultimobaile.com\/index.php?rest_route=%2Fwp%2Fv2%2Ftags&post=1754"}],"curies":[{"name":"wp","href":"https:\/\/api.w.org\/{rel}","templated":true}]}}