{"id":1747,"date":"2009-09-04T12:02:46","date_gmt":"2009-09-04T15:02:46","guid":{"rendered":"http:\/\/www.ultimobaile.com\/?p=1747"},"modified":"2025-12-24T13:03:37","modified_gmt":"2025-12-24T16:03:37","slug":"adeus-axe-sistem","status":"publish","type":"post","link":"https:\/\/www.ultimobaile.com\/?p=1747","title":{"rendered":"Adeus, Ax\u00e9-Sistem!"},"content":{"rendered":"<div id=\"attachment_1750\" style=\"width: 410px\" class=\"wp-caption aligncenter\"><img loading=\"lazy\" decoding=\"async\" aria-describedby=\"caption-attachment-1750\" class=\"size-full wp-image-1750\" title=\"claudia leite\" src=\"https:\/\/www.ultimobaile.com\/wp-content\/uploads\/2009\/09\/claudia-leite.jpg\" alt=\"Ela n\u00e3o engana mais os cariocas...\" width=\"400\" height=\"533\" srcset=\"https:\/\/www.ultimobaile.com\/wp-content\/uploads\/2009\/09\/claudia-leite.jpg 400w, https:\/\/www.ultimobaile.com\/wp-content\/uploads\/2009\/09\/claudia-leite-225x300.jpg 225w\" sizes=\"auto, (max-width: 400px) 100vw, 400px\" \/><p id=\"caption-attachment-1750\" class=\"wp-caption-text\">Ela n\u00e3o engana mais os cariocas...<\/p><\/div>\n<p>Deu no di\u00e1rio carioca <a href=\"http:\/\/extra.globo.com\/lazer\/retratosdavida\/posts\/2009\/08\/28\/musica-baiana-enfrenta-crise-no-estado-do-rio-218404.asp\" target=\"_blank\">Extra<\/a>, esta semana:<\/p>\n<blockquote>\n<h4 style=\"margin-top: 0px; margin-right: 0px; margin-bottom: 15px; margin-left: 0px; font-size: 16px; clear: both; color: #990000; padding: 0px;\"><a style=\"text-decoration: none; color: #990000; padding: 0px; margin: 0px;\" href=\"http:\/\/extra.globo.com\/lazer\/retratosdavida\/posts\/2009\/08\/28\/musica-baiana-enfrenta-crise-no-estado-do-rio-218404.asp\">M\u00fasica baiana enfrenta crise no Estado do Rio<\/a><\/h4>\n<p style=\"margin-top: 0px; margin-right: 0px; margin-bottom: 10px; margin-left: 0px; font-size: 13px; text-align: justify; padding: 0px;\">A ax\u00e9 music enfrenta um per\u00edodo ruim, pelo menos no Estado do Rio. A m\u00e1 fase n\u00e3o poupa ningu\u00e9m, nem mesmo \u00edcones nacionais. Empres\u00e1rios que contrataram o show de Ivete Sangalo no Luso de Campo Grande, em Xer\u00e9m e em Nova Igua\u00e7u tiveram preju\u00edzo na venda de ingressos. O p\u00fablico pagante n\u00e3o cobriu os R$ 350 mil que a baiana pede como cach\u00ea. Mas Ivete n\u00e3o est\u00e1 sozinha. Claudia Leitte amargou uma baixa procura por seus shows no Rio, que resultou no cancelamento de espet\u00e1culos. O Niter\u00f3i Folia e o Ax\u00e9 Itaipava, que tinham a cantora como a principal atra\u00e7\u00e3o, n\u00e3o v\u00e3o mais acontecer devido \u00e0 baixa procura por ingressos. No entanto, os organizadores dos dois eventos dizem que o cancelamento foi causado pela gripe su\u00edna. O \u00fanico evento \u201cbaiano\u201d recente que deu lucro foi o show do grupo Jammil na Marina da Gl\u00f3ria.<\/p>\n<\/blockquote>\n<p style=\"margin-top: 0px; margin-right: 0px; margin-bottom: 10px; margin-left: 0px; font-size: 13px; text-align: justify; padding: 0px;\"><a href=\"https:\/\/www.ultimobaile.com\/?p=861\" target=\"_blank\">Como viemos dizendo aqui<\/a> desde que esta budega passou a funcionar, e antes desde 2008\/2007, o sistema que sustenta o Ax\u00e9 Music entrou em crise por contradi\u00e7\u00f5es internas.<\/p>\n<p style=\"margin-top: 0px; margin-right: 0px; margin-bottom: 10px; margin-left: 0px; font-size: 13px; text-align: justify; padding: 0px;\">Crise que se acelerou (e ainda bem) com o Secret\u00e1rio de Cultura M\u00e1rcio Meirelles, e que por outro lado teve nele a \u00fanica possibilidade de sa\u00edda (com o <a href=\"https:\/\/www.ultimobaile.com\/?p=867\" target=\"_blank\">ax\u00e9-music deixando de ser uma monocultura plutocr\u00e1tica<\/a> e, convivendo com <a href=\"https:\/\/www.ultimobaile.com\/?p=849\" target=\"_blank\">outras modalidades r\u00edtmicas no carnaval<\/a>, sobreviver).<\/p>\n<p style=\"margin-top: 0px; margin-right: 0px; margin-bottom: 10px; margin-left: 0px; font-size: 13px; text-align: justify; padding: 0px;\">A Salvador de verdade (que n\u00e3o \u00e9 a dos blocos de abad\u00e1s) sa\u00fadam o Rio de Janeiro! Ficamos feliz, e surpreendidos pelo \u00f3bvio, com o fato de ser o Rio (em segundo lugar, anos depois de Recife) a perceber a tal crise e abra\u00e7ar o p\u00f3s-axezismo. Recife, se a percebe, na pr\u00e1tica continua pagando pra ver Asa de \u00c1guia e outras tranqueiras por l\u00e1. Como j\u00e1 disse, faz oposi\u00e7\u00e3o na teoria &#8211; <a href=\"https:\/\/www.ultimobaile.com\/?p=1327\" target=\"_blank\">na pr\u00e1tica, Recife quer mais \u00e9 que o ax\u00e9-sistem continue a existir<\/a>.<\/p>\n<p style=\"margin-top: 0px; margin-right: 0px; margin-bottom: 10px; margin-left: 0px; font-size: 13px; text-align: justify; padding: 0px;\"><strong>Em tempo:<\/strong> hoje era dia de <em><a href=\"https:\/\/www.ultimobaile.com\/?p=1679\" target=\"_blank\"><strong>Som das Sextas<\/strong><\/a><\/em>, mas n\u00e3o encontrei v\u00eddeo de<em> <a href=\"http:\/\/vagalume.uol.com.br\/luciano-salvador-bahia\/julia.html\" target=\"_blank\">J\u00falia Sentada<\/a><\/em> (mas encontrei <a href=\"http:\/\/www.lucianosalvadorbahia.com.br\/cd1\/musicas\/07.mp3\" target=\"_blank\">um trecho em\u00a0mp3<\/a> pra baixar), linda can\u00e7\u00e3o que <a href=\"http:\/\/www.myspace.com\/lucianosalvadorbahia\" target=\"_blank\">Luciano Salvador Bahia<\/a> fez pra sua filha quando ela come\u00e7ou a engatinhar. A escolha \u00e9 porque meus er\u00eas v\u00eam pra Salvador pela primeira vez desde que aqui nasceram, e vai ter carur\u00fa de preceito pros meus Ibejis. De modo que passei a semana atribulado com isso e com o &#8211; finalmente &#8211; Programa de Sa\u00fade Mental do PLANSERV (ainda em fase piloto, e a ser lan\u00e7ado oficialmente em dezembro ou janeiro pr\u00f3ximos).<\/p>\n<p style=\"margin-top: 0px; margin-right: 0px; margin-bottom: 10px; margin-left: 0px; font-size: 13px; text-align: justify; padding: 0px;\">De modo que n\u00e3o tive tempo. Mas sem problemas. A id\u00e9ia \u00e9 que a sexta-feira seja tem\u00e1tica sobre m\u00fasica, focado no formato can\u00e7\u00e3o. Uma not\u00edcia como esta ao meu ver d\u00e1 conta do tema. Assim como nas sextas em que sai entrevistas do <a href=\"https:\/\/www.ultimobaile.com\/?p=1497\" target=\"_blank\">Cartel sobre a Can\u00e7\u00e3o<\/a>, n\u00e3o sai<em><a href=\"https:\/\/www.ultimobaile.com\/?p=1679\" target=\"_blank\"> O Som das Sextas<\/a><\/em>.<\/p>\n<p style=\"margin-top: 0px; margin-right: 0px; margin-bottom: 10px; margin-left: 0px; font-size: 13px; text-align: justify; padding: 0px;\">Aproveito pra avisar a quem n\u00e3o percebeu que as segundas-feiras tamb\u00e9m est\u00e3o tem\u00e1ticas &#8211;\u00a0mobilidade urbana, flanar, arquitetura, e minha paix\u00e3o m\u00e1xima: <a href=\"https:\/\/www.ultimobaile.com\/?cat=919\" target=\"_blank\">Cidades<\/a>!<\/p>\n","protected":false},"excerpt":{"rendered":"<p>Deu no di\u00e1rio carioca Extra, esta semana: M\u00fasica baiana enfrenta crise no Estado do Rio A ax\u00e9 music enfrenta um per\u00edodo ruim, pelo menos no Estado do Rio. A m\u00e1 fase n\u00e3o poupa ningu\u00e9m, nem mesmo \u00edcones nacionais. Empres\u00e1rios que contrataram o show de Ivete Sangalo no Luso de Campo [&hellip;]<\/p>\n","protected":false},"author":2,"featured_media":0,"comment_status":"closed","ping_status":"open","sticky":false,"template":"","format":"standard","meta":{"footnotes":""},"categories":[13,933,12],"tags":[183,599,78,20,285,883,1020,942,77,518,15,1021],"class_list":["post-1747","post","type-post","status-publish","format-standard","hentry","category-01ler","category-o-retorno-da-cancao","category-01ver","tag-axe-music","tag-axe-sistem","tag-axezismo","tag-bahia","tag-brasil","tag-cancao","tag-claudia-leite","tag-ivete-sangalo","tag-pos-axezismo","tag-rio-de-janeiro","tag-salvador","tag-som-das-sextas"],"_links":{"self":[{"href":"https:\/\/www.ultimobaile.com\/index.php?rest_route=\/wp\/v2\/posts\/1747","targetHints":{"allow":["GET"]}}],"collection":[{"href":"https:\/\/www.ultimobaile.com\/index.php?rest_route=\/wp\/v2\/posts"}],"about":[{"href":"https:\/\/www.ultimobaile.com\/index.php?rest_route=\/wp\/v2\/types\/post"}],"author":[{"embeddable":true,"href":"https:\/\/www.ultimobaile.com\/index.php?rest_route=\/wp\/v2\/users\/2"}],"replies":[{"embeddable":true,"href":"https:\/\/www.ultimobaile.com\/index.php?rest_route=%2Fwp%2Fv2%2Fcomments&post=1747"}],"version-history":[{"count":5,"href":"https:\/\/www.ultimobaile.com\/index.php?rest_route=\/wp\/v2\/posts\/1747\/revisions"}],"predecessor-version":[{"id":4335,"href":"https:\/\/www.ultimobaile.com\/index.php?rest_route=\/wp\/v2\/posts\/1747\/revisions\/4335"}],"wp:attachment":[{"href":"https:\/\/www.ultimobaile.com\/index.php?rest_route=%2Fwp%2Fv2%2Fmedia&parent=1747"}],"wp:term":[{"taxonomy":"category","embeddable":true,"href":"https:\/\/www.ultimobaile.com\/index.php?rest_route=%2Fwp%2Fv2%2Fcategories&post=1747"},{"taxonomy":"post_tag","embeddable":true,"href":"https:\/\/www.ultimobaile.com\/index.php?rest_route=%2Fwp%2Fv2%2Ftags&post=1747"}],"curies":[{"name":"wp","href":"https:\/\/api.w.org\/{rel}","templated":true}]}}