{"id":1741,"date":"2009-09-02T14:39:29","date_gmt":"2009-09-02T17:39:29","guid":{"rendered":"http:\/\/www.ultimobaile.com\/?p=1741"},"modified":"2025-12-24T13:03:37","modified_gmt":"2025-12-24T16:03:37","slug":"xviii-concurso-nacional-de-contos-jose-candido-de-carvalho","status":"publish","type":"post","link":"https:\/\/www.ultimobaile.com\/?p=1741","title":{"rendered":"XIX Concurso Nacional de Contos Jos\u00e9 C\u00e2ndido de Carvalho"},"content":{"rendered":"<p style=\"margin-top: 15px; margin-right: 0px; margin-bottom: 15px; margin-left: 0px; outline-style: none; outline-width: initial; outline-color: initial; line-height: 19px; text-align: justify; padding: 0px;\"><strong>Porqu\u00ea participar: <\/strong><a href=\"http:\/\/www.meiotom.art.br\/conlite9jcan.htm\" target=\"_blank\">Premia\u00e7\u00e3o tradicional<\/a> e rigorosa, com bons pr\u00eamios pecuni\u00e1rios, bem distribu\u00eddos. Cada participante pode inscrever at\u00e9 3 contos, e premia-se at\u00e9 o quinto colocado com dinheiro.<\/p>\n<p style=\"margin-top: 15px; margin-right: 0px; margin-bottom: 15px; margin-left: 0px; outline-style: none; outline-width: initial; outline-color: initial; line-height: 19px; padding: 0px;\"><strong>Inscri\u00e7\u00f5es:<\/strong> at\u00e9 15 de Novembro de 2009.<\/p>\n","protected":false},"excerpt":{"rendered":"<p>Porqu\u00ea participar: Premia\u00e7\u00e3o tradicional e rigorosa, com bons pr\u00eamios pecuni\u00e1rios, bem distribu\u00eddos. Cada participante pode inscrever at\u00e9 3 contos, e premia-se at\u00e9 o quinto colocado com dinheiro. Inscri\u00e7\u00f5es: at\u00e9 15 de Novembro de 2009.<\/p>\n","protected":false},"author":2,"featured_media":0,"comment_status":"closed","ping_status":"open","sticky":false,"template":"","format":"standard","meta":{"footnotes":""},"categories":[938,890,9],"tags":[285,1016,995,1015,233,518],"class_list":["post-1741","post","type-post","status-publish","format-standard","hentry","category-bailes","category-concursos-premios-literarios","category-01viver","tag-brasil","tag-campos-dos-goytacazes","tag-contos","tag-jose-candido-de-carvalho","tag-premio-literario","tag-rio-de-janeiro"],"_links":{"self":[{"href":"https:\/\/www.ultimobaile.com\/index.php?rest_route=\/wp\/v2\/posts\/1741","targetHints":{"allow":["GET"]}}],"collection":[{"href":"https:\/\/www.ultimobaile.com\/index.php?rest_route=\/wp\/v2\/posts"}],"about":[{"href":"https:\/\/www.ultimobaile.com\/index.php?rest_route=\/wp\/v2\/types\/post"}],"author":[{"embeddable":true,"href":"https:\/\/www.ultimobaile.com\/index.php?rest_route=\/wp\/v2\/users\/2"}],"replies":[{"embeddable":true,"href":"https:\/\/www.ultimobaile.com\/index.php?rest_route=%2Fwp%2Fv2%2Fcomments&post=1741"}],"version-history":[{"count":5,"href":"https:\/\/www.ultimobaile.com\/index.php?rest_route=\/wp\/v2\/posts\/1741\/revisions"}],"predecessor-version":[{"id":4336,"href":"https:\/\/www.ultimobaile.com\/index.php?rest_route=\/wp\/v2\/posts\/1741\/revisions\/4336"}],"wp:attachment":[{"href":"https:\/\/www.ultimobaile.com\/index.php?rest_route=%2Fwp%2Fv2%2Fmedia&parent=1741"}],"wp:term":[{"taxonomy":"category","embeddable":true,"href":"https:\/\/www.ultimobaile.com\/index.php?rest_route=%2Fwp%2Fv2%2Fcategories&post=1741"},{"taxonomy":"post_tag","embeddable":true,"href":"https:\/\/www.ultimobaile.com\/index.php?rest_route=%2Fwp%2Fv2%2Ftags&post=1741"}],"curies":[{"name":"wp","href":"https:\/\/api.w.org\/{rel}","templated":true}]}}