{"id":1708,"date":"2009-09-01T06:02:12","date_gmt":"2009-09-01T09:02:12","guid":{"rendered":"http:\/\/www.ultimobaile.com\/?p=1708"},"modified":"2025-12-24T13:03:38","modified_gmt":"2025-12-24T16:03:38","slug":"com-muita-sede-ao-poste","status":"publish","type":"post","link":"https:\/\/www.ultimobaile.com\/?p=1708","title":{"rendered":"Com muita sede ao Po(s)te"},"content":{"rendered":"<div id=\"attachment_1710\" style=\"width: 284px\" class=\"wp-caption aligncenter\"><img loading=\"lazy\" decoding=\"async\" aria-describedby=\"caption-attachment-1710\" class=\"size-full wp-image-1710\" title=\"novocoronel1_34\" src=\"https:\/\/www.ultimobaile.com\/wp-content\/uploads\/2009\/08\/novocoronel1_34.jpg\" alt=\"O apressado queima a l\u00edngua...\" width=\"274\" height=\"300\" \/><p id=\"caption-attachment-1710\" class=\"wp-caption-text\">O apressado queima a l\u00edngua...<\/p><\/div>\n<p>Do<a href=\"http:\/\/www.bahianoticias.com.br\/noticias\/noticia\/2009\/08\/29\/46470,geddel-acusado-de-cometer-crime-eleitoral.html\" target=\"_blank\"> Bahia Not\u00edcias<\/a>, de Samuel Celestino:<\/p>\n<blockquote><p><span style=\"font-family: arial; font-size: small;\"><span> <\/span><\/span><\/p>\n<h5 style=\"font-family: Verdana, Arial, Helvetica, sans-serif; font-size: 15px; outline-width: 0px; outline-style: initial; outline-color: initial; vertical-align: baseline; background-image: initial; background-repeat: initial; background-attachment: initial; -webkit-background-clip: initial; -webkit-background-origin: initial; background-color: transparent; color: #348534; font-weight: bold; text-align: justify; padding: 0px; margin: 0px;\"><a style=\"font-family: arial; font-size: 15px; outline-width: 0px; outline-style: initial; outline-color: initial; vertical-align: baseline; background-image: initial; background-repeat: initial; background-attachment: initial; -webkit-background-clip: initial; -webkit-background-origin: initial; background-color: transparent; text-decoration: none; color: #518a51; font-weight: bold; background-position: initial initial; padding: 0px; margin: 0px; border: 0px initial initial;\" href=\"http:\/\/www.bahianoticias.com.br\/noticias\/noticia\/2009\/08\/29\/46470,geddel-acusado-de-cometer-crime-eleitoral.html#\">GEDDEL ACUSADO DE COMETER CRIME ELEITORAL<\/a><\/h5>\n<p style=\"text-align: justify;\"><span style=\"font-size: 12px; outline-width: 0px; outline-style: initial; outline-color: initial; vertical-align: baseline; background-image: initial; background-repeat: initial; background-attachment: initial; -webkit-background-clip: initial; -webkit-background-origin: initial; font-family: Arial; background-color: transparent; padding: 0px; margin: 0px;\">O Minist\u00e9rio P\u00fablico Eleitoral da Bahia est\u00e1 investigando suposta propaganda eleitoral antecipada do ministro da Integra\u00e7\u00e3o Nacional, Geddel Vieira Lima (PMDB).\u00a0O procurador regional eleitoral, Cl\u00e1udio Gusm\u00e3o, instaurou procedimento administrativo com base em den\u00fancia, encaminhada ao Minist\u00e9rio P\u00fablico, de um eleitor que recebeu em casa a edi\u00e7\u00e3o n\u00b0 6 do jornal \u201c\u00c9 o 15\u201d, do PMDB. O procurador, que vai examinar tamb\u00e9m a edi\u00e7\u00e3o n\u00b0 7 do mesma publica\u00e7\u00e3o, disse que, na segunda-feira, pode entrar com a\u00e7\u00e3o na Justi\u00e7a. <\/span><span style=\"font-size: 12px; outline-width: 0px; outline-style: initial; outline-color: initial; vertical-align: baseline; background-image: initial; background-repeat: initial; background-attachment: initial; -webkit-background-clip: initial; -webkit-background-origin: initial; font-family: Arial; background-color: transparent; padding: 0px; margin: 0px;\">\u201cQuero saber do partido qual o crit\u00e9rio que ele tem para distribuir os jornais. Uma coisa \u00e9 um p\u00fablico no \u00e2mbito do partido, o que \u00e9 admitido. Outra \u00e9 uma distribui\u00e7\u00e3o indiscriminada\u201d, ressaltou Gusm\u00e3o. <\/span><span style=\"font-size: 12px; outline-width: 0px; outline-style: initial; outline-color: initial; vertical-align: baseline; background-image: initial; background-repeat: initial; background-attachment: initial; -webkit-background-clip: initial; -webkit-background-origin: initial; font-family: Arial; background-color: transparent; padding: 0px; margin: 0px;\">A \u00faltima edi\u00e7\u00e3o do jornal, de oito p\u00e1ginas, traz diversas mat\u00e9rias sobre a candidatura do ministro. \u201cGeddel \u00e9 a esperan\u00e7a de uma Bahia melhor\u201d, prega a manchete. \u201cA candidatura do ministro da Integra\u00e7\u00e3o Nacional, Geddel Vieira Lima, ao governo da Bahia tem ganhado ainda mais for\u00e7a. Em viagens que tem feito ao interior do estado, \u00e9 forte a mobiliza\u00e7\u00e3o popular a favor de seu nome para governar o estado\u201d, afirma o texto. As informa\u00e7\u00f5es s\u00e3o do Jornal A Tarde.<\/span><\/p>\n<\/blockquote>\n<p style=\"text-align: justify;\">Isso sem falar nos adesivos &#8220;T\u00f4 com Geddel&#8221; (na certa, uma propaganda em prol da gripe su\u00edna&#8230;), e dos <em>out-doors<\/em> espalhados por Salvador e pelo interior do estado.<\/p>\n<p style=\"text-align: justify;\">Por falar nisso, aproveito para dizer que a propalada for\u00e7a de Geddel no interior est\u00e1 por ser vista. &#8220;Que interior?&#8221;, perguntei a um conviva recentemente. &#8220;O Rec\u00f4ncavo!&#8221;, respondeu-me em p\u00e2nico.<\/p>\n<p style=\"text-align: justify;\">Festa da Boa Morte, em Cachoeira, este ano. Faixas de loas ao Governador, incentivando sua empreitada de transformar a Bacia do Paragua\u00e7\u00fa em patrim\u00f4nio hist\u00f3rico mundial. Algumas faixas criticando um certo historiador local ligado ao PMDB. E muita reclama\u00e7\u00e3o oral quanto ao Prefeito, Tato, do PMDB, que n\u00e3o s\u00f3 n\u00e3o deu as caras como tentou proibir o Samba de Suerdick, tradicional folguedo da internacionalmente conhecida festa, por causa &#8220;da gripe su\u00edna&#8221;.<\/p>\n<p>De \u00faltima hora, desistiu da su\u00edna id\u00e9ia &#8211; e samba de roda houve.<\/p>\n","protected":false},"excerpt":{"rendered":"<p>Do Bahia Not\u00edcias, de Samuel Celestino: GEDDEL ACUSADO DE COMETER CRIME ELEITORAL O Minist\u00e9rio P\u00fablico Eleitoral da Bahia est\u00e1 investigando suposta propaganda eleitoral antecipada do ministro da Integra\u00e7\u00e3o Nacional, Geddel Vieira Lima (PMDB).\u00a0O procurador regional eleitoral, Cl\u00e1udio Gusm\u00e3o, instaurou procedimento administrativo com base em den\u00fancia, encaminhada ao Minist\u00e9rio P\u00fablico, de [&hellip;]<\/p>\n","protected":false},"author":2,"featured_media":0,"comment_status":"closed","ping_status":"open","sticky":false,"template":"","format":"standard","meta":{"footnotes":""},"categories":[9],"tags":[20,285,821,149,634,122,15],"class_list":["post-1708","post","type-post","status-publish","format-standard","hentry","category-01viver","tag-bahia","tag-brasil","tag-eleicoes-2010","tag-geddel-vieira-lima","tag-neo-carlismo","tag-pmdb","tag-salvador"],"_links":{"self":[{"href":"https:\/\/www.ultimobaile.com\/index.php?rest_route=\/wp\/v2\/posts\/1708","targetHints":{"allow":["GET"]}}],"collection":[{"href":"https:\/\/www.ultimobaile.com\/index.php?rest_route=\/wp\/v2\/posts"}],"about":[{"href":"https:\/\/www.ultimobaile.com\/index.php?rest_route=\/wp\/v2\/types\/post"}],"author":[{"embeddable":true,"href":"https:\/\/www.ultimobaile.com\/index.php?rest_route=\/wp\/v2\/users\/2"}],"replies":[{"embeddable":true,"href":"https:\/\/www.ultimobaile.com\/index.php?rest_route=%2Fwp%2Fv2%2Fcomments&post=1708"}],"version-history":[{"count":3,"href":"https:\/\/www.ultimobaile.com\/index.php?rest_route=\/wp\/v2\/posts\/1708\/revisions"}],"predecessor-version":[{"id":1712,"href":"https:\/\/www.ultimobaile.com\/index.php?rest_route=\/wp\/v2\/posts\/1708\/revisions\/1712"}],"wp:attachment":[{"href":"https:\/\/www.ultimobaile.com\/index.php?rest_route=%2Fwp%2Fv2%2Fmedia&parent=1708"}],"wp:term":[{"taxonomy":"category","embeddable":true,"href":"https:\/\/www.ultimobaile.com\/index.php?rest_route=%2Fwp%2Fv2%2Fcategories&post=1708"},{"taxonomy":"post_tag","embeddable":true,"href":"https:\/\/www.ultimobaile.com\/index.php?rest_route=%2Fwp%2Fv2%2Ftags&post=1708"}],"curies":[{"name":"wp","href":"https:\/\/api.w.org\/{rel}","templated":true}]}}