{"id":1705,"date":"2009-08-31T07:04:28","date_gmt":"2009-08-31T10:04:28","guid":{"rendered":"http:\/\/www.ultimobaile.com\/?p=1705"},"modified":"2025-12-24T13:03:38","modified_gmt":"2025-12-24T16:03:38","slug":"quase-como-voar","status":"publish","type":"post","link":"https:\/\/www.ultimobaile.com\/?p=1705","title":{"rendered":"Quase Como Voar*"},"content":{"rendered":"<blockquote>\n<p style=\"font-size: 1.05em; text-align: justify;\"><img loading=\"lazy\" decoding=\"async\" class=\"aligncenter size-full wp-image-1706\" title=\"bike\" src=\"https:\/\/www.ultimobaile.com\/wp-content\/uploads\/2009\/08\/bike.jpg\" alt=\"bike\" width=\"360\" height=\"270\" srcset=\"https:\/\/www.ultimobaile.com\/wp-content\/uploads\/2009\/08\/bike.jpg 360w, https:\/\/www.ultimobaile.com\/wp-content\/uploads\/2009\/08\/bike-300x225.jpg 300w\" sizes=\"auto, (max-width: 360px) 100vw, 360px\" \/><\/p>\n<p style=\"font-size: 1.05em; text-align: justify;\">Certos dias pedalar torna-se um pouco mais inspirador. Alcan\u00e7ar a rua depois de subir a rampa da garagem vira um momento m\u00e1gico, um pequeno milagre da inventividade humana. Atrav\u00e9s de uma m\u00e1quina simples leve e silenciosa o asfalto desliza abaixo e o ritmo constante da pedalada mostra-se t\u00e3o natural que a jun\u00e7\u00e3o das pernas com os pedais fica absolutamente impercept\u00edvel.<\/p>\n<p style=\"font-size: 1.05em; text-align: justify;\">Nada mais passa a existir, o tr\u00e2nsito motorizado no feriado paulistano mostra-se benevolente. Um certo vazio toma conta das ruas em um dia que mistura um pouco da sensa\u00e7\u00e3o de ser s\u00e1bado e ao mesmo tempo traz consigo um ar de domingo, mesmo sendo uma quinta-feira.<\/p>\n<p style=\"font-size: 1.05em; text-align: justify;\">Movendo-se pelas pr\u00f3prias for\u00e7as e t\u00e3o velozmente, pedalar na cidade \u00e9 ao mesmo tempo fazer parte do ambiente e passar desapercebido por ele. \u00c9 como planar em \u00eaxtase absolutamente livre t\u00e3o leve como se os pedais fossem asas. Ainda que haja um pouco de ar e borracha em eterno contato com o ch\u00e3o, os p\u00e9s giram fren\u00e9ticamente acima, sem nunca tocar o asfalto.<\/p>\n<p style=\"font-size: 1.05em; text-align: justify;\">Certos dias &#8211; em todos? &#8211; pedalar \u00e9 como ter asas nos p\u00e9s, ser um pouco como Hermes. A bicicleta transforma quem a usa um pouco mensageiro dos deuses.<\/p>\n<\/blockquote>\n<p style=\"text-align: center;\"><object classid=\"clsid:d27cdb6e-ae6d-11cf-96b8-444553540000\" width=\"425\" height=\"344\" codebase=\"http:\/\/download.macromedia.com\/pub\/shockwave\/cabs\/flash\/swflash.cab#version=6,0,40,0\"><param name=\"allowFullScreen\" value=\"true\" \/><param name=\"allowscriptaccess\" value=\"always\" \/><param name=\"src\" value=\"http:\/\/www.youtube.com\/v\/Nib4ureoZmQ&amp;hl=pt-br&amp;fs=1&amp;\" \/><param name=\"allowfullscreen\" value=\"true\" \/><embed type=\"application\/x-shockwave-flash\" width=\"425\" height=\"344\" src=\"http:\/\/www.youtube.com\/v\/Nib4ureoZmQ&amp;hl=pt-br&amp;fs=1&amp;\" allowscriptaccess=\"always\" allowfullscreen=\"true\"><\/embed><\/object><\/p>\n<h4>*texto do blog <a href=\"http:\/\/blog.transporteativo.org.br\/2009\/07\/10\/quase-como-voar\/\" target=\"_blank\">TransporteAtivo<\/a>, de Jo\u00e3o Guilherme Lacerda &#8211; j\u00e1 hoje um cl\u00e1ssico do cicloativismo.<\/h4>\n","protected":false},"excerpt":{"rendered":"<p>Certos dias pedalar torna-se um pouco mais inspirador. Alcan\u00e7ar a rua depois de subir a rampa da garagem vira um momento m\u00e1gico, um pequeno milagre da inventividade humana. Atrav\u00e9s de uma m\u00e1quina simples leve e silenciosa o asfalto desliza abaixo e o ritmo constante da pedalada mostra-se t\u00e3o natural que [&hellip;]<\/p>\n","protected":false},"author":2,"featured_media":0,"comment_status":"closed","ping_status":"open","sticky":false,"template":"","format":"standard","meta":{"footnotes":""},"categories":[919],"tags":[889,991,888],"class_list":["post-1705","post","type-post","status-publish","format-standard","hentry","category-01flanar","tag-bicicleta","tag-cicloativismo","tag-mobilidade-urbana"],"_links":{"self":[{"href":"https:\/\/www.ultimobaile.com\/index.php?rest_route=\/wp\/v2\/posts\/1705","targetHints":{"allow":["GET"]}}],"collection":[{"href":"https:\/\/www.ultimobaile.com\/index.php?rest_route=\/wp\/v2\/posts"}],"about":[{"href":"https:\/\/www.ultimobaile.com\/index.php?rest_route=\/wp\/v2\/types\/post"}],"author":[{"embeddable":true,"href":"https:\/\/www.ultimobaile.com\/index.php?rest_route=\/wp\/v2\/users\/2"}],"replies":[{"embeddable":true,"href":"https:\/\/www.ultimobaile.com\/index.php?rest_route=%2Fwp%2Fv2%2Fcomments&post=1705"}],"version-history":[{"count":1,"href":"https:\/\/www.ultimobaile.com\/index.php?rest_route=\/wp\/v2\/posts\/1705\/revisions"}],"predecessor-version":[{"id":1707,"href":"https:\/\/www.ultimobaile.com\/index.php?rest_route=\/wp\/v2\/posts\/1705\/revisions\/1707"}],"wp:attachment":[{"href":"https:\/\/www.ultimobaile.com\/index.php?rest_route=%2Fwp%2Fv2%2Fmedia&parent=1705"}],"wp:term":[{"taxonomy":"category","embeddable":true,"href":"https:\/\/www.ultimobaile.com\/index.php?rest_route=%2Fwp%2Fv2%2Fcategories&post=1705"},{"taxonomy":"post_tag","embeddable":true,"href":"https:\/\/www.ultimobaile.com\/index.php?rest_route=%2Fwp%2Fv2%2Ftags&post=1705"}],"curies":[{"name":"wp","href":"https:\/\/api.w.org\/{rel}","templated":true}]}}