{"id":169,"date":"2008-09-10T23:42:54","date_gmt":"2008-09-11T02:42:54","guid":{"rendered":"http:\/\/www.ultimobaile.com\/?p=169"},"modified":"2025-12-24T13:03:57","modified_gmt":"2025-12-24T16:03:57","slug":"baile-esquema-novo-deste-sabado-tem-pedro-ponde-e-montage-descotecando","status":"publish","type":"post","link":"https:\/\/www.ultimobaile.com\/?p=169","title":{"rendered":"Baile Esquema Novo deste s\u00e1bado tem Pedro Pond\u00e9 e Montage descotecando"},"content":{"rendered":"<p style=\"text-align: justify;\">\n<div id=\"attachment_196\" style=\"width: 510px\" class=\"wp-caption aligncenter\"><a href=\"https:\/\/www.ultimobaile.com\/wp-content\/uploads\/2008\/09\/baileesquemanovo.jpg\"><img loading=\"lazy\" decoding=\"async\" aria-describedby=\"caption-attachment-196\" class=\"size-full wp-image-196\" title=\"Baile Esquema Novo - com Pedro Pond\u00e9 e Montage\" src=\"https:\/\/www.ultimobaile.com\/wp-content\/uploads\/2008\/09\/baileesquemanovo.jpg\" alt=\"Baile Esquema Novo: radicalmente ecl\u00e9tico, ter\u00e1 l\u00edderes de O C\u00edrculo e Montage discotecando neste s\u00e1bado.\" width=\"500\" height=\"707\" srcset=\"https:\/\/www.ultimobaile.com\/wp-content\/uploads\/2008\/09\/baileesquemanovo.jpg 500w, https:\/\/www.ultimobaile.com\/wp-content\/uploads\/2008\/09\/baileesquemanovo-212x300.jpg 212w\" sizes=\"auto, (max-width: 500px) 100vw, 500px\" \/><\/a><p id=\"caption-attachment-196\" class=\"wp-caption-text\">Baile Esquema Novo: radicalmente ecl\u00e9tico, ter\u00e1 l\u00edderes de O C\u00edrculo e Montage discotecando neste s\u00e1bado.<\/p><\/div>\n<p style=\"text-align: justify;\">O <a href=\"http:\/\/www.orkut.com.br\/Main#Community.aspx?cmm=36660487\" target=\"_blank\">Baile Esquema Novo<\/a> promove uma noite de estr\u00e9ias nesse s\u00e1bado, dia 13 de setembro, a partir das 23 horas, na Boomerangue. Na festa em que o brega, o chique, o cl\u00e1ssico e o hit se encontram, os DJs el Cabong e camilofr\u00f3es recebem um time de respeito com do melhor do samba, rock, samba-roque, glamour e xibiatagem. Entre os convidados est\u00e1 Daniel Peixoto, vocalista da banda cearense Montage, que discoteca pela primeira vez em Salvador. Outro convidado especial \u00e9 Pedro Pond\u00e9, do grupo O C\u00edrculo, estreando como DJ. Completam a noite o experiente a DJ Preta e Big Bross, mostrando pela primeira vez no Baile sua faceta de m\u00fasica brasileira. Os ingressos custam R$12,00, sem consuma\u00e7\u00e3o m\u00ednima.<\/p>\n<p style=\"text-align: justify;\"><a href=\"http:\/\/br.youtube.com\/watch?v=nuDPIJIA7Lc\" target=\"_blank\">Montage<\/a> \u00e9 o tipo de banda que eu digo que \u00e9 t\u00e3o ruim, mas t\u00e3o ruim, que \u00e9 bom &#8211; ou t\u00e3o sem no\u00e7\u00e3o que funciona. Daniel \u00e9 uma bicha seca man\u00edaca loira-a-pulso que grita em cima do palco conclamando os ouvintes a frazerem suruba com ele, enquanto geme e tira a roupa &#8211; ao fundo, sampler de Kraftwerk e uma guitarra suja e mal-tocada. Seu gosto musical, como DJ, deve ser pra l\u00e1 de inusitado.<\/p>\n<p style=\"text-align: justify;\">J\u00e1 <strong>Pedro Pond\u00e9<\/strong>, d&#8217;<a href=\"http:\/\/www.myspace.com\/ocirculo\" target=\"_blank\">O C\u00edrculo<\/a>, \u00e9 autor do que eu chamo &#8211; num ensaio que deve concorrer no pr\u00f3ximo concurso de textos sobre m\u00fasica popular brasileira da <a href=\"http:\/\/www.guemanisse.com.br\/content\/view\/120\/52\/\" target=\"_blank\">Editora Guemanisse<\/a> &#8211; de &#8220;Hino do p\u00f3s-axezismo&#8221;: <span style=\"text-decoration: underline;\">Depois de Ver<\/span> (<em>mas era s\u00f3 um lado do mundo \/ o outro eu desconhecia \/ eu s\u00f3 cheguei a mim mesmo \/ depois de ver \/ que&#8230;<\/em>). Diz que sua banda (j\u00e1 estourada no Rio de Janeiro, Goiania, Brasilia, e outros lugares pelas vias nem t\u00e3o off-circuit assim) n\u00e3o faz rock, mas Rock Popular Brasileiro: e regrava Caetano e Chico com riffs zepelinianos. Apetitosamente m\u00e1sculo, seu (bom) gosto musical como DJ, \u00e9 o que podemos supor. (se voc\u00ea n\u00e3o conhece <strong>O C\u00edrculo<\/strong> ainda, ou\u00e7a tamb\u00e9m no MySpace deles outra pequena obra-prima: <span style=\"text-decoration: underline;\">A Janela<\/span>.)<\/p>\n<p style=\"text-align: justify;\">Vai ser (mais) um Esquema Novo hist\u00f3rico! O Esquema Novo \u00e9 A festa do p\u00f3s-axezismo. Outras festas que s\u00f3 tocam musica brasileira, Brasil a fora, h\u00e1: nenhuma delas \u00e9 baiana &#8211; nenhuma delas toca Armandinho Macedo com A Cor do Som, ou Lu\u00eds Caldas, ou samba-duro do Rec\u00f4ncavo, entre um Chico Buarque e um Jorge Ben. S\u00f3 o Esquema. \u00c9 pena, mas esse terei de perder&#8230; <\/p>\n<p style=\"text-align: justify;\">\n<p style=\"text-align: justify;\">BAILE ESQUEMA NOVO<br \/>\ncom<br \/>\nEl Cabong (a.k.a.: Luciano Matos)<br \/>\nCamiloFr\u00f3es<br \/>\nDaniel Peixoto (Montage)<br \/>\nPedro Pond\u00e9 (O C\u00edrculo)<br \/>\nBig Bross<br \/>\nPreta<br \/>\n13 de setembro<br \/>\n23h (capirinha dobrada at\u00e9 1h)<br \/>\nR$12 &#8211; sem consuma\u00e7\u00e3o m\u00ednima obrigat\u00f3ria<br \/>\nBoomerangue &#8211; Rua da Paci\u00eancia, 307 &#8211; Rio Vermelho<\/p>\n<p style=\"text-align: justify;\">S\u00e3o Salvador da Bahia de Todos os Santos<\/p>\n","protected":false},"excerpt":{"rendered":"<p>O Baile Esquema Novo promove uma noite de estr\u00e9ias nesse s\u00e1bado, dia 13 de setembro, a partir das 23 horas, na Boomerangue. Na festa em que o brega, o chique, o cl\u00e1ssico e o hit se encontram, os DJs el Cabong e camilofr\u00f3es recebem um time de respeito com do [&hellip;]<\/p>\n","protected":false},"author":2,"featured_media":0,"comment_status":"closed","ping_status":"open","sticky":false,"template":"","format":"standard","meta":{"footnotes":""},"categories":[11,12,9],"tags":[79,78,74,84,83,75,76,82,80,81,77,15],"class_list":["post-169","post","type-post","status-publish","format-standard","hentry","category-01beber","category-01ver","category-01viver","tag-anti-axezismo","tag-axezismo","tag-baile","tag-camilo-froes","tag-daniel-peixoto","tag-esquema-novo","tag-festa","tag-montage","tag-o-circulo","tag-pedro-ponde","tag-pos-axezismo","tag-salvador"],"_links":{"self":[{"href":"https:\/\/www.ultimobaile.com\/index.php?rest_route=\/wp\/v2\/posts\/169","targetHints":{"allow":["GET"]}}],"collection":[{"href":"https:\/\/www.ultimobaile.com\/index.php?rest_route=\/wp\/v2\/posts"}],"about":[{"href":"https:\/\/www.ultimobaile.com\/index.php?rest_route=\/wp\/v2\/types\/post"}],"author":[{"embeddable":true,"href":"https:\/\/www.ultimobaile.com\/index.php?rest_route=\/wp\/v2\/users\/2"}],"replies":[{"embeddable":true,"href":"https:\/\/www.ultimobaile.com\/index.php?rest_route=%2Fwp%2Fv2%2Fcomments&post=169"}],"version-history":[{"count":9,"href":"https:\/\/www.ultimobaile.com\/index.php?rest_route=\/wp\/v2\/posts\/169\/revisions"}],"predecessor-version":[{"id":4506,"href":"https:\/\/www.ultimobaile.com\/index.php?rest_route=\/wp\/v2\/posts\/169\/revisions\/4506"}],"wp:attachment":[{"href":"https:\/\/www.ultimobaile.com\/index.php?rest_route=%2Fwp%2Fv2%2Fmedia&parent=169"}],"wp:term":[{"taxonomy":"category","embeddable":true,"href":"https:\/\/www.ultimobaile.com\/index.php?rest_route=%2Fwp%2Fv2%2Fcategories&post=169"},{"taxonomy":"post_tag","embeddable":true,"href":"https:\/\/www.ultimobaile.com\/index.php?rest_route=%2Fwp%2Fv2%2Ftags&post=169"}],"curies":[{"name":"wp","href":"https:\/\/api.w.org\/{rel}","templated":true}]}}