{"id":1688,"date":"2009-08-29T11:43:51","date_gmt":"2009-08-29T14:43:51","guid":{"rendered":"http:\/\/www.ultimobaile.com\/?p=1688"},"modified":"2025-12-24T13:03:38","modified_gmt":"2025-12-24T16:03:38","slug":"rene-clair-na-sala-walter","status":"publish","type":"post","link":"https:\/\/www.ultimobaile.com\/?p=1688","title":{"rendered":"Ren\u00e9 Clair na Sala Walter"},"content":{"rendered":"<div>\n<div>.<\/div>\n<div>\n<div id=\"attachment_1689\" style=\"width: 610px\" class=\"wp-caption aligncenter\"><img loading=\"lazy\" decoding=\"async\" aria-describedby=\"caption-attachment-1689\" class=\"size-full wp-image-1689\" title=\"Ren\u00e9Clair\" src=\"https:\/\/www.ultimobaile.com\/wp-content\/uploads\/2009\/08\/Ren\u00e9Clair.jpg\" alt=\"Sob os Tetos de Paris\" width=\"600\" height=\"398\" srcset=\"https:\/\/www.ultimobaile.com\/wp-content\/uploads\/2009\/08\/Ren\u00e9Clair.jpg 600w, https:\/\/www.ultimobaile.com\/wp-content\/uploads\/2009\/08\/Ren\u00e9Clair-300x199.jpg 300w\" sizes=\"auto, (max-width: 600px) 100vw, 600px\" \/><p id=\"caption-attachment-1689\" class=\"wp-caption-text\">Sob os Tetos de Paris<\/p><\/div>\n<\/div>\n<\/div>\n<p style=\"text-align: justify;\">Esta semana a Sala Walter da Silveira exibe dois longas em 16mm do mestre do Realismo Po\u00e9tico, Ren\u00e9 Clair.<\/p>\n<p style=\"text-align: justify;\">Clair talvez seja o mais influente cineasta da Gera\u00e7\u00e3o Path\u00e9, fora da Fran\u00e7a. <em>Tempos Modernos<\/em>, de Charles Chaplin, \u00e9 evidentemente inspirado em <em>A N\u00f3s A Liberdade<\/em> <em>\u00a0<\/em>(veja trecho em v\u00eddeo abaixo), obra-prima de Clair, e Buster Keaton se dizia admirador dele.<\/p>\n<p style=\"text-align: justify;\">Este xibieteiro que vos batuca tem especial gosto por Clair, <a href=\"https:\/\/www.ultimobaile.com\/?p=1145\" target=\"_blank\">como j\u00e1 disse alhures<\/a>. Quando o assisti pelas primeiras vezes achava que faltava algo: nem o rigor geom\u00e9trico de Murnau, nem o dram\u00e1tico de Fritz Lang, nem a interpreta\u00e7\u00e3o j\u00e1 p\u00f3s-moderna de Keaton ou a investiga\u00e7\u00e3o da rela\u00e7\u00e3o imagem-som que Chaplin fez. Clair ficava no meio do caminho entre o teatro-filmado de <a href=\"http:\/\/www.youtube.com\/watch?v=gYJKUiSHCR0\" target=\"_blank\">Sacha Guitry<\/a> e os devaneios art-nouveau de <a href=\"http:\/\/www.youtube.com\/watch?v=O-K4xq2p_-4\" target=\"_blank\">Marcel Carn\u00e9<\/a> e <a href=\"http:\/\/www.youtube.com\/watch?v=T_yo4TBRxVg\" target=\"_blank\">Jean Renoir<\/a>. Ainda era pouco &#8220;americano&#8221; se comparado com Ren\u00e9 Cl\u00e9ment. E n\u00e3o tinha a subvers\u00e3o anarquista de Jean <a href=\"http:\/\/www.youtube.com\/watch?v=KlJmH_yhu4A\" target=\"_blank\">Vigo<\/a>. (<strong>pausa dram\u00e1tica:<\/strong> n\u00e3o deixe de clicar no link em Vigo e assistir o trecho de <em>Zero de Conduta<\/em>: como um filme sobre o servi\u00e7o militar obrigat\u00f3rio, em preto&amp;branco, pode ter cenas t\u00e3o sublimes?! \u00c9 como se Walt Disney fosse a guerra! Como se Hayaio Miasaky abrisse m\u00e3o das cores! Vigo nunca ser\u00e1 louvado em excesso).<\/p>\n<p style=\"text-align: justify;\">Me parecia um cineasta &#8220;de menos&#8221;. S\u00f3 que, de tanto v\u00ea-lo, e de tanto ver Trufaut elogi\u00e1-lo, comecei a perceber nele um cineasta &#8220;a mais&#8221;. Diria Humberto Eco que se trata de um &#8220;ornitorrinco&#8221;: antes de ser um pato sem penas, \u00e9 uma foca com bico de pato. Al\u00e9m de ser o \u00fanico de sua gera\u00e7\u00e3o em que o t\u00edtulo de Realismo Po\u00e9tico incide mais em Realismo e menos em Po\u00e9tico.<\/p>\n<p style=\"text-align: center;\"><object classid=\"clsid:d27cdb6e-ae6d-11cf-96b8-444553540000\" width=\"425\" height=\"344\" codebase=\"http:\/\/download.macromedia.com\/pub\/shockwave\/cabs\/flash\/swflash.cab#version=6,0,40,0\"><param name=\"allowFullScreen\" value=\"true\" \/><param name=\"allowscriptaccess\" value=\"always\" \/><param name=\"src\" value=\"http:\/\/www.youtube.com\/v\/dBj1r2P3VNY&amp;hl=pt-br&amp;fs=1&amp;\" \/><param name=\"allowfullscreen\" value=\"true\" \/><embed type=\"application\/x-shockwave-flash\" width=\"425\" height=\"344\" src=\"http:\/\/www.youtube.com\/v\/dBj1r2P3VNY&amp;hl=pt-br&amp;fs=1&amp;\" allowfullscreen=\"true\" allowscriptaccess=\"always\"><\/embed><\/object><\/p>\n<p style=\"text-align: justify;\">Assim, considero imperd\u00edvel, embora sejam apenas dois filmes de menor express\u00e3o. Irei amanh\u00e3, como sem falta. Acompanhe pelo calend\u00e1rio aqui ao lado, ou pela\u00a0<a href=\"http:\/\/www.dimas.ba.gov.br\/2008.1\/sala_walter\/2009.08\/09.08.28.htm\" target=\"_blank\">programa\u00e7\u00e3o<\/a> aqui abaixo:<\/p>\n<blockquote>\n<p style=\"text-decoration: none; color: #666666; font-size: 14px; font-family: Verdana, Arial, Helvetica, sans-serif; text-align: justify;\"><span style=\"font-size: 11px; font-family: Arial, Helvetica, sans-serif; color: #ff0000; text-decoration: none;\"><strong>17h30 <\/strong><\/span><span style=\"color: #ff0000; font-weight: bold;\"><br \/>\n<\/span><span style=\"font-size: 11px; font-family: Arial, Helvetica, sans-serif; color: #333333; text-decoration: none;\"><img loading=\"lazy\" decoding=\"async\" style=\"border: initial none initial;\" src=\"http:\/\/www.dimas.ba.gov.br\/images\/Por-ternura-tamb%C3%A9m-se-mata_pag.jpg\" alt=\"\" width=\"170\" height=\"110\" \/><span style=\"color: #ff0000;\"><strong>Por ternura tamb\u00e9m se mata (Porte des lil\u00e1s<em>, <\/em>Fran\u00e7a, 1956)<br \/>\nDire\u00e7\u00e3o: Ren\u00e9 Clair <\/strong><\/span><br \/>\n<strong>Dura\u00e7\u00e3o:<\/strong> 96 min.<br \/>\n<strong>Elenco:<\/strong> Dany Carrel, Georges Brassens, Henri Vidal, Pierre Brasseur<br \/>\n<strong>Censura:<\/strong> Livre<br \/>\n<strong>Formato:<\/strong> 16 mm<\/span><br \/>\n<span style=\"font-size: 11px; font-family: Arial, Helvetica, sans-serif; color: #333333; text-decoration: none;\"><strong>Sinopse &#8211;<\/strong> Juju, solteir\u00e3o bo\u00eamio, vive em Porte des Lilas (bairro de Paris). Certo dia, fugindo da pol\u00edcia, um bandido se refugia em sua casa. Maria, sua grande paix\u00e3o, descobre a presen\u00e7a do foragido e vai visit\u00e1-lo. Este se aproveita de sua ingenuidade rom\u00e2ntica e a conquista. Ela consegue dinheiro para sua fuga e sofre uma grande desilus\u00e3o.<\/span><\/p>\n<p style=\"text-decoration: none; color: #666666; font-size: 14px; font-family: Verdana, Arial, Helvetica, sans-serif; text-align: justify;\"><span style=\"font-size: 11px; font-family: Arial, Helvetica, sans-serif; color: #333333; text-decoration: none;\">.<\/span><\/p>\n<p style=\"text-decoration: none; color: #f3f3f3; text-align: justify;\"><span style=\"font-size: 11px; font-family: Arial, Helvetica, sans-serif; color: #ff0000; text-decoration: none;\"><strong>20h<\/strong> <strong>(Exceto dia 02 de setembro, \u00e9 dedicada ao projeto Quartas Baianas)<\/strong><\/span><span style=\"color: #ff0000;\"><strong><br \/>\n<\/strong><\/span><img loading=\"lazy\" decoding=\"async\" style=\"border: initial none initial;\" src=\"http:\/\/www.dimas.ba.gov.br\/images\/o_milhao_pag.jpg\" alt=\"\" width=\"170\" height=\"110\" \/><span style=\"font-size: 11px; font-family: Arial, Helvetica, sans-serif; color: #333333; text-decoration: none;\"><span style=\"color: #ff0000;\"><strong>O Milh\u00e3o (Le Million, Fran\u00e7a, 1931)<br \/>\nDire\u00e7\u00e3o: Ren\u00e9 Clair <\/strong><\/span><br \/>\n<strong>Dura\u00e7\u00e3o:<\/strong> 83 min.<br \/>\n<strong>Elenco:<\/strong> Ren\u00e9 Lef\u00e8vre, Annabella, Jean-Louis Allibert, Paul Ollivier, Constantin Siroesco, Raymond Cordy, Vanda Gr\u00e9ville, Pedro Elviro, Odette Talazac, Jane Pierson<br \/>\n<strong>Censura:<\/strong> Livre<br \/>\n<strong>Formato:<\/strong> 16 mm<br \/>\n<strong>Sinopse &#8211;<\/strong> Endividado, rapaz vende seu casaco com um bilhete premiado no bolso. Desesperado atr\u00e1s do bilhete, subir\u00e1 at\u00e9 em um palco de \u00d3pera. <\/span><\/p><\/blockquote>\n","protected":false},"excerpt":{"rendered":"<p>. Esta semana a Sala Walter da Silveira exibe dois longas em 16mm do mestre do Realismo Po\u00e9tico, Ren\u00e9 Clair. Clair talvez seja o mais influente cineasta da Gera\u00e7\u00e3o Path\u00e9, fora da Fran\u00e7a. Tempos Modernos, de Charles Chaplin, \u00e9 evidentemente inspirado em A N\u00f3s A Liberdade \u00a0(veja trecho em v\u00eddeo [&hellip;]<\/p>\n","protected":false},"author":2,"featured_media":0,"comment_status":"closed","ping_status":"open","sticky":false,"template":"","format":"standard","meta":{"footnotes":""},"categories":[12,9],"tags":[20,285,26,993,994,992,712,713,213,15],"class_list":["post-1688","post","type-post","status-publish","format-standard","hentry","category-01ver","category-01viver","tag-bahia","tag-brasil","tag-cinema","tag-franca","tag-paris","tag-pathe","tag-realismo-poetico","tag-rene-clair","tag-sala-walter-da-silveira","tag-salvador"],"_links":{"self":[{"href":"https:\/\/www.ultimobaile.com\/index.php?rest_route=\/wp\/v2\/posts\/1688","targetHints":{"allow":["GET"]}}],"collection":[{"href":"https:\/\/www.ultimobaile.com\/index.php?rest_route=\/wp\/v2\/posts"}],"about":[{"href":"https:\/\/www.ultimobaile.com\/index.php?rest_route=\/wp\/v2\/types\/post"}],"author":[{"embeddable":true,"href":"https:\/\/www.ultimobaile.com\/index.php?rest_route=\/wp\/v2\/users\/2"}],"replies":[{"embeddable":true,"href":"https:\/\/www.ultimobaile.com\/index.php?rest_route=%2Fwp%2Fv2%2Fcomments&post=1688"}],"version-history":[{"count":16,"href":"https:\/\/www.ultimobaile.com\/index.php?rest_route=\/wp\/v2\/posts\/1688\/revisions"}],"predecessor-version":[{"id":4342,"href":"https:\/\/www.ultimobaile.com\/index.php?rest_route=\/wp\/v2\/posts\/1688\/revisions\/4342"}],"wp:attachment":[{"href":"https:\/\/www.ultimobaile.com\/index.php?rest_route=%2Fwp%2Fv2%2Fmedia&parent=1688"}],"wp:term":[{"taxonomy":"category","embeddable":true,"href":"https:\/\/www.ultimobaile.com\/index.php?rest_route=%2Fwp%2Fv2%2Fcategories&post=1688"},{"taxonomy":"post_tag","embeddable":true,"href":"https:\/\/www.ultimobaile.com\/index.php?rest_route=%2Fwp%2Fv2%2Ftags&post=1688"}],"curies":[{"name":"wp","href":"https:\/\/api.w.org\/{rel}","templated":true}]}}