{"id":1679,"date":"2009-08-28T02:15:11","date_gmt":"2009-08-28T05:15:11","guid":{"rendered":"http:\/\/www.ultimobaile.com\/?p=1679"},"modified":"2025-12-24T13:03:38","modified_gmt":"2025-12-24T16:03:38","slug":"o-som-das-sextas-ii","status":"publish","type":"post","link":"https:\/\/www.ultimobaile.com\/?p=1679","title":{"rendered":"O Som das Sextas &#8211; II"},"content":{"rendered":"<p style=\"text-align: justify;\"><img loading=\"lazy\" decoding=\"async\" class=\"aligncenter size-full wp-image-1680\" title=\"vanguart\" src=\"https:\/\/www.ultimobaile.com\/wp-content\/uploads\/2009\/08\/vanguart.jpg\" alt=\"vanguart\" width=\"499\" height=\"299\" srcset=\"https:\/\/www.ultimobaile.com\/wp-content\/uploads\/2009\/08\/vanguart.jpg 499w, https:\/\/www.ultimobaile.com\/wp-content\/uploads\/2009\/08\/vanguart-300x179.jpg 300w\" sizes=\"auto, (max-width: 499px) 100vw, 499px\" \/><\/p>\n<p style=\"text-align: justify;\">Porque esta semana foi minha semana mais ciclovi\u00e1ria at\u00e9 agora, indo todos os dias ver Jacques Tati de bicicleta, de minha casa no Itaigara at\u00e9 os Barris &#8211; e a\u00ed assumi que, embora eu seja <a href=\"http:\/\/blog.transporteativo.org.br\/2008\/09\/30\/ciclistas-apocalipticos-integrados\/\" target=\"_blank\">integrado<\/a> por princ\u00edpio (e no atacado), eu sou <a href=\"http:\/\/blog.transporteativo.org.br\/2009\/04\/07\/importancia-dos-apocalipticos\/\" target=\"_blank\">apocal\u00edptico<\/a> na pr\u00e1tica e no varejo.<\/p>\n<p style=\"text-align: justify;\">E se quem usa bicicleta pra transporte urbano <em>s\u00f3 acredita no sem\u00e1foro<\/em>, os apocal\u00edpticos nem nele acreditamos: sinal fechado, se for pra dobrar a esquerda ou a direita, a gente ignora at\u00e9 em via expressa de vale.<\/p>\n<p style=\"text-align: justify;\">Tamb\u00e9m, quem usa bike, <em>s\u00f3 acredita no avi\u00e3o<\/em>: porque <em>todos meus amigos, todos meus amigos, todos meus amigos &#8211; v\u00f4am!<\/em> E n\u00e3o acreditamos quando <em>o c\u00e9u borra a cor &#8211; oh minha m\u00e3o do c\u00e9u, oh meu p\u00e9 do ch\u00e3o<\/em>.<\/p>\n<p style=\"text-align: justify;\"><em>S\u00f3 acredito <\/em>mesmo \u00e9<em> no rel\u00f3gio<\/em>.<\/p>\n<p style=\"text-align: justify;\"><em>Hoje n\u00e3o \u00e9 ter\u00e7a-feira, mas o c\u00e9u se p\u00f5e debaixo do tapete &#8211; um tesouro<\/em>. E na <strong><a href=\"http:\/\/www.myspace.com\/vanguart\" target=\"_blank\">Vanguart<\/a> <\/strong>(a ador\u00e1vel banda que mistura country, moda de viola, e beatles, l\u00e1 no Mato Grosso) todo mundo pode e deve acreditar. Com voc\u00eas, uma das mais belas <strong>can\u00e7\u00f5es<\/strong> da nova gera\u00e7\u00e3o. <strong><em>Sem\u00e1foro<\/em><\/strong>:<\/p>\n<p style=\"text-align: center;\"><object classid=\"clsid:d27cdb6e-ae6d-11cf-96b8-444553540000\" width=\"425\" height=\"344\" codebase=\"http:\/\/download.macromedia.com\/pub\/shockwave\/cabs\/flash\/swflash.cab#version=6,0,40,0\"><param name=\"allowFullScreen\" value=\"true\" \/><param name=\"allowscriptaccess\" value=\"always\" \/><param name=\"src\" value=\"http:\/\/www.youtube.com\/v\/C5eSWb-P-oo&amp;hl=pt-br&amp;fs=1&amp;\" \/><param name=\"allowfullscreen\" value=\"true\" \/><embed type=\"application\/x-shockwave-flash\" width=\"425\" height=\"344\" src=\"http:\/\/www.youtube.com\/v\/C5eSWb-P-oo&amp;hl=pt-br&amp;fs=1&amp;\" allowscriptaccess=\"always\" allowfullscreen=\"true\"><\/embed><\/object><\/p>\n","protected":false},"excerpt":{"rendered":"<p>Porque esta semana foi minha semana mais ciclovi\u00e1ria at\u00e9 agora, indo todos os dias ver Jacques Tati de bicicleta, de minha casa no Itaigara at\u00e9 os Barris &#8211; e a\u00ed assumi que, embora eu seja integrado por princ\u00edpio (e no atacado), eu sou apocal\u00edptico na pr\u00e1tica e no varejo. E [&hellip;]<\/p>\n","protected":false},"author":2,"featured_media":0,"comment_status":"closed","ping_status":"open","sticky":false,"template":"","format":"standard","meta":{"footnotes":""},"categories":[933],"tags":[889,285,883,991,988,987,719,345,888,990,936,937,749,989,986],"class_list":["post-1679","post","type-post","status-publish","format-standard","hentry","category-o-retorno-da-cancao","tag-bicicleta","tag-brasil","tag-cancao","tag-cicloativismo","tag-country","tag-cuiaba","tag-folk","tag-mato-grosso","tag-mobilidade-urbana","tag-moda-de-viola","tag-morte-da-cancao","tag-retorno-da-cancao","tag-rockn-roll","tag-semaforo","tag-vanguart"],"_links":{"self":[{"href":"https:\/\/www.ultimobaile.com\/index.php?rest_route=\/wp\/v2\/posts\/1679","targetHints":{"allow":["GET"]}}],"collection":[{"href":"https:\/\/www.ultimobaile.com\/index.php?rest_route=\/wp\/v2\/posts"}],"about":[{"href":"https:\/\/www.ultimobaile.com\/index.php?rest_route=\/wp\/v2\/types\/post"}],"author":[{"embeddable":true,"href":"https:\/\/www.ultimobaile.com\/index.php?rest_route=\/wp\/v2\/users\/2"}],"replies":[{"embeddable":true,"href":"https:\/\/www.ultimobaile.com\/index.php?rest_route=%2Fwp%2Fv2%2Fcomments&post=1679"}],"version-history":[{"count":6,"href":"https:\/\/www.ultimobaile.com\/index.php?rest_route=\/wp\/v2\/posts\/1679\/revisions"}],"predecessor-version":[{"id":4343,"href":"https:\/\/www.ultimobaile.com\/index.php?rest_route=\/wp\/v2\/posts\/1679\/revisions\/4343"}],"wp:attachment":[{"href":"https:\/\/www.ultimobaile.com\/index.php?rest_route=%2Fwp%2Fv2%2Fmedia&parent=1679"}],"wp:term":[{"taxonomy":"category","embeddable":true,"href":"https:\/\/www.ultimobaile.com\/index.php?rest_route=%2Fwp%2Fv2%2Fcategories&post=1679"},{"taxonomy":"post_tag","embeddable":true,"href":"https:\/\/www.ultimobaile.com\/index.php?rest_route=%2Fwp%2Fv2%2Ftags&post=1679"}],"curies":[{"name":"wp","href":"https:\/\/api.w.org\/{rel}","templated":true}]}}