{"id":1633,"date":"2009-08-21T01:00:39","date_gmt":"2009-08-21T04:00:39","guid":{"rendered":"http:\/\/www.ultimobaile.com\/?p=1633"},"modified":"2025-12-24T13:03:38","modified_gmt":"2025-12-24T16:03:38","slug":"o-som-das-sextas","status":"publish","type":"post","link":"https:\/\/www.ultimobaile.com\/?p=1633","title":{"rendered":"O Som das Sextas &#8211; I"},"content":{"rendered":"<p style=\"text-align: justify;\"><img loading=\"lazy\" decoding=\"async\" class=\"aligncenter size-full wp-image-1634\" title=\"naurea1\" src=\"https:\/\/www.ultimobaile.com\/wp-content\/uploads\/2009\/08\/naurea1.jpg\" alt=\"naurea1\" width=\"401\" height=\"336\" srcset=\"https:\/\/www.ultimobaile.com\/wp-content\/uploads\/2009\/08\/naurea1.jpg 401w, https:\/\/www.ultimobaile.com\/wp-content\/uploads\/2009\/08\/naurea1-300x251.jpg 300w\" sizes=\"auto, (max-width: 401px) 100vw, 401px\" \/><\/p>\n<p style=\"text-align: justify;\">Porque ficou muito de meu agrado o <a href=\"https:\/\/www.ultimobaile.com\/?p=1497\" target=\"_blank\">Cartel sobre a Can\u00e7\u00e3o<\/a>, que <a href=\"https:\/\/www.ultimobaile.com\/?p=1522\" target=\"_blank\">come\u00e7ou a sair na \u00faltima sexta-feira<\/a>, e deve sair sempre \u00e0s sextas; e porque era v\u00e9spera de uma Festa de Nossa Senhora da Boa Morte, em Cachoeira, lotada\u00e7a n\u00e3o s\u00f3 l\u00e1 mas em S\u00e3o F\u00e9lix, Maragogipe, Muritiba e Santo Amaro da Purifica\u00e7\u00e3o &#8211; ver meu Rec\u00f4ncavo dando uma de &#8220;Capital do Mundo&#8221; \u00e9 cousa \u00e0 qual n\u00e3o h\u00e1 paga ou prenda.<\/p>\n<p style=\"text-align: justify;\">Por tudo isso resolvi instituir que toda sexta, aqui no blog, tem som. A n\u00e3o ser naquelas em que sair parte do Cartel. Tem som e n\u00e3o qualquer som: coisas recentes, e tem de ser can\u00e7\u00e3o. Pra, na pr\u00e1tica, mostrar qu\u00e3o viva a can\u00e7\u00e3o est\u00e1. Pra come\u00e7ar macio os fins-de-semana.<\/p>\n<p style=\"text-align: justify;\">Sugest\u00f5es de leitores ser\u00e3o quase sempre acatadas.<\/p>\n<p style=\"text-align: justify;\">Come\u00e7a ent\u00e3o com o <a href=\"http:\/\/www.myspace.com\/naurea\" target=\"_blank\"><em>Sambai\u00e3o<\/em> do <strong>Naur\u00eaa<\/strong><\/a>, direto de Aracaj\u00fa, Sergipe &#8211; essa cidade que a Bahia carinhosamente chama de &#8220;quintal&#8221;.<\/p>\n<p style=\"text-align: center;\"><object classid=\"clsid:d27cdb6e-ae6d-11cf-96b8-444553540000\" width=\"425\" height=\"344\" codebase=\"http:\/\/download.macromedia.com\/pub\/shockwave\/cabs\/flash\/swflash.cab#version=6,0,40,0\"><param name=\"allowFullScreen\" value=\"true\" \/><param name=\"allowscriptaccess\" value=\"always\" \/><param name=\"src\" value=\"http:\/\/www.youtube.com\/v\/xo3xPg5ena0&amp;hl=pt-br&amp;fs=1&amp;\" \/><param name=\"allowfullscreen\" value=\"true\" \/><embed type=\"application\/x-shockwave-flash\" width=\"425\" height=\"344\" src=\"http:\/\/www.youtube.com\/v\/xo3xPg5ena0&amp;hl=pt-br&amp;fs=1&amp;\" allowscriptaccess=\"always\" allowfullscreen=\"true\"><\/embed><\/object><\/p>\n<p style=\"text-align: justify;\"><em>Porque minha vida \u00e9 sexta-feira; minha vida \u00e9 virtual; minha vida \u00e9 forrozeira; minha vida \u00e9 carnaval; minha vida \u00e9 brinquedo de esquina; minha vida \u00e9 profissional; minha vida \u00e9 c&#8217;as minina &#8211; e quando eu me espalho no brinquedo n\u00e3o tem quem me ajunte; quando eu me espalho, quando eu dan\u00e7o, ningu\u00e9m me segura.<\/em><\/p>\n","protected":false},"excerpt":{"rendered":"<p>Porque ficou muito de meu agrado o Cartel sobre a Can\u00e7\u00e3o, que come\u00e7ou a sair na \u00faltima sexta-feira, e deve sair sempre \u00e0s sextas; e porque era v\u00e9spera de uma Festa de Nossa Senhora da Boa Morte, em Cachoeira, lotada\u00e7a n\u00e3o s\u00f3 l\u00e1 mas em S\u00e3o F\u00e9lix, Maragogipe, Muritiba e [&hellip;]<\/p>\n","protected":false},"author":2,"featured_media":0,"comment_status":"closed","ping_status":"open","sticky":false,"template":"","format":"standard","meta":{"footnotes":""},"categories":[933],"tags":[900,883,94,953,901,954,955],"class_list":["post-1633","post","type-post","status-publish","format-standard","hentry","category-o-retorno-da-cancao","tag-aracaju","tag-cancao","tag-musica","tag-naurea","tag-sergipe","tag-sexta-feira","tag-som"],"_links":{"self":[{"href":"https:\/\/www.ultimobaile.com\/index.php?rest_route=\/wp\/v2\/posts\/1633","targetHints":{"allow":["GET"]}}],"collection":[{"href":"https:\/\/www.ultimobaile.com\/index.php?rest_route=\/wp\/v2\/posts"}],"about":[{"href":"https:\/\/www.ultimobaile.com\/index.php?rest_route=\/wp\/v2\/types\/post"}],"author":[{"embeddable":true,"href":"https:\/\/www.ultimobaile.com\/index.php?rest_route=\/wp\/v2\/users\/2"}],"replies":[{"embeddable":true,"href":"https:\/\/www.ultimobaile.com\/index.php?rest_route=%2Fwp%2Fv2%2Fcomments&post=1633"}],"version-history":[{"count":6,"href":"https:\/\/www.ultimobaile.com\/index.php?rest_route=\/wp\/v2\/posts\/1633\/revisions"}],"predecessor-version":[{"id":4346,"href":"https:\/\/www.ultimobaile.com\/index.php?rest_route=\/wp\/v2\/posts\/1633\/revisions\/4346"}],"wp:attachment":[{"href":"https:\/\/www.ultimobaile.com\/index.php?rest_route=%2Fwp%2Fv2%2Fmedia&parent=1633"}],"wp:term":[{"taxonomy":"category","embeddable":true,"href":"https:\/\/www.ultimobaile.com\/index.php?rest_route=%2Fwp%2Fv2%2Fcategories&post=1633"},{"taxonomy":"post_tag","embeddable":true,"href":"https:\/\/www.ultimobaile.com\/index.php?rest_route=%2Fwp%2Fv2%2Ftags&post=1633"}],"curies":[{"name":"wp","href":"https:\/\/api.w.org\/{rel}","templated":true}]}}